{"id":1539,"date":"2025-02-17T11:18:50","date_gmt":"2025-02-17T14:18:50","guid":{"rendered":"https:\/\/www.enorsai.com\/noticias\/?p=1539"},"modified":"2025-02-17T11:18:50","modified_gmt":"2025-02-17T14:18:50","slug":"el-derrumbe-de-la-natalidad-en-argentina-una-crisis-que-golpea-a-la-educacion-inicial","status":"publish","type":"post","link":"https:\/\/www.enorsai.com\/noticias\/sociedad\/el-derrumbe-de-la-natalidad-en-argentina-una-crisis-que-golpea-a-la-educacion-inicial\/","title":{"rendered":"El derrumbe de la natalidad en Argentina: una crisis que golpea a la educaci\u00f3n inicial"},"content":{"rendered":"\n<p><\/p>\n\n\n\n<p>El sistema educativo argentino enfrenta un problema que trasciende lo pedag\u00f3gico: la ca\u00edda sostenida de la tasa de natalidad en el pa\u00eds est\u00e1 golpeando de lleno a los jardines de infantes y al nivel primario. En los \u00faltimos 15 a\u00f1os, la cantidad de alumnos por curso en la educaci\u00f3n inicial privada se desplom\u00f3 un 18,2%, reflejando una crisis demogr\u00e1fica que el Estado a\u00fan no ha sabido convertir en una oportunidad para mejorar la calidad educativa.<\/p>\n\n\n\n<p>Seg\u00fan un informe de la Asociaci\u00f3n de Institutos de Ense\u00f1anza Privada Argentina (AIEPBA), la tasa de natalidad en el pa\u00eds pas\u00f3 de 19 nacimientos por cada 1.000 habitantes en el a\u00f1o 2000 a apenas 11 en 2022. Este descenso impacta de lleno en las instituciones educativas, sobre todo en el nivel inicial, donde la matr\u00edcula registra una ca\u00edda abrupta que empieza a reflejarse tambi\u00e9n en la primaria.<\/p>\n\n\n\n<p class=\"has-medium-font-size\"><strong>Menos ni\u00f1os, menos aulas, m\u00e1s problemas<\/strong><\/p>\n\n\n\n<p>Mart\u00edn Zurita, secretario ejecutivo de AIEPBA, advierte que el fen\u00f3meno se extiende a lo largo y ancho del pa\u00eds y que la tendencia no se revertir\u00e1 en el corto plazo. \u00abCada vez nacen menos chicos y el sistema escolar enfrenta un descenso de matr\u00edcula que plantea desaf\u00edos estructurales importantes\u00bb, sostuvo.<\/p>\n\n\n\n<figure class=\"wp-block-embed is-type-wp-embed is-provider-incrustado wp-block-embed-incrustado\"><div class=\"wp-block-embed__wrapper\">\n<blockquote class=\"wp-embedded-content\" data-secret=\"kxgkD58sP0\"><a href=\"https:\/\/www.enorsai.com\/noticias\/politica\/de-autoproclamado-lider-global-a-crypto-estafador-por-cfk\/\">De autoproclamado \u201cl\u00edder global\u201d a CRYPTO ESTAFADOR. Por CFK<\/a><\/blockquote><iframe loading=\"lazy\" class=\"wp-embedded-content\" sandbox=\"allow-scripts\" security=\"restricted\" style=\"position: absolute; visibility: hidden;\" title=\"\u00abDe autoproclamado \u201cl\u00edder global\u201d a CRYPTO ESTAFADOR. Por CFK\u00bb \u2014 \" src=\"https:\/\/www.enorsai.com\/noticias\/politica\/de-autoproclamado-lider-global-a-crypto-estafador-por-cfk\/embed\/#?secret=1N3dwtQxdK#?secret=kxgkD58sP0\" data-secret=\"kxgkD58sP0\" width=\"600\" height=\"338\" frameborder=\"0\" marginwidth=\"0\" marginheight=\"0\" scrolling=\"no\"><\/iframe>\n<\/div><\/figure>\n\n\n\n<p>Los datos son elocuentes: en 2011, la cantidad de alumnos promedio por secci\u00f3n en jardines de infantes era de 23. Hoy, esa cifra cay\u00f3 a 18,8. Y en el primer grado de la primaria la situaci\u00f3n no es mejor. En comparaci\u00f3n con 2011, en 2023 ingresaron 102.000 alumnos menos, lo que representa una disminuci\u00f3n del 12,6% en la matr\u00edcula general. En el sector estatal, la ca\u00edda fue del 15%, mientras que en las instituciones privadas la reducci\u00f3n fue del 6%.<\/p>\n\n\n\n<p>Este fen\u00f3meno podr\u00eda ser una oportunidad para mejorar la ense\u00f1anza, con aulas menos sobrecargadas que permitir\u00edan una mayor atenci\u00f3n personalizada. Sin embargo, las reglas de financiamiento de la educaci\u00f3n no se han actualizado para contemplar este nuevo escenario.<\/p>\n\n\n\n<figure class=\"wp-block-gallery has-nested-images columns-default is-cropped wp-block-gallery-1 is-layout-flex wp-block-gallery-is-layout-flex\">\n<figure class=\"wp-block-image size-large\"><img decoding=\"async\" data-id=\"1541\" src=\"https:\/\/www.enorsai.com\/noticias\/wp-content\/uploads\/2025\/02\/natalidad2.png\" alt=\"\" class=\"wp-image-1541\"\/><\/figure>\n<\/figure>\n\n\n\n<p class=\"has-medium-font-size\"><strong>Un sistema educativo obsoleto<\/strong><\/p>\n\n\n\n<p>Una de las mayores preocupaciones del sector privado es el modelo de asignaci\u00f3n de aportes estatales. Actualmente, las escuelas reciben financiamiento en funci\u00f3n de la cantidad de alumnos, una l\u00f3gica que funcionaba en \u00e9pocas de mayor natalidad, pero que hoy deja a muchas instituciones en una situaci\u00f3n cr\u00edtica. \u00abNecesitamos revisar la normativa que exige un n\u00famero m\u00ednimo de estudiantes para conservar el aporte estatal. Hoy en d\u00eda tenemos menos alumnos, pero igual cantidad de cursos y cargos\u00bb, explic\u00f3 Zurita.<\/p>\n\n\n\n<figure class=\"wp-block-embed is-type-wp-embed is-provider-incrustado wp-block-embed-incrustado\"><div class=\"wp-block-embed__wrapper\">\n<blockquote class=\"wp-embedded-content\" data-secret=\"wZPlEG2vyC\"><a href=\"https:\/\/www.enorsai.com\/noticias\/economia\/nerviosismo-milei-y-caputo-estan-desesperados-por-el-fragil-equilibrio-economico\/\">Nerviosismo: Milei y Caputo est\u00e1n desesperados por el fr\u00e1gil equilibrio econ\u00f3mico<\/a><\/blockquote><iframe loading=\"lazy\" class=\"wp-embedded-content\" sandbox=\"allow-scripts\" security=\"restricted\" style=\"position: absolute; visibility: hidden;\" title=\"\u00abNerviosismo: Milei y Caputo est\u00e1n desesperados por el fr\u00e1gil equilibrio econ\u00f3mico\u00bb \u2014 \" src=\"https:\/\/www.enorsai.com\/noticias\/economia\/nerviosismo-milei-y-caputo-estan-desesperados-por-el-fragil-equilibrio-economico\/embed\/#?secret=eA9IFFbVDQ#?secret=wZPlEG2vyC\" data-secret=\"wZPlEG2vyC\" width=\"600\" height=\"338\" frameborder=\"0\" marginwidth=\"0\" marginheight=\"0\" scrolling=\"no\"><\/iframe>\n<\/div><\/figure>\n\n\n\n<p>Adem\u00e1s, la estructura de costos de las escuelas se mantiene pr\u00e1cticamente intacta. \u00abDeber\u00edamos evaluar el r\u00e9gimen de aranceles, porque sostenemos la misma infraestructura con menos alumnos\u00bb, agreg\u00f3 el dirigente. Esto plantea un dilema financiero tanto para las instituciones educativas privadas como para el Estado, que no parece dispuesto a discutir el problema.<\/p>\n\n\n\n<p class=\"has-medium-font-size\"><strong>Un futuro incierto para la educaci\u00f3n<\/strong><\/p>\n\n\n\n<p>El Observatorio de Argentinos por la Educaci\u00f3n advierte que la tendencia seguir\u00e1 acentu\u00e1ndose en los pr\u00f3ximos a\u00f1os. Entre 2014 y 2022, la cantidad de nacimientos cay\u00f3 en todas las jurisdicciones del pa\u00eds. Tierra del Fuego registr\u00f3 la mayor baja con un 49%, seguida de Jujuy y la Ciudad de Buenos Aires con un 44%. De mantenerse esta proyecci\u00f3n, la matr\u00edcula de la educaci\u00f3n primaria podr\u00eda caer un 28% en los pr\u00f3ximos a\u00f1os.<\/p>\n\n\n\n<p>Esto abre un debate impostergable sobre el financiamiento educativo y la distribuci\u00f3n de recursos. Con menos alumnos por aula, el Estado deber\u00eda aprovechar la oportunidad para mejorar la calidad de la ense\u00f1anza, en lugar de sostener un modelo burocr\u00e1tico que castiga a las instituciones educativas.<\/p>\n\n\n\n<p>Desde AIEPBA exigen una actualizaci\u00f3n de las pol\u00edticas educativas que permita capitalizar la baja natalidad en favor de una educaci\u00f3n m\u00e1s eficiente, con mejores condiciones para alumnos y docentes. \u00abEstamos en un momento clave para transformar la educaci\u00f3n, pero necesitamos reformas que permitan a las escuelas sostener su estructura y mejorar su servicio\u00bb, concluy\u00f3 Zurita.<\/p>\n\n\n\n<p>El problema est\u00e1 sobre la mesa. \u00bfHabr\u00e1 voluntad pol\u00edtica para enfrentarlo?<\/p>\n\n\n\n<figure class=\"wp-block-embed is-type-wp-embed is-provider-incrustado wp-block-embed-incrustado\"><div class=\"wp-block-embed__wrapper\">\n<blockquote class=\"wp-embedded-content\" data-secret=\"7igCLGwsIw\"><a href=\"https:\/\/www.enorsai.com\/noticias\/politica\/javier-milei-en-la-cuerda-floja-como-un-escandalo-financiero-amenaza-su-gobierno\/\">Javier Milei en la cuerda floja: c\u00f3mo un esc\u00e1ndalo financiero amenaza su gobierno<\/a><\/blockquote><iframe loading=\"lazy\" class=\"wp-embedded-content\" sandbox=\"allow-scripts\" security=\"restricted\" style=\"position: absolute; visibility: hidden;\" title=\"\u00abJavier Milei en la cuerda floja: c\u00f3mo un esc\u00e1ndalo financiero amenaza su gobierno\u00bb \u2014 \" src=\"https:\/\/www.enorsai.com\/noticias\/politica\/javier-milei-en-la-cuerda-floja-como-un-escandalo-financiero-amenaza-su-gobierno\/embed\/#?secret=dDdpaL4HZp#?secret=7igCLGwsIw\" data-secret=\"7igCLGwsIw\" width=\"600\" height=\"338\" frameborder=\"0\" marginwidth=\"0\" marginheight=\"0\" scrolling=\"no\"><\/iframe>\n<\/div><\/figure>\n","protected":false},"excerpt":{"rendered":"<p>La dr\u00e1stica ca\u00edda de nacimientos despu\u00e9s de 2015 a esta parte, impacta en los jardines de infantes y expone las fallas estructurales del sistema educativo.<\/p>\n","protected":false},"author":1,"featured_media":1540,"comment_status":"open","ping_status":"open","sticky":false,"template":"","format":"standard","meta":{"_monsterinsights_skip_tracking":false,"_monsterinsights_sitenote_active":false,"_monsterinsights_sitenote_note":"","_monsterinsights_sitenote_category":0,"footnotes":"","jetpack_publicize_message":"","jetpack_publicize_feature_enabled":true,"jetpack_social_post_already_shared":true,"jetpack_social_options":{"image_generator_settings":{"template":"highway","default_image_id":0,"font":"","enabled":false},"version":2}},"categories":[4],"tags":[587,276,588,589,590,591,249,592],"class_list":["post-1539","post","type-post","status-publish","format-standard","has-post-thumbnail","hentry","category-sociedad","tag-aiepba","tag-educacion","tag-educacion-inicial","tag-hijos","tag-jardin-de-infantes","tag-maternidad","tag-salud","tag-tasa-de-natalidad-x-1000-habitantes"],"jetpack_publicize_connections":[],"_links":{"self":[{"href":"https:\/\/www.enorsai.com\/noticias\/wp-json\/wp\/v2\/posts\/1539","targetHints":{"allow":["GET"]}}],"collection":[{"href":"https:\/\/www.enorsai.com\/noticias\/wp-json\/wp\/v2\/posts"}],"about":[{"href":"https:\/\/www.enorsai.com\/noticias\/wp-json\/wp\/v2\/types\/post"}],"author":[{"embeddable":true,"href":"https:\/\/www.enorsai.com\/noticias\/wp-json\/wp\/v2\/users\/1"}],"replies":[{"embeddable":true,"href":"https:\/\/www.enorsai.com\/noticias\/wp-json\/wp\/v2\/comments?post=1539"}],"version-history":[{"count":0,"href":"https:\/\/www.enorsai.com\/noticias\/wp-json\/wp\/v2\/posts\/1539\/revisions"}],"wp:featuredmedia":[{"embeddable":true,"href":"https:\/\/www.enorsai.com\/noticias\/wp-json\/"}],"wp:attachment":[{"href":"https:\/\/www.enorsai.com\/noticias\/wp-json\/wp\/v2\/media?parent=1539"}],"wp:term":[{"taxonomy":"category","embeddable":true,"href":"https:\/\/www.enorsai.com\/noticias\/wp-json\/wp\/v2\/categories?post=1539"},{"taxonomy":"post_tag","embeddable":true,"href":"https:\/\/www.enorsai.com\/noticias\/wp-json\/wp\/v2\/tags?post=1539"}],"curies":[{"name":"wp","href":"https:\/\/api.w.org\/{rel}","templated":true}]}}