{"id":1492,"date":"2025-02-20T17:41:37","date_gmt":"2025-02-20T20:41:37","guid":{"rendered":"http:\/\/www.enorsai.com\/noticias\/?p=1492"},"modified":"2025-02-20T17:41:37","modified_gmt":"2025-02-20T20:41:37","slug":"agarrate-catalina-reafirma-su-compromiso-con-la-memoria-verdad-y-justicia","status":"publish","type":"post","link":"https:\/\/www.enorsai.com\/noticias\/cultura\/agarrate-catalina-reafirma-su-compromiso-con-la-memoria-verdad-y-justicia\/","title":{"rendered":"Agarrate Catalina reafirma su compromiso con la Memoria, Verdad y Justicia"},"content":{"rendered":"\n<p><strong><em>La murga uruguaya Agarrate Catalina vuelve a poner su arte al servicio de la lucha por los derechos humanos. Adem\u00e1s de haber donado los derechos de la ic\u00f3nica canci\u00f3n \u00abSOY\u00bb a Abuelas de Plaza de Mayo, reafirma su compromiso con la Memoria, Verdad y Justicia convirtiendo la canci\u00f3n en un nuevo s\u00edmbolo de solidaridad.<br><\/em><\/strong><br>En esta oportunidad, la agrupaci\u00f3n lanza una l\u00ednea exclusiva de remeras y merchandising inspirado en \u00abSOY\u00bb, con el objetivo de recaudar fondos para la organizaci\u00f3n de derechos humanos. Este proyecto se lleva adelante junto al Centro Cooperativo Textil Ituzaing\u00f3 y el artista pl\u00e1stico Mat\u00edas De Brasi, en una fusi\u00f3n entre m\u00fasica, arte y compromiso social.<br><br><strong>Arte y lucha en cada prenda<br><\/strong><br>Las remeras y productos dise\u00f1ados especialmente para esta iniciativa buscan no solo recaudar fondos, sino tambi\u00e9n generar conciencia sobre la importancia de la identidad y la memoria hist\u00f3rica. Inspirados en s\u00edmbolos de lucha como el pa\u00f1uelo blanco de las Abuelas de Plaza de Mayo y las letras de la canci\u00f3n \u00abSOY\u00bb, los dise\u00f1os representan un homenaje a quienes contin\u00faan buscando a los nietos y nietas desaparecidos durante la \u00faltima dictadura militar.<br><br>La venta de estas piezas exclusivas se realizar\u00e1 de manera presencial en el show de Agarrate Catalina y Tabar\u00e9 Cardozo, programado para el s\u00e1bado 22 de febrero en el Centro Cultural Konex. Se trata de una ocasi\u00f3n especial en la que la m\u00fasica y la memoria se entrelazan para mantener viva la lucha por la justicia.<br><br><strong>Un compromiso que trasciende fronteras<br><\/strong><br>La relaci\u00f3n de Agarrate Catalina con las Abuelas de Plaza de Mayo no es nueva. En octubre de 2016, en el marco del Mes de la Identidad, las Abuelas impulsaron la difusi\u00f3n del video de \u00abSOY\u00bb. La canci\u00f3n, compuesta por Tabar\u00e9 y Yamand\u00fa Cardozo, fue creada para el lanzamiento de Teatro por la Identidad La Plata y desde entonces se convirti\u00f3 en un himno de la lucha por la memoria.<br><br>Con la cesi\u00f3n de los derechos de la canci\u00f3n, la murga asegur\u00f3 que todo lo recaudado por el tema se destinara a la incansable tarea de Abuelas de Plaza de Mayo en la b\u00fasqueda de los nietos apropiados. Ahora, con esta nueva iniciativa, Agarrate Catalina refuerza su compromiso con la causa y suma un nuevo esfuerzo colectivo para seguir construyendo memoria.<br><br><strong>El poder transformador del arte<br><\/strong><br>\u00abEl arte y la m\u00fasica tienen un poder transformador, y a trav\u00e9s de este proyecto queremos que cada prenda que llevemos nos conecte con esa historia, con esa lucha que nunca debe ser olvidada\u00bb, expres\u00f3 un portavoz de Agarrate Catalina. \u00abNuestro compromiso es seguir construyendo memoria y justicia, y creemos que este es el momento adecuado para un nuevo esfuerzo colectivo\u00bb.<br><\/p>\n\n\n\n<p><br><\/p>\n\n\n","protected":false},"excerpt":{"rendered":"<p>Agarrate Catalina reafirma su compromiso con la Memoria, Verdad y Justicia lanzando una l\u00ednea de remeras y merchandising inspirado en \u00abSOY\u00bb. Los fondos recaudados ser\u00e1n destinados a Abuelas de Plaza de Mayo. La cultura popular resiste y desaf\u00eda el negacionismo en tiempos oscuros del gobierno de Javier Milei.<\/p>\n","protected":false},"author":1,"featured_media":1771,"comment_status":"open","ping_status":"open","sticky":false,"template":"","format":"standard","meta":{"_monsterinsights_skip_tracking":false,"_monsterinsights_sitenote_active":false,"_monsterinsights_sitenote_note":"","_monsterinsights_sitenote_category":0,"footnotes":"","jetpack_publicize_message":"\u270a\ud83c\udfb6 Agarrate Catalina lanza remeras de \u201cSOY\u201d para apoyar a Abuelas de Plaza de Mayo. En tiempos de negacionismo y ataque a los DDHH por Milei, la cultura resiste y recuerda: \u00a1Nunca M\u00e1s! \ud83d\udd25\ud83c\udde6\ud83c\uddf7 #MemoriaVerdadJusticia #NuncaM\u00e1s","jetpack_publicize_feature_enabled":true,"jetpack_social_post_already_shared":false,"jetpack_social_options":{"image_generator_settings":{"template":"highway","enabled":false},"version":2}},"categories":[5],"tags":[663,78,664,70,97],"class_list":["post-1492","post","type-post","status-publish","format-standard","has-post-thumbnail","hentry","category-cultura","tag-cultura","tag-derechos-humanos","tag-identidad","tag-justicia","tag-memoria"],"jetpack_publicize_connections":[],"_links":{"self":[{"href":"https:\/\/www.enorsai.com\/noticias\/wp-json\/wp\/v2\/posts\/1492","targetHints":{"allow":["GET"]}}],"collection":[{"href":"https:\/\/www.enorsai.com\/noticias\/wp-json\/wp\/v2\/posts"}],"about":[{"href":"https:\/\/www.enorsai.com\/noticias\/wp-json\/wp\/v2\/types\/post"}],"author":[{"embeddable":true,"href":"https:\/\/www.enorsai.com\/noticias\/wp-json\/wp\/v2\/users\/1"}],"replies":[{"embeddable":true,"href":"https:\/\/www.enorsai.com\/noticias\/wp-json\/wp\/v2\/comments?post=1492"}],"version-history":[{"count":2,"href":"https:\/\/www.enorsai.com\/noticias\/wp-json\/wp\/v2\/posts\/1492\/revisions"}],"predecessor-version":[{"id":1772,"href":"https:\/\/www.enorsai.com\/noticias\/wp-json\/wp\/v2\/posts\/1492\/revisions\/1772"}],"wp:featuredmedia":[{"embeddable":true,"href":"https:\/\/www.enorsai.com\/noticias\/wp-json\/wp\/v2\/media\/1771"}],"wp:attachment":[{"href":"https:\/\/www.enorsai.com\/noticias\/wp-json\/wp\/v2\/media?parent=1492"}],"wp:term":[{"taxonomy":"category","embeddable":true,"href":"https:\/\/www.enorsai.com\/noticias\/wp-json\/wp\/v2\/categories?post=1492"},{"taxonomy":"post_tag","embeddable":true,"href":"https:\/\/www.enorsai.com\/noticias\/wp-json\/wp\/v2\/tags?post=1492"}],"curies":[{"name":"wp","href":"https:\/\/api.w.org\/{rel}","templated":true}]}}