{"id":14605,"date":"2026-08-31T23:18:18","date_gmt":"2026-09-01T02:18:18","guid":{"rendered":"https:\/\/www.enorsai.com\/noticias\/?p=14605"},"modified":"2026-08-31T23:18:18","modified_gmt":"2026-09-01T02:18:18","slug":"a-que-viene-peter-thiel-a-la-argentina","status":"publish","type":"post","link":"https:\/\/www.enorsai.com\/noticias\/politica\/a-que-viene-peter-thiel-a-la-argentina\/","title":{"rendered":"\u00bfA qu\u00e9 viene Peter Thiel a la Argentina?"},"content":{"rendered":"\n<p class=\"wp-block-paragraph\"><strong>BUENOS AIRES \u00b7 31 DE AGOSTO DE 2026<\/strong><\/p>\n\n\n\n<p class=\"wp-block-paragraph\">Este martes 1 de septiembre aterriza en Buenos Aires uno de los empresarios m\u00e1s ricos y poderosos del mundo. Su fortuna personal supera los 20.000 millones de d\u00f3lares. Es due\u00f1o de Palantir, valuada en 300.000 millones de d\u00f3lares en bolsa, cofundador de PayPal, vendida en 1.500 millones, y fue el primer inversor externo de Facebook. Financia presidentes, senadores y gobiernos.<\/p>\n\n\n\n<p class=\"wp-block-paragraph\">No viene a dar una charla ni de paso. Se compr\u00f3 una mansi\u00f3n de 12 millones de d\u00f3lares en Barrio Parque y anunci\u00f3 que se radica en el pa\u00eds.<\/p>\n\n\n\n<p class=\"wp-block-paragraph\">No es un intelectual. Es un due\u00f1o de infraestructura cr\u00edtica que se compra pa\u00edses.<\/p>\n\n\n\n<h2 class=\"wp-block-heading\">Qui\u00e9n es el personaje<\/h2>\n\n\n\n<p class=\"wp-block-paragraph\">En 2009 escribi\u00f3 que la libertad y la democracia ya no son compatibles. Cree que las mayor\u00edas son un lastre.<\/p>\n\n\n\n<p class=\"wp-block-paragraph\">Su empresa Palantir vende software que decide a qui\u00e9n matar. El Ej\u00e9rcito de Estados Unidos lo compr\u00f3 por 10.000 millones de d\u00f3lares.<\/p>\n\n\n\n<h2 class=\"wp-block-heading\">Gaza e Ir\u00e1n<\/h2>\n\n\n\n<p class=\"wp-block-paragraph\">La relatora especial de la ONU Francesca Albanese lo acusa de lucrar con el genocidio en Gaza. El sistema Lavender genera las listas de blancos que Israel bombardea.<\/p>\n\n\n\n<p class=\"wp-block-paragraph\">En febrero de 2026 su software Maven guio un bombardeo israel\u00ed contra una escuela en Minab, Ir\u00e1n. Murieron 160 personas y m\u00e1s de 100 eran ni\u00f1as. Ir\u00e1n lo declar\u00f3 objetivo militar leg\u00edtimo.<\/p>\n\n\n\n<h2 class=\"wp-block-heading\">Honduras y Estados Unidos<\/h2>\n\n\n\n<p class=\"wp-block-paragraph\">En Honduras demanda al Estado por 10.700 millones de d\u00f3lares porque le derogaron una ciudad-empresa con ley propia, Pr\u00f3spera.<\/p>\n\n\n\n<p class=\"wp-block-paragraph\">En Estados Unidos, el ICE de Donald Trump le pag\u00f3 m\u00e1s de 81 millones desde enero para construir ImmigrationOS y ELITE, un sistema que caza inmigrantes con l\u00f3gica de videojuego.<\/p>\n\n\n\n<p class=\"wp-block-paragraph\">Espa\u00f1a, Francia, Alemania e Inglaterra lo echaron por peligroso.<\/p>\n\n\n\n<h2 class=\"wp-block-heading\">Milei le firma todo<\/h2>\n\n\n\n<p class=\"wp-block-paragraph\">El Gobierno argentino reform\u00f3 la SIDE por decreto para meter Palantir. Anunci\u00f3 el Gemelo Digital Social, que es literalmente el nombre de un producto de Palantir, semanas despu\u00e9s de reunirse con \u00e9l. Sin ley, sin licitaci\u00f3n y sin proveedor conocido.<\/p>\n\n\n\n<p class=\"wp-block-paragraph\">Los datos de todos los argentinos quedan bajo jurisdicci\u00f3n de un juez de Estados Unidos.<\/p>\n\n\n\n<h2 class=\"wp-block-heading\">La advertencia del Papa<\/h2>\n\n\n\n<p class=\"wp-block-paragraph\">El 15 de mayo el papa Le\u00f3n XIV public\u00f3 su primera enc\u00edclica, Magnifica Humanitas. Sin nombrarlo, lo nombr\u00f3: los algoritmos y las infraestructuras digitales no pueden permanecer concentrados en manos de unos pocos. Y m\u00e1s duro todav\u00eda: la decisi\u00f3n letal no puede delegarse en procesos automatizados.<\/p>\n\n\n\n<p class=\"wp-block-paragraph\">El Papa habla de Palantir. Y Milei le abre la puerta al due\u00f1o.<\/p>\n\n\n\n<h2 class=\"wp-block-heading\">El cuadernillo<\/h2>\n\n\n\n<p class=\"wp-block-paragraph\">Prepar\u00e9 un cuadernillo gratuito de 16 p\u00e1ginas con las 34 fuentes verificables: qui\u00e9n es Thiel, qu\u00e9 hace Palantir en Gaza e Ir\u00e1n, las democracias que lo echaron, el DNU 941 y el Gemelo Digital Social. Se llama \u00abA qu\u00e9 viene Peter Thiel a la Argentina\u00bb y es el Cuadernillo N\u00b0 02 de la serie.<\/p>\n\n\n\n<p class=\"wp-block-paragraph\">Se descarga gratis en <a href=\"https:\/\/elproferomero.com\/a-que-viene-peter-thiel\/\">elproferomero.com<\/a>.<\/p>\n\n\n\n<p class=\"wp-block-paragraph\">Que no se nos pase por arriba.<\/p>\n\n\n\n<p class=\"wp-block-paragraph\"><strong>Por Javier El Profe Romero<\/strong><\/p>\n","protected":false},"excerpt":{"rendered":"<p>Este martes aterriza en Buenos Aires el due\u00f1o de Palantir, se radica en el pa\u00eds y el Gobierno ya reform\u00f3 la SIDE por decreto. Qui\u00e9n es, qu\u00e9 vende y por qu\u00e9 otras democracias lo rechazaron.<\/p>\n","protected":false},"author":1,"featured_media":14606,"comment_status":"open","ping_status":"open","sticky":false,"template":"","format":"standard","meta":{"footnotes":""},"categories":[2],"tags":[],"class_list":["post-14605","post","type-post","status-publish","format-standard","has-post-thumbnail","hentry","category-politica"],"yoast_head":"<!-- This site is optimized with the Yoast SEO plugin v28.3 - https:\/\/yoast.com\/product\/yoast-seo-wordpress\/ -->\n<title>\u00bfA qu\u00e9 viene Peter Thiel a la Argentina? -<\/title>\n<meta name=\"robots\" content=\"index, follow, max-snippet:-1, max-image-preview:large, max-video-preview:-1\" \/>\n<link rel=\"canonical\" href=\"https:\/\/www.enorsai.com\/noticias\/politica\/a-que-viene-peter-thiel-a-la-argentina\/\" \/>\n<meta property=\"og:locale\" content=\"es_ES\" \/>\n<meta property=\"og:type\" content=\"article\" \/>\n<meta property=\"og:title\" content=\"\u00bfA qu\u00e9 viene Peter Thiel a la Argentina? -\" \/>\n<meta property=\"og:description\" content=\"Este martes aterriza en Buenos Aires el due\u00f1o de Palantir, se radica en el pa\u00eds y el Gobierno ya reform\u00f3 la SIDE por decreto. Qui\u00e9n es, qu\u00e9 vende y por qu\u00e9 otras democracias lo rechazaron.\" \/>\n<meta property=\"og:url\" content=\"https:\/\/www.enorsai.com\/noticias\/politica\/a-que-viene-peter-thiel-a-la-argentina\/\" \/>\n<meta property=\"article:publisher\" content=\"https:\/\/www.facebook.com\/EnOrsai\" \/>\n<meta property=\"article:published_time\" content=\"2026-09-01T02:18:18+00:00\" \/>\n<meta property=\"og:image\" content=\"https:\/\/www.enorsai.com\/noticias\/wp-content\/uploads\/2026\/08\/peter-thiel-nerd-reich.jpg\" \/>\n\t<meta property=\"og:image:width\" content=\"420\" \/>\n\t<meta property=\"og:image:height\" content=\"280\" \/>\n\t<meta property=\"og:image:type\" content=\"image\/jpeg\" \/>\n<meta name=\"author\" content=\"Redacci\u00f3n\" \/>\n<meta name=\"twitter:card\" content=\"summary_large_image\" \/>\n<meta name=\"twitter:creator\" content=\"@enorsai\" \/>\n<meta name=\"twitter:site\" content=\"@enorsai\" \/>\n<meta name=\"twitter:label1\" content=\"Escrito por\" \/>\n\t<meta name=\"twitter:data1\" content=\"Redacci\u00f3n\" \/>\n\t<meta name=\"twitter:label2\" content=\"Tiempo de lectura\" \/>\n\t<meta name=\"twitter:data2\" content=\"2 minutos\" \/>\n<script type=\"application\/ld+json\" class=\"yoast-schema-graph\">{\"@context\":\"https:\\\/\\\/schema.org\",\"@graph\":[{\"@type\":\"Article\",\"@id\":\"https:\\\/\\\/www.enorsai.com\\\/noticias\\\/politica\\\/a-que-viene-peter-thiel-a-la-argentina\\\/#article\",\"isPartOf\":{\"@id\":\"https:\\\/\\\/www.enorsai.com\\\/noticias\\\/politica\\\/a-que-viene-peter-thiel-a-la-argentina\\\/\"},\"author\":{\"name\":\"Redacci\u00f3n\",\"@id\":\"https:\\\/\\\/www.enorsai.com\\\/noticias\\\/#\\\/schema\\\/person\\\/3b46a8017bb3b6560e6d25e15efcbce3\"},\"headline\":\"\u00bfA qu\u00e9 viene Peter Thiel a la Argentina?\",\"datePublished\":\"2026-09-01T02:18:18+00:00\",\"mainEntityOfPage\":{\"@id\":\"https:\\\/\\\/www.enorsai.com\\\/noticias\\\/politica\\\/a-que-viene-peter-thiel-a-la-argentina\\\/\"},\"wordCount\":504,\"commentCount\":0,\"publisher\":{\"@id\":\"https:\\\/\\\/www.enorsai.com\\\/noticias\\\/#organization\"},\"image\":{\"@id\":\"https:\\\/\\\/www.enorsai.com\\\/noticias\\\/politica\\\/a-que-viene-peter-thiel-a-la-argentina\\\/#primaryimage\"},\"thumbnailUrl\":\"https:\\\/\\\/www.enorsai.com\\\/noticias\\\/wp-content\\\/uploads\\\/2026\\\/08\\\/peter-thiel-nerd-reich.jpg\",\"articleSection\":[\"Pol\u00edtica\"],\"inLanguage\":\"es\",\"potentialAction\":[{\"@type\":\"CommentAction\",\"name\":\"Comment\",\"target\":[\"https:\\\/\\\/www.enorsai.com\\\/noticias\\\/politica\\\/a-que-viene-peter-thiel-a-la-argentina\\\/#respond\"]}]},{\"@type\":\"WebPage\",\"@id\":\"https:\\\/\\\/www.enorsai.com\\\/noticias\\\/politica\\\/a-que-viene-peter-thiel-a-la-argentina\\\/\",\"url\":\"https:\\\/\\\/www.enorsai.com\\\/noticias\\\/politica\\\/a-que-viene-peter-thiel-a-la-argentina\\\/\",\"name\":\"\u00bfA qu\u00e9 viene Peter Thiel a la Argentina? -\",\"isPartOf\":{\"@id\":\"https:\\\/\\\/www.enorsai.com\\\/noticias\\\/#website\"},\"primaryImageOfPage\":{\"@id\":\"https:\\\/\\\/www.enorsai.com\\\/noticias\\\/politica\\\/a-que-viene-peter-thiel-a-la-argentina\\\/#primaryimage\"},\"image\":{\"@id\":\"https:\\\/\\\/www.enorsai.com\\\/noticias\\\/politica\\\/a-que-viene-peter-thiel-a-la-argentina\\\/#primaryimage\"},\"thumbnailUrl\":\"https:\\\/\\\/www.enorsai.com\\\/noticias\\\/wp-content\\\/uploads\\\/2026\\\/08\\\/peter-thiel-nerd-reich.jpg\",\"datePublished\":\"2026-09-01T02:18:18+00:00\",\"breadcrumb\":{\"@id\":\"https:\\\/\\\/www.enorsai.com\\\/noticias\\\/politica\\\/a-que-viene-peter-thiel-a-la-argentina\\\/#breadcrumb\"},\"inLanguage\":\"es\",\"potentialAction\":[{\"@type\":\"ReadAction\",\"target\":[\"https:\\\/\\\/www.enorsai.com\\\/noticias\\\/politica\\\/a-que-viene-peter-thiel-a-la-argentina\\\/\"]}]},{\"@type\":\"ImageObject\",\"inLanguage\":\"es\",\"@id\":\"https:\\\/\\\/www.enorsai.com\\\/noticias\\\/politica\\\/a-que-viene-peter-thiel-a-la-argentina\\\/#primaryimage\",\"url\":\"https:\\\/\\\/www.enorsai.com\\\/noticias\\\/wp-content\\\/uploads\\\/2026\\\/08\\\/peter-thiel-nerd-reich.jpg\",\"contentUrl\":\"https:\\\/\\\/www.enorsai.com\\\/noticias\\\/wp-content\\\/uploads\\\/2026\\\/08\\\/peter-thiel-nerd-reich.jpg\",\"width\":420,\"height\":280,\"caption\":\"Retrato de Peter Thiel junto a la tapa del libro The Nerd Reich, de Gil Duran\"},{\"@type\":\"BreadcrumbList\",\"@id\":\"https:\\\/\\\/www.enorsai.com\\\/noticias\\\/politica\\\/a-que-viene-peter-thiel-a-la-argentina\\\/#breadcrumb\",\"itemListElement\":[{\"@type\":\"ListItem\",\"position\":1,\"name\":\"Portada\",\"item\":\"https:\\\/\\\/www.enorsai.com\\\/noticias\\\/\"},{\"@type\":\"ListItem\",\"position\":2,\"name\":\"\u00bfA qu\u00e9 viene Peter Thiel a la Argentina?\"}]},{\"@type\":\"WebSite\",\"@id\":\"https:\\\/\\\/www.enorsai.com\\\/noticias\\\/#website\",\"url\":\"https:\\\/\\\/www.enorsai.com\\\/noticias\\\/\",\"name\":\"EnOrsai Noticias\",\"description\":\"\",\"publisher\":{\"@id\":\"https:\\\/\\\/www.enorsai.com\\\/noticias\\\/#organization\"},\"potentialAction\":[{\"@type\":\"SearchAction\",\"target\":{\"@type\":\"EntryPoint\",\"urlTemplate\":\"https:\\\/\\\/www.enorsai.com\\\/noticias\\\/?s={search_term_string}\"},\"query-input\":{\"@type\":\"PropertyValueSpecification\",\"valueRequired\":true,\"valueName\":\"search_term_string\"}}],\"inLanguage\":\"es\"},{\"@type\":\"Organization\",\"@id\":\"https:\\\/\\\/www.enorsai.com\\\/noticias\\\/#organization\",\"name\":\"EnOrsai\",\"url\":\"https:\\\/\\\/www.enorsai.com\\\/noticias\\\/\",\"logo\":{\"@type\":\"ImageObject\",\"inLanguage\":\"es\",\"@id\":\"https:\\\/\\\/www.enorsai.com\\\/noticias\\\/#\\\/schema\\\/logo\\\/image\\\/\",\"url\":\"https:\\\/\\\/www.enorsai.com\\\/noticias\\\/wp-content\\\/uploads\\\/2026\\\/03\\\/EnOrsai-logo-inverso.png\",\"contentUrl\":\"https:\\\/\\\/www.enorsai.com\\\/noticias\\\/wp-content\\\/uploads\\\/2026\\\/03\\\/EnOrsai-logo-inverso.png\",\"width\":2157,\"height\":496,\"caption\":\"EnOrsai\"},\"image\":{\"@id\":\"https:\\\/\\\/www.enorsai.com\\\/noticias\\\/#\\\/schema\\\/logo\\\/image\\\/\"},\"sameAs\":[\"https:\\\/\\\/www.facebook.com\\\/EnOrsai\",\"https:\\\/\\\/x.com\\\/enorsai\",\"https:\\\/\\\/www.instagram.com\\\/enorsai_noticias\"]},{\"@type\":\"Person\",\"@id\":\"https:\\\/\\\/www.enorsai.com\\\/noticias\\\/#\\\/schema\\\/person\\\/3b46a8017bb3b6560e6d25e15efcbce3\",\"name\":\"Redacci\u00f3n\",\"image\":{\"@type\":\"ImageObject\",\"inLanguage\":\"es\",\"@id\":\"https:\\\/\\\/secure.gravatar.com\\\/avatar\\\/44ae5b6444b1d6bfad0fa2d296e7b83179dddfeb63627d1357b77aaeb316afa8?s=96&d=mm&r=g\",\"url\":\"https:\\\/\\\/secure.gravatar.com\\\/avatar\\\/44ae5b6444b1d6bfad0fa2d296e7b83179dddfeb63627d1357b77aaeb316afa8?s=96&d=mm&r=g\",\"contentUrl\":\"https:\\\/\\\/secure.gravatar.com\\\/avatar\\\/44ae5b6444b1d6bfad0fa2d296e7b83179dddfeb63627d1357b77aaeb316afa8?s=96&d=mm&r=g\",\"caption\":\"Redacci\u00f3n\"},\"sameAs\":[\"http:\\\/\\\/www.enorsai.com\\\/noticias\"],\"url\":\"https:\\\/\\\/www.enorsai.com\\\/noticias\\\/author\\\/admin\\\/\"}]}<\/script>\n<!-- \/ Yoast SEO plugin. -->","yoast_head_json":{"title":"\u00bfA qu\u00e9 viene Peter Thiel a la Argentina? -","robots":{"index":"index","follow":"follow","max-snippet":"max-snippet:-1","max-image-preview":"max-image-preview:large","max-video-preview":"max-video-preview:-1"},"canonical":"https:\/\/www.enorsai.com\/noticias\/politica\/a-que-viene-peter-thiel-a-la-argentina\/","og_locale":"es_ES","og_type":"article","og_title":"\u00bfA qu\u00e9 viene Peter Thiel a la Argentina? -","og_description":"Este martes aterriza en Buenos Aires el due\u00f1o de Palantir, se radica en el pa\u00eds y el Gobierno ya reform\u00f3 la SIDE por decreto. Qui\u00e9n es, qu\u00e9 vende y por qu\u00e9 otras democracias lo rechazaron.","og_url":"https:\/\/www.enorsai.com\/noticias\/politica\/a-que-viene-peter-thiel-a-la-argentina\/","article_publisher":"https:\/\/www.facebook.com\/EnOrsai","article_published_time":"2026-09-01T02:18:18+00:00","og_image":[{"width":420,"height":280,"url":"https:\/\/www.enorsai.com\/noticias\/wp-content\/uploads\/2026\/08\/peter-thiel-nerd-reich.jpg","type":"image\/jpeg"}],"author":"Redacci\u00f3n","twitter_card":"summary_large_image","twitter_creator":"@enorsai","twitter_site":"@enorsai","twitter_misc":{"Escrito por":"Redacci\u00f3n","Tiempo de lectura":"2 minutos"},"schema":{"@context":"https:\/\/schema.org","@graph":[{"@type":"Article","@id":"https:\/\/www.enorsai.com\/noticias\/politica\/a-que-viene-peter-thiel-a-la-argentina\/#article","isPartOf":{"@id":"https:\/\/www.enorsai.com\/noticias\/politica\/a-que-viene-peter-thiel-a-la-argentina\/"},"author":{"name":"Redacci\u00f3n","@id":"https:\/\/www.enorsai.com\/noticias\/#\/schema\/person\/3b46a8017bb3b6560e6d25e15efcbce3"},"headline":"\u00bfA qu\u00e9 viene Peter Thiel a la Argentina?","datePublished":"2026-09-01T02:18:18+00:00","mainEntityOfPage":{"@id":"https:\/\/www.enorsai.com\/noticias\/politica\/a-que-viene-peter-thiel-a-la-argentina\/"},"wordCount":504,"commentCount":0,"publisher":{"@id":"https:\/\/www.enorsai.com\/noticias\/#organization"},"image":{"@id":"https:\/\/www.enorsai.com\/noticias\/politica\/a-que-viene-peter-thiel-a-la-argentina\/#primaryimage"},"thumbnailUrl":"https:\/\/www.enorsai.com\/noticias\/wp-content\/uploads\/2026\/08\/peter-thiel-nerd-reich.jpg","articleSection":["Pol\u00edtica"],"inLanguage":"es","potentialAction":[{"@type":"CommentAction","name":"Comment","target":["https:\/\/www.enorsai.com\/noticias\/politica\/a-que-viene-peter-thiel-a-la-argentina\/#respond"]}]},{"@type":"WebPage","@id":"https:\/\/www.enorsai.com\/noticias\/politica\/a-que-viene-peter-thiel-a-la-argentina\/","url":"https:\/\/www.enorsai.com\/noticias\/politica\/a-que-viene-peter-thiel-a-la-argentina\/","name":"\u00bfA qu\u00e9 viene Peter Thiel a la Argentina? -","isPartOf":{"@id":"https:\/\/www.enorsai.com\/noticias\/#website"},"primaryImageOfPage":{"@id":"https:\/\/www.enorsai.com\/noticias\/politica\/a-que-viene-peter-thiel-a-la-argentina\/#primaryimage"},"image":{"@id":"https:\/\/www.enorsai.com\/noticias\/politica\/a-que-viene-peter-thiel-a-la-argentina\/#primaryimage"},"thumbnailUrl":"https:\/\/www.enorsai.com\/noticias\/wp-content\/uploads\/2026\/08\/peter-thiel-nerd-reich.jpg","datePublished":"2026-09-01T02:18:18+00:00","breadcrumb":{"@id":"https:\/\/www.enorsai.com\/noticias\/politica\/a-que-viene-peter-thiel-a-la-argentina\/#breadcrumb"},"inLanguage":"es","potentialAction":[{"@type":"ReadAction","target":["https:\/\/www.enorsai.com\/noticias\/politica\/a-que-viene-peter-thiel-a-la-argentina\/"]}]},{"@type":"ImageObject","inLanguage":"es","@id":"https:\/\/www.enorsai.com\/noticias\/politica\/a-que-viene-peter-thiel-a-la-argentina\/#primaryimage","url":"https:\/\/www.enorsai.com\/noticias\/wp-content\/uploads\/2026\/08\/peter-thiel-nerd-reich.jpg","contentUrl":"https:\/\/www.enorsai.com\/noticias\/wp-content\/uploads\/2026\/08\/peter-thiel-nerd-reich.jpg","width":420,"height":280,"caption":"Retrato de Peter Thiel junto a la tapa del libro The Nerd Reich, de Gil Duran"},{"@type":"BreadcrumbList","@id":"https:\/\/www.enorsai.com\/noticias\/politica\/a-que-viene-peter-thiel-a-la-argentina\/#breadcrumb","itemListElement":[{"@type":"ListItem","position":1,"name":"Portada","item":"https:\/\/www.enorsai.com\/noticias\/"},{"@type":"ListItem","position":2,"name":"\u00bfA qu\u00e9 viene Peter Thiel a la Argentina?"}]},{"@type":"WebSite","@id":"https:\/\/www.enorsai.com\/noticias\/#website","url":"https:\/\/www.enorsai.com\/noticias\/","name":"EnOrsai Noticias","description":"","publisher":{"@id":"https:\/\/www.enorsai.com\/noticias\/#organization"},"potentialAction":[{"@type":"SearchAction","target":{"@type":"EntryPoint","urlTemplate":"https:\/\/www.enorsai.com\/noticias\/?s={search_term_string}"},"query-input":{"@type":"PropertyValueSpecification","valueRequired":true,"valueName":"search_term_string"}}],"inLanguage":"es"},{"@type":"Organization","@id":"https:\/\/www.enorsai.com\/noticias\/#organization","name":"EnOrsai","url":"https:\/\/www.enorsai.com\/noticias\/","logo":{"@type":"ImageObject","inLanguage":"es","@id":"https:\/\/www.enorsai.com\/noticias\/#\/schema\/logo\/image\/","url":"https:\/\/www.enorsai.com\/noticias\/wp-content\/uploads\/2026\/03\/EnOrsai-logo-inverso.png","contentUrl":"https:\/\/www.enorsai.com\/noticias\/wp-content\/uploads\/2026\/03\/EnOrsai-logo-inverso.png","width":2157,"height":496,"caption":"EnOrsai"},"image":{"@id":"https:\/\/www.enorsai.com\/noticias\/#\/schema\/logo\/image\/"},"sameAs":["https:\/\/www.facebook.com\/EnOrsai","https:\/\/x.com\/enorsai","https:\/\/www.instagram.com\/enorsai_noticias"]},{"@type":"Person","@id":"https:\/\/www.enorsai.com\/noticias\/#\/schema\/person\/3b46a8017bb3b6560e6d25e15efcbce3","name":"Redacci\u00f3n","image":{"@type":"ImageObject","inLanguage":"es","@id":"https:\/\/secure.gravatar.com\/avatar\/44ae5b6444b1d6bfad0fa2d296e7b83179dddfeb63627d1357b77aaeb316afa8?s=96&d=mm&r=g","url":"https:\/\/secure.gravatar.com\/avatar\/44ae5b6444b1d6bfad0fa2d296e7b83179dddfeb63627d1357b77aaeb316afa8?s=96&d=mm&r=g","contentUrl":"https:\/\/secure.gravatar.com\/avatar\/44ae5b6444b1d6bfad0fa2d296e7b83179dddfeb63627d1357b77aaeb316afa8?s=96&d=mm&r=g","caption":"Redacci\u00f3n"},"sameAs":["http:\/\/www.enorsai.com\/noticias"],"url":"https:\/\/www.enorsai.com\/noticias\/author\/admin\/"}]}},"_links":{"self":[{"href":"https:\/\/www.enorsai.com\/noticias\/wp-json\/wp\/v2\/posts\/14605","targetHints":{"allow":["GET"]}}],"collection":[{"href":"https:\/\/www.enorsai.com\/noticias\/wp-json\/wp\/v2\/posts"}],"about":[{"href":"https:\/\/www.enorsai.com\/noticias\/wp-json\/wp\/v2\/types\/post"}],"author":[{"embeddable":true,"href":"https:\/\/www.enorsai.com\/noticias\/wp-json\/wp\/v2\/users\/1"}],"replies":[{"embeddable":true,"href":"https:\/\/www.enorsai.com\/noticias\/wp-json\/wp\/v2\/comments?post=14605"}],"version-history":[{"count":1,"href":"https:\/\/www.enorsai.com\/noticias\/wp-json\/wp\/v2\/posts\/14605\/revisions"}],"predecessor-version":[{"id":14607,"href":"https:\/\/www.enorsai.com\/noticias\/wp-json\/wp\/v2\/posts\/14605\/revisions\/14607"}],"wp:featuredmedia":[{"embeddable":true,"href":"https:\/\/www.enorsai.com\/noticias\/wp-json\/wp\/v2\/media\/14606"}],"wp:attachment":[{"href":"https:\/\/www.enorsai.com\/noticias\/wp-json\/wp\/v2\/media?parent=14605"}],"wp:term":[{"taxonomy":"category","embeddable":true,"href":"https:\/\/www.enorsai.com\/noticias\/wp-json\/wp\/v2\/categories?post=14605"},{"taxonomy":"post_tag","embeddable":true,"href":"https:\/\/www.enorsai.com\/noticias\/wp-json\/wp\/v2\/tags?post=14605"}],"curies":[{"name":"wp","href":"https:\/\/api.w.org\/{rel}","templated":true}]}}