{"id":1374,"date":"2025-02-14T08:38:42","date_gmt":"2025-02-14T11:38:42","guid":{"rendered":"https:\/\/www.enorsai.com\/noticias\/?p=1374"},"modified":"2025-02-14T08:38:42","modified_gmt":"2025-02-14T11:38:42","slug":"macri-se-sube-a-la-ola-de-la-censura-graves-prohibiciones-a-docentes-portenos","status":"publish","type":"post","link":"https:\/\/www.enorsai.com\/noticias\/politica\/macri-se-sube-a-la-ola-de-la-censura-graves-prohibiciones-a-docentes-portenos\/","title":{"rendered":"Macri se sube a la ola de la censura: graves prohibiciones a docentes porte\u00f1os"},"content":{"rendered":"\n<p>La decisi\u00f3n de Ciudad, de impedirle a los docentes abordar ciertos temas en clase, ya est\u00e1 siendo cuestionada por gremios y legisladores.<\/p>\n\n\n\n<p>El Gobierno de la Ciudad de Buenos Aires estableci\u00f3 nuevas restricciones para los docentes: a partir de ahora, no podr\u00e1n expresar opiniones sobre religi\u00f3n, pol\u00edtica o sexualidad en el aula.<\/p>\n\n\n\n<p>La medida se oficializ\u00f3 a trav\u00e9s de un reglamento interno que fue enviado a las escuelas y gener\u00f3 fuertes cr\u00edticas desde distintos sectores.<\/p>\n\n\n\n<p>El documento establece que los docentes tienen prohibido \u00abexpresar, durante el desarrollo de las clases, opiniones o adoptar conductas de manera intencionada que pudieran influir, confundir y\/o afectar a los menores en temas relacionados con religi\u00f3n, sexualidad, g\u00e9nero, etnia, pol\u00edtica partidaria u otros de similar relevancia\u00bb.<\/p>\n\n\n\n<p>La secretaria general de Ademys, Amanda Mart\u00edn, fue una de las primeras en denunciar la situaci\u00f3n al compartir una captura del reglamento en redes sociales. \u201cEn caso de que estos temas surjan durante la clase por iniciativa del estudiante, el docente deber\u00e1 informar al equipo de conducci\u00f3n para que los equipos especializados puedan intervenir y brindar el acompa\u00f1amiento necesario al estudiante y su familia en cada situaci\u00f3n\u201d, indica el documento.<\/p>\n\n\n\n<p>Desde el gremio docente consideraron que esta medida es un intento de censura y de control ideol\u00f3gico sobre la educaci\u00f3n p\u00fablica. En la misma l\u00ednea, la diputada nacional Vanina Biasi llev\u00f3 el tema al Congreso y lo vincul\u00f3 con otras decisiones recientes del Ejecutivo porte\u00f1o.<\/p>\n\n\n\n<p>\u201cEstamos en presencia de un proceso de persecuci\u00f3n pol\u00edtica e ideol\u00f3gica contra la docencia\u201d, sostuvo en el recinto. Adem\u00e1s, repudi\u00f3 al jefe de Gobierno, Jorge Macri, por haber impulsado esta normativa, que calific\u00f3 como \u201cuna estrategia para disciplinar y censurar a los trabajadores de la educaci\u00f3n\u201d.<\/p>\n\n\n\n<p>El Gobierno porte\u00f1o proh\u00edbe a los docentes hablar de pol\u00edtica, religi\u00f3n y sexualidad en las aulas<\/p>\n\n\n\n<p>La decisi\u00f3n del Gobierno de la Ciudad se da en un contexto de creciente debate sobre el acceso a contenidos de Educaci\u00f3n Sexual Integral (ESI).<\/p>\n\n\n\n<p>En enero, la gesti\u00f3n de Macri ya hab\u00eda bloqueado material did\u00e1ctico en los portales oficiales bajo el argumento de que se realizar\u00eda una \u00abrevisi\u00f3n exhaustiva\u00bb del contenido.<\/p>\n\n\n\n<p>Mientras el oficialismo defiende la medida como parte de una pol\u00edtica de \u201cneutralidad\u201d en las aulas, los sectores cr\u00edticos advierten sobre el impacto que puede tener en la formaci\u00f3n de los estudiantes y en la libertad de c\u00e1tedra de los docentes.<\/p>\n\n\n\n<p>Por Ezequiel Bucetto para Data Diario<\/p>\n","protected":false},"excerpt":{"rendered":"<p>La decisi\u00f3n de Ciudad, de impedirle a los docentes abordar ciertos temas en clase, ya est\u00e1 siendo cuestionada por gremios y legisladores. El Gobierno de la Ciudad de Buenos Aires estableci\u00f3 nuevas restricciones para los docentes: a partir de ahora, no podr\u00e1n expresar opiniones sobre religi\u00f3n, pol\u00edtica o sexualidad en el aula. La medida se&#8230;<\/p>\n","protected":false},"author":5,"featured_media":1375,"comment_status":"open","ping_status":"open","sticky":false,"template":"","format":"standard","meta":{"_monsterinsights_skip_tracking":false,"_monsterinsights_sitenote_active":false,"_monsterinsights_sitenote_note":"","_monsterinsights_sitenote_category":0,"footnotes":"","jetpack_publicize_message":"","jetpack_publicize_feature_enabled":true,"jetpack_social_post_already_shared":true,"jetpack_social_options":{"image_generator_settings":{"template":"highway","default_image_id":0,"font":"","enabled":false},"version":2}},"categories":[2],"tags":[58,504,43,514],"class_list":["post-1374","post","type-post","status-publish","format-standard","has-post-thumbnail","hentry","category-politica","tag-ajuste","tag-censura","tag-crisis","tag-macri"],"jetpack_publicize_connections":[],"_links":{"self":[{"href":"https:\/\/www.enorsai.com\/noticias\/wp-json\/wp\/v2\/posts\/1374","targetHints":{"allow":["GET"]}}],"collection":[{"href":"https:\/\/www.enorsai.com\/noticias\/wp-json\/wp\/v2\/posts"}],"about":[{"href":"https:\/\/www.enorsai.com\/noticias\/wp-json\/wp\/v2\/types\/post"}],"author":[{"embeddable":true,"href":"https:\/\/www.enorsai.com\/noticias\/wp-json\/wp\/v2\/users\/5"}],"replies":[{"embeddable":true,"href":"https:\/\/www.enorsai.com\/noticias\/wp-json\/wp\/v2\/comments?post=1374"}],"version-history":[{"count":1,"href":"https:\/\/www.enorsai.com\/noticias\/wp-json\/wp\/v2\/posts\/1374\/revisions"}],"predecessor-version":[{"id":1376,"href":"https:\/\/www.enorsai.com\/noticias\/wp-json\/wp\/v2\/posts\/1374\/revisions\/1376"}],"wp:featuredmedia":[{"embeddable":true,"href":"https:\/\/www.enorsai.com\/noticias\/wp-json\/wp\/v2\/media\/1375"}],"wp:attachment":[{"href":"https:\/\/www.enorsai.com\/noticias\/wp-json\/wp\/v2\/media?parent=1374"}],"wp:term":[{"taxonomy":"category","embeddable":true,"href":"https:\/\/www.enorsai.com\/noticias\/wp-json\/wp\/v2\/categories?post=1374"},{"taxonomy":"post_tag","embeddable":true,"href":"https:\/\/www.enorsai.com\/noticias\/wp-json\/wp\/v2\/tags?post=1374"}],"curies":[{"name":"wp","href":"https:\/\/api.w.org\/{rel}","templated":true}]}}