{"id":1367,"date":"2025-02-14T11:00:00","date_gmt":"2025-02-14T14:00:00","guid":{"rendered":"https:\/\/www.enorsai.com\/noticias\/?p=1367"},"modified":"2025-02-14T07:49:21","modified_gmt":"2025-02-14T10:49:21","slug":"petroleros-de-santa-cruz-van-al-paro-general-por-tiempo-indeterminado-contra-el-abandono-del-gobierno-de-milei","status":"publish","type":"post","link":"https:\/\/www.enorsai.com\/noticias\/sociedad\/petroleros-de-santa-cruz-van-al-paro-general-por-tiempo-indeterminado-contra-el-abandono-del-gobierno-de-milei\/","title":{"rendered":"Petroleros de Santa Cruz van al paro general por tiempo indeterminado contra el abandono del gobierno de Milei"},"content":{"rendered":"\n<p><strong><em>El sindicato petrolero exige la salida inmediata de YPF de la provincia, adelantar las paritarias y garantizar la reincorporaci\u00f3n de trabajadores. Una lucha que expone la crisis energ\u00e9tica y el desmantelamiento de la industria bajo la gesti\u00f3n de Javier Milei.<\/em><\/strong><\/p>\n\n\n\n<p>En una asamblea hist\u00f3rica en Las Heras, el Sindicato de Petroleros de Santa Cruz (SIPGER) anunci\u00f3 un paro general por tiempo indeterminado. La medida busca exigir la salida definitiva de YPF, adelantar las negociaciones salariales y frenar el desmantelamiento de la industria petrolera en la provincia.<\/p>\n\n\n\n<p>La provincia de Santa Cruz, hist\u00f3ricamente vinculada a la producci\u00f3n de hidrocarburos, se encuentra hoy en el epicentro de una crisis que amenaza con dejar a miles de trabajadores en la calle y profundizar el desempleo en la regi\u00f3n. El Sindicato de Petroleros de Santa Cruz (SIPGER), liderado por Rafael G\u00fcenchenen, anunci\u00f3 un paro general por tiempo indeterminado en rechazo a la salida de YPF de la provincia y la falta de respuestas a los reclamos salariales.<\/p>\n\n\n\n\n\n<p>La decisi\u00f3n fue tomada en una asamblea multitudinaria en Las Heras, donde los trabajadores expresaron su hartazgo ante el abandono de la petrolera estatal y la indiferencia del gobierno nacional. \u201cNo queremos esta YPF que solo genera desocupaci\u00f3n\u201d, afirm\u00f3 G\u00fcenchenen con contundencia, mientras miles de petroleros coreaban consignas contra la empresa y el gobierno de Javier Milei.<\/p>\n\n\n\n<p>El conflicto no es nuevo. Desde hace m\u00e1s de un a\u00f1o, YPF anunci\u00f3 su retirada de Santa Cruz para concentrar sus inversiones en Vaca Muerta, dejando a los yacimientos convencionales de la provincia en un estado de abandono progresivo. Este proceso, lejos de ser ordenado, ha generado despidos masivos, retiros voluntarios y una ca\u00edda dr\u00e1stica en la producci\u00f3n, afectando no solo a los trabajadores, sino tambi\u00e9n a la econom\u00eda local.<\/p>\n\n\n\n<p>\u201cHace m\u00e1s de un a\u00f1o que estamos esperando que se vayan. No los queremos m\u00e1s en Santa Cruz\u201d, expres\u00f3 G\u00fcenchenen durante la asamblea. El dirigente sindical responsabiliz\u00f3 a YPF por la crisis en los yacimientos y acus\u00f3 a la empresa de utilizar sus recursos para financiar campa\u00f1as pol\u00edticas en lugar de invertir en la industria. Adem\u00e1s, critic\u00f3 duramente al presidente de YPF, Horacio Mar\u00edn, por no acelerar el proceso de retirada y dejar a los trabajadores en la incertidumbre.<\/p>\n\n\n\n<div class=\"wp-block-jetpack-related-posts\">\n<h2 class=\"wp-block-heading\"><\/h2>\n<\/div>\n\n\n\n<p>Pero el paro no solo busca exigir la salida de YPF. El sindicato tambi\u00e9n reclama la apertura inmediata de las paritarias 2025, adelantando las negociaciones salariales previstas para abril. \u201cNo vamos a permitir que nos ignoren ni que dejen a nuestros compa\u00f1eros sin trabajo\u201d, enfatiz\u00f3 G\u00fcenchenen, dejando en claro que la presi\u00f3n continuar\u00e1 hasta que la empresa y el gobierno brinden respuestas concretas.<\/p>\n\n\n\n<p>La situaci\u00f3n en Santa Cruz es un reflejo de las pol\u00edticas econ\u00f3micas del gobierno de Javier Milei, que prioriza el ajuste fiscal y la desregulaci\u00f3n del mercado por encima de la protecci\u00f3n de la industria nacional. Mientras Milei insiste en recortar el gasto p\u00fablico y desmantelar el Estado, miles de trabajadores petroleros enfrentan un futuro incierto, con despidos, suspensiones y una ca\u00edda en sus ingresos.<\/p>\n\n\n\n<p>El impacto de la salida de YPF no se limita a los trabajadores. La provincia de Santa Cruz, que depende en gran medida de la actividad petrolera, enfrenta una crisis econ\u00f3mica sin precedentes. En Las Heras, localidad emblem\u00e1tica de la industria, se registra un incremento en la oferta de alquileres y ventas de propiedades, mientras muchas familias migran a Neuqu\u00e9n en busca de oportunidades en Vaca Muerta.<\/p>\n\n\n\n\n\n<p>El sindicato, sin embargo, no se resigna. G\u00fcenchenen asegur\u00f3 que hay empresas interesadas en operar los yacimientos que dejar\u00e1 YPF, pero las negociaciones no avanzan debido a la falta de voluntad de la petrolera estatal. \u201cCada vez que se sientan a discutir, YPF se levanta y los deja solos\u201d, denunci\u00f3 el dirigente, exigiendo un traspaso ordenado de los yacimientos a nuevas operadoras.<\/p>\n\n\n\n<p>El paro general por tiempo indeterminado es una medida extrema, pero necesaria para los petroleros de Santa Cruz. Es una lucha por el empleo, por la dignidad y por el futuro de una provincia que no est\u00e1 dispuesta a ser abandonada. Mientras el gobierno de Milei sigue empe\u00f1ado en su plan de ajuste, los trabajadores petroleros demuestran que la resistencia es la \u00fanica salida frente a un modelo que solo beneficia a unos pocos.<\/p>\n\n\n\n<p>Fuentes:<\/p>\n\n\n\n<ul class=\"wp-block-list\">\n<li><a href=\"https:\/\/www.infogremiales.com.ar\/anunciaron-paro-petrolero-por-tiempo-indeterminado-ante-la-salida-de-ypf\/\">https:\/\/www.infogremiales.com.ar\/anunciaron-paro-petrolero-por-tiempo-indeterminado-ante-la-salida-de-ypf\/<\/a><\/li>\n\n\n\n<li><a href=\"https:\/\/energiaonline.com.ar\/santa-cruz-asamblea-petrolera-vota-el-paro-general-ante-la-salida-de-ypf\/\">https:\/\/energiaonline.com.ar\/santa-cruz-asamblea-petrolera-vota-el-paro-general-ante-la-salida-de-ypf\/<\/a><\/li>\n\n\n\n<li><a href=\"https:\/\/laopinionaustral.com.ar\/politica-y-economia\/petroleros-de-santa-cruz-van-al-paro-general-por-tiempo-indeterminado-para-exigir-la-salida-de-ypf-504772.html\">https:\/\/laopinionaustral.com.ar\/politica-y-economia\/petroleros-de-santa-cruz-van-al-paro-general-por-tiempo-indeterminado-para-exigir-la-salida-de-ypf-504772.html<\/a><\/li>\n<\/ul>\n\n\n","protected":false},"excerpt":{"rendered":"<p>Petroleros de Santa Cruz anuncian paro general por tiempo indeterminado contra la salida de YPF y el abandono del gobierno de Milei. Exigen paritarias inmediatas y reincorporaci\u00f3n de trabajadores. Una lucha que refleja la crisis energ\u00e9tica y el desmantelamiento de la industria bajo pol\u00edticas de ajuste.<\/p>\n","protected":false},"author":1,"featured_media":1368,"comment_status":"open","ping_status":"open","sticky":false,"template":"","format":"standard","meta":{"_monsterinsights_skip_tracking":false,"_monsterinsights_sitenote_active":false,"_monsterinsights_sitenote_note":"","_monsterinsights_sitenote_category":0,"footnotes":"","jetpack_publicize_message":"","jetpack_publicize_feature_enabled":true,"jetpack_social_post_already_shared":true,"jetpack_social_options":{"image_generator_settings":{"template":"highway","default_image_id":0,"font":"","enabled":false},"version":2}},"categories":[4],"tags":[45,546,412,414,411],"class_list":["post-1367","post","type-post","status-publish","format-standard","has-post-thumbnail","hentry","category-sociedad","tag-milei","tag-paro","tag-petroleros","tag-santa-cruz","tag-ypf"],"jetpack_publicize_connections":[],"_links":{"self":[{"href":"https:\/\/www.enorsai.com\/noticias\/wp-json\/wp\/v2\/posts\/1367","targetHints":{"allow":["GET"]}}],"collection":[{"href":"https:\/\/www.enorsai.com\/noticias\/wp-json\/wp\/v2\/posts"}],"about":[{"href":"https:\/\/www.enorsai.com\/noticias\/wp-json\/wp\/v2\/types\/post"}],"author":[{"embeddable":true,"href":"https:\/\/www.enorsai.com\/noticias\/wp-json\/wp\/v2\/users\/1"}],"replies":[{"embeddable":true,"href":"https:\/\/www.enorsai.com\/noticias\/wp-json\/wp\/v2\/comments?post=1367"}],"version-history":[{"count":1,"href":"https:\/\/www.enorsai.com\/noticias\/wp-json\/wp\/v2\/posts\/1367\/revisions"}],"predecessor-version":[{"id":1370,"href":"https:\/\/www.enorsai.com\/noticias\/wp-json\/wp\/v2\/posts\/1367\/revisions\/1370"}],"wp:featuredmedia":[{"embeddable":true,"href":"https:\/\/www.enorsai.com\/noticias\/wp-json\/wp\/v2\/media\/1368"}],"wp:attachment":[{"href":"https:\/\/www.enorsai.com\/noticias\/wp-json\/wp\/v2\/media?parent=1367"}],"wp:term":[{"taxonomy":"category","embeddable":true,"href":"https:\/\/www.enorsai.com\/noticias\/wp-json\/wp\/v2\/categories?post=1367"},{"taxonomy":"post_tag","embeddable":true,"href":"https:\/\/www.enorsai.com\/noticias\/wp-json\/wp\/v2\/tags?post=1367"}],"curies":[{"name":"wp","href":"https:\/\/api.w.org\/{rel}","templated":true}]}}