{"id":13393,"date":"2026-04-27T11:14:05","date_gmt":"2026-04-27T14:14:05","guid":{"rendered":"https:\/\/www.enorsai.com\/noticias\/?p=13393"},"modified":"2026-04-27T11:14:05","modified_gmt":"2026-04-27T14:14:05","slug":"kicillof-refuerza-la-entrega-de-medicamentos-ante-el-ajuste-de-milei","status":"publish","type":"post","link":"https:\/\/www.enorsai.com\/noticias\/sociedad\/salud\/kicillof-refuerza-la-entrega-de-medicamentos-ante-el-ajuste-de-milei\/","title":{"rendered":"Kicillof refuerza la entrega de medicamentos ante el ajuste de Milei"},"content":{"rendered":"\n<p><strong><em>El gobernador bonaerense, Axel Kicillof, va a anunciar un refuerzo del programa de medicamentos provincial que llega a todos los municipios. Los detalles.<\/em><\/strong><\/p>\n\n\n\n<p>El gobernador de la provincia de Buenos Aires, Axel Kicillof, va a anunciar un refuerzo del programa Medicamentos Bonaerenses. La medida coincide con la interrupci\u00f3n del Remediar por parte del Ministerio de Salud de la Naci\u00f3n anunciado semanas atr\u00e1s. Buscan llegar a todos los municipios.<\/p>\n\n\n\n<p>Seg\u00fan adelant\u00f3 el ministro de Gobierno provincial, Carlos Bianco, los detalles de la iniciativa los va a anunciar el propio Kicillof. Eso va a ser el jueves de esta semana durante una recorrida por el dep\u00f3sito de medicamentos del Hospital Interzonal Especializado de Agudos y Cr\u00f3nicos Doctor Alejandro Korn, ubicado en Romero, localidad de La Plata.<\/p>\n\n\n\n<p>Lo cierto es que la Provincia adquiri\u00f3 74 medicamentos en una licitaci\u00f3n p\u00fablica por m\u00e1s de 24.500 millones de pesos. \u201cEl gobierno nacional deja de invertir en el suministro de medicamentos e inmediatamente el gobierno provincial tiene que asistir a la poblaci\u00f3n que queda desguarecida\u201d, expres\u00f3 Bianco este lunes.<\/p>\n\n\n\n<p>En medio de algunas tensiones internas por la distribuci\u00f3n de alimentos, el funcionario de Kicillof aclar\u00f3 que \u201cno se puede esperar que una provincia se haga cargo de todo lo que abandona un gobierno como el de Milei\u201d. \u201cSe hace todo lo que se puede en el marco de los recursos con los que cuenta la Provincia\u201d, sentenci\u00f3<\/p>\n\n\n\n<p>La agenda semanal del gobernador<\/p>\n\n\n\n<p>El anuncio vinculado al Medicamentos Bonaerenses va a ser sobre el cierre de esta semana que termina con el feriado nacional por el D\u00eda del Trabajador. Antes de eso, Kicillof tiene previsto una serie de actividades en el interior de la Provincia.<\/p>\n\n\n\n<p>Ma\u00f1ana va a estar en Coronel Su\u00e1rez inaugurando la ampliaci\u00f3n del centro universitario Puentes, recorriendo la construcci\u00f3n de la sede del CEF 70, entregando 162 escrituras e insumos para cooperativas textiles.<\/p>\n\n\n\n<p>El mi\u00e9rcoles se va a trasladar a Guamin\u00ed para presentar la repavimentaci\u00f3n de la ruta provincial 85, que conecta dicho distrito con la localidad de Huangel\u00e9n. En Guamin\u00ed tambi\u00e9n se va a inaugurar la planta de tratamientos de agua finalizada por ABSA y van a firmar un convenio de asistencia t\u00e9cnica y financiera con el Centro Federal de Inversiones (CFI).<\/p>\n\n\n\n<p>Por Redacci\u00f3n Infocielo<\/p>\n","protected":false},"excerpt":{"rendered":"<p>El gobernador bonaerense, Axel Kicillof, va a anunciar un refuerzo del programa de medicamentos provincial que llega a todos los municipios. Los detalles. El gobernador de la provincia de Buenos Aires, Axel Kicillof, va a anunciar un refuerzo del programa Medicamentos Bonaerenses. La medida coincide con la interrupci\u00f3n del Remediar por parte del Ministerio de&#8230;<\/p>\n","protected":false},"author":5,"featured_media":13394,"comment_status":"open","ping_status":"open","sticky":false,"template":"","format":"standard","meta":{"_monsterinsights_skip_tracking":false,"_monsterinsights_sitenote_active":false,"_monsterinsights_sitenote_note":"","_monsterinsights_sitenote_category":0,"footnotes":"","jetpack_publicize_message":"","jetpack_publicize_feature_enabled":true,"jetpack_social_post_already_shared":true,"jetpack_social_options":{"image_generator_settings":{"template":"highway","default_image_id":0,"font":"","enabled":false},"version":2}},"categories":[3948],"tags":[58,104,45],"class_list":["post-13393","post","type-post","status-publish","format-standard","has-post-thumbnail","hentry","category-salud","tag-ajuste","tag-kicillof","tag-milei"],"jetpack_publicize_connections":[],"_links":{"self":[{"href":"https:\/\/www.enorsai.com\/noticias\/wp-json\/wp\/v2\/posts\/13393","targetHints":{"allow":["GET"]}}],"collection":[{"href":"https:\/\/www.enorsai.com\/noticias\/wp-json\/wp\/v2\/posts"}],"about":[{"href":"https:\/\/www.enorsai.com\/noticias\/wp-json\/wp\/v2\/types\/post"}],"author":[{"embeddable":true,"href":"https:\/\/www.enorsai.com\/noticias\/wp-json\/wp\/v2\/users\/5"}],"replies":[{"embeddable":true,"href":"https:\/\/www.enorsai.com\/noticias\/wp-json\/wp\/v2\/comments?post=13393"}],"version-history":[{"count":1,"href":"https:\/\/www.enorsai.com\/noticias\/wp-json\/wp\/v2\/posts\/13393\/revisions"}],"predecessor-version":[{"id":13395,"href":"https:\/\/www.enorsai.com\/noticias\/wp-json\/wp\/v2\/posts\/13393\/revisions\/13395"}],"wp:featuredmedia":[{"embeddable":true,"href":"https:\/\/www.enorsai.com\/noticias\/wp-json\/wp\/v2\/media\/13394"}],"wp:attachment":[{"href":"https:\/\/www.enorsai.com\/noticias\/wp-json\/wp\/v2\/media?parent=13393"}],"wp:term":[{"taxonomy":"category","embeddable":true,"href":"https:\/\/www.enorsai.com\/noticias\/wp-json\/wp\/v2\/categories?post=13393"},{"taxonomy":"post_tag","embeddable":true,"href":"https:\/\/www.enorsai.com\/noticias\/wp-json\/wp\/v2\/tags?post=13393"}],"curies":[{"name":"wp","href":"https:\/\/api.w.org\/{rel}","templated":true}]}}