{"id":1330,"date":"2025-02-14T10:00:00","date_gmt":"2025-02-14T13:00:00","guid":{"rendered":"https:\/\/www.enorsai.com\/noticias\/?p=1330"},"modified":"2025-02-14T06:51:31","modified_gmt":"2025-02-14T09:51:31","slug":"sigue-la-fuga-de-funcionarios-renuncio-la-subsecretaria-de-ambiente-en-plena-crisis-por-los-incendios","status":"publish","type":"post","link":"https:\/\/www.enorsai.com\/noticias\/politica\/sigue-la-fuga-de-funcionarios-renuncio-la-subsecretaria-de-ambiente-en-plena-crisis-por-los-incendios\/","title":{"rendered":"Sigue la fuga de funcionarios: Renunci\u00f3 la subsecretaria de Ambiente en plena crisis por los incendios"},"content":{"rendered":"\n<h4 class=\"wp-block-heading\">Ana Lamas dejar\u00e1 su cargo en la cartera que conduce Daniel Scioli por \u00abagotamiento\u00bb y razones \u00abpersonales\u00bb<\/h4>\n\n\n\n<p>En medio de la crisis por los incendios que azotan las provincias de R\u00edo Negro, Nequ\u00e9n, Chubut y Corrientes, el Gobierno sufri\u00f3 una nueva baja en un \u00e1rea clave en este contexto.&nbsp;<strong>Ana Lamas, la subsecretaria de Ambiente de la Naci\u00f3n, present\u00f3 su renuncia en las \u00faltimas horas.&nbsp;<\/strong><\/p>\n\n\n\n<p>En su misiva, la funcionaria asegur\u00f3 que su salida se basa en&nbsp;<strong>\u201cagotamiento\u201d<\/strong>&nbsp;y&nbsp;<strong>razones de \u00edndole \u201cpersonal\u201d.<\/strong><\/p>\n\n\n\n<p>\u201cEstoy esperando la aceptaci\u00f3n\u201d, desliz\u00f3 esta ma\u00f1ana en di\u00e1logo con Infobae y&nbsp;<strong>neg\u00f3 que su renuncia estuviera vinculada a la crisis ambiental causada por los m\u00faltiples incendios en varios puntos del pa\u00eds.&nbsp;<\/strong><\/p>\n\n\n\n<div class=\"wp-block-jetpack-related-posts\">\n<h2 class=\"wp-block-heading\"><\/h2>\n<\/div>\n\n\n\n<p>Sin embargo, la realidad es que en los \u00faltimos meses el Gobierno recort\u00f3 recursos y funciones de la Subsecretar\u00eda de Ambiente, que funciona bajo la \u00f3rbita del secretario de Ambiente, Deportes y Turismo, Daniel Scioli.<\/p>\n\n\n\n<p>En diciembre pasado, el \u00e1rea de Lamas dej\u00f3 de intervenir en la gesti\u00f3n del Sistema Nacional del Manejo del Fuego (SMNF), que fue transferido al Ministerio de Seguridad nacional.<\/p>\n\n\n\n<p>De esta manera, la Subsecretar\u00eda perdi\u00f3 a\u00fan m\u00e1s recursos. Ahora, en medio de una crisis socioambiental grav\u00edsima como son los incendios en la Patagonia y Corrientes, Lamas dej\u00f3 su cargo.&nbsp;<\/p>\n\n\n\n<p>Mientras tanto, Daniel Scioli brilla por su ausencia. Con el traspaso del Sistema Nacional del Manejo del Fuego (SMNF) al Ministerio de Patricia Bullrich, el funcionario se dedica a mostrarse en redes sociales jugando al padel.&nbsp;<\/p>\n\n\n\n<p>Fuente:<\/p>\n\n\n\n<ul class=\"wp-block-list\">\n<li><a href=\"https:\/\/www.diagonales.com\/nacion\/sigue-la-fuga-de-funcionarios--renuncio-la-subsecretaria-de-ambiente-en-plena-crisis-por-los-incendios_a67adfe801f2f50c21677e374\">https:\/\/www.diagonales.com\/nacion\/sigue-la-fuga-de-funcionarios&#8211;renuncio-la-subsecretaria-de-ambiente-en-plena-crisis-por-los-incendios_a67adfe801f2f50c21677e374<\/a><\/li>\n<\/ul>\n\n\n","protected":false},"excerpt":{"rendered":"<p>La denuncia de Crivisqui sobre el financiamiento extranjero a pol\u00edticos salte\u00f1os expone una trama de intereses que condiciona las decisiones nacionales. En medio de la crisis, el silencio del gobierno de Milei alimenta la desconfianza hacia una clase pol\u00edtica que parece servir a poderes ajenos.<\/p>\n","protected":false},"author":1,"featured_media":1332,"comment_status":"open","ping_status":"open","sticky":false,"template":"","format":"standard","meta":{"_monsterinsights_skip_tracking":false,"_monsterinsights_sitenote_active":false,"_monsterinsights_sitenote_note":"","_monsterinsights_sitenote_category":0,"footnotes":"","jetpack_publicize_message":"","jetpack_publicize_feature_enabled":true,"jetpack_social_post_already_shared":true,"jetpack_social_options":{"image_generator_settings":{"template":"highway","default_image_id":0,"font":"","enabled":false},"version":2}},"categories":[2],"tags":[75,537,45,536,538],"class_list":["post-1330","post","type-post","status-publish","format-standard","has-post-thumbnail","hentry","category-politica","tag-corrupcion","tag-financiamiento","tag-milei","tag-politicos","tag-salta"],"jetpack_publicize_connections":[],"_links":{"self":[{"href":"https:\/\/www.enorsai.com\/noticias\/wp-json\/wp\/v2\/posts\/1330","targetHints":{"allow":["GET"]}}],"collection":[{"href":"https:\/\/www.enorsai.com\/noticias\/wp-json\/wp\/v2\/posts"}],"about":[{"href":"https:\/\/www.enorsai.com\/noticias\/wp-json\/wp\/v2\/types\/post"}],"author":[{"embeddable":true,"href":"https:\/\/www.enorsai.com\/noticias\/wp-json\/wp\/v2\/users\/1"}],"replies":[{"embeddable":true,"href":"https:\/\/www.enorsai.com\/noticias\/wp-json\/wp\/v2\/comments?post=1330"}],"version-history":[{"count":1,"href":"https:\/\/www.enorsai.com\/noticias\/wp-json\/wp\/v2\/posts\/1330\/revisions"}],"predecessor-version":[{"id":1333,"href":"https:\/\/www.enorsai.com\/noticias\/wp-json\/wp\/v2\/posts\/1330\/revisions\/1333"}],"wp:featuredmedia":[{"embeddable":true,"href":"https:\/\/www.enorsai.com\/noticias\/wp-json\/wp\/v2\/media\/1332"}],"wp:attachment":[{"href":"https:\/\/www.enorsai.com\/noticias\/wp-json\/wp\/v2\/media?parent=1330"}],"wp:term":[{"taxonomy":"category","embeddable":true,"href":"https:\/\/www.enorsai.com\/noticias\/wp-json\/wp\/v2\/categories?post=1330"},{"taxonomy":"post_tag","embeddable":true,"href":"https:\/\/www.enorsai.com\/noticias\/wp-json\/wp\/v2\/tags?post=1330"}],"curies":[{"name":"wp","href":"https:\/\/api.w.org\/{rel}","templated":true}]}}