{"id":1311,"date":"2025-02-13T19:00:00","date_gmt":"2025-02-13T22:00:00","guid":{"rendered":"http:\/\/www.enorsai.com\/noticias\/?p=1311"},"modified":"2025-02-13T15:35:55","modified_gmt":"2025-02-13T18:35:55","slug":"como-en-el-55-un-intendente-de-san-luis-mando-a-destruir-un-mural-de-peron-y-evita","status":"publish","type":"post","link":"https:\/\/www.enorsai.com\/noticias\/sociedad\/como-en-el-55-un-intendente-de-san-luis-mando-a-destruir-un-mural-de-peron-y-evita\/","title":{"rendered":"Como en el 55: Un intendente de San Luis mand\u00f3 a destruir un mural de Per\u00f3n y Evita"},"content":{"rendered":"\n<p><strong>En un acto que muchos califican de autoritario, la municipalidad de Juana Koslay derrib\u00f3 un mural de Per\u00f3n y Evita sin explicaciones. La medida, repudiada por organizaciones pol\u00edticas y sociales, refleja una escalada de tensiones en un contexto de alianzas cambiantes y disputas ideol\u00f3gicas.<\/strong><\/p>\n\n\n\n<p>En la localidad de Juana Koslay, provincia de San Luis, un mural que honraba a dos de las figuras m\u00e1s emblem\u00e1ticas de la historia argentina, Juan Domingo Per\u00f3n y Eva Duarte de Per\u00f3n, fue derribado por orden de la municipalidad. Todos se\u00f1alan que la orden es responsabilidad del <em>intendente<\/em>\u00a0Toti Videla, perteneciente al Frente Fuerza San Luis.<\/p>\n\n\n\n<p>La obra, ubicada sobre la ruta provincial N\u00b0 20, cerca de la rotonda de Cruz de Piedra, fue eliminada sin previo aviso ni explicaci\u00f3n oficial. Este acto, que ha generado un fuerte repudio en las redes sociales y en sectores pol\u00edticos, no solo borra un s\u00edmbolo art\u00edstico e hist\u00f3rico, sino que tambi\u00e9n plantea serias dudas sobre el respeto a la memoria colectiva y la libertad de expresi\u00f3n en la gesti\u00f3n del intendente Jorge \u201cToti\u201d Videla.<\/p>\n\n\n\n<figure class=\"wp-block-image size-full\"><img loading=\"lazy\" decoding=\"async\" width=\"380\" height=\"461\" src=\"https:\/\/www.enorsai.com\/noticias\/wp-content\/uploads\/2025\/02\/0000.png\" alt=\"\" class=\"wp-image-1313\" srcset=\"https:\/\/www.enorsai.com\/noticias\/wp-content\/uploads\/2025\/02\/0000.png 380w, https:\/\/www.enorsai.com\/noticias\/wp-content\/uploads\/2025\/02\/0000-247x300.png 247w\" sizes=\"auto, (max-width: 380px) 100vw, 380px\" \/><\/figure>\n\n\n\n<p>El mural, creado por el reconocido artista pl\u00e1stico Dido por encargo del exintendente Andr\u00e9s Vallone, era m\u00e1s que una simple obra de arte. Representaba un homenaje a dos l\u00edderes que, m\u00e1s all\u00e1 de las diferencias ideol\u00f3gicas, marcaron a fuego la historia pol\u00edtica y social de Argentina. Su derribo no pas\u00f3 desapercibido: los transe\u00fantes que diariamente circulaban por la zona expresaron su sorpresa y malestar al ver c\u00f3mo los rostros de Per\u00f3n y Evita eran eliminados de la vista p\u00fablica. Adem\u00e1s, los bustos que acompa\u00f1aban la pared recordatoria tambi\u00e9n fueron retirados, lo que agrav\u00f3 la sensaci\u00f3n de que se trataba de un acto deliberado y no de una simple remodelaci\u00f3n.<\/p>\n\n\n\n<p>La falta de explicaciones por parte de la municipalidad ha alimentado a\u00fan m\u00e1s la pol\u00e9mica. \u00bfPor qu\u00e9 derribar un mural que, lejos de ser un elemento conflictivo, formaba parte del paisaje cotidiano de los habitantes de Juana Koslay? Las especulaciones apuntan a las recientes alianzas pol\u00edticas del intendente Videla, quien, a pesar de su origen justicialista, ha estrechado lazos con el PRO y otros partidos de la coalici\u00f3n gobernante. Este giro en su posicionamiento pol\u00edtico podr\u00eda explicar, en parte, la decisi\u00f3n de eliminar un s\u00edmbolo tan asociado al peronismo.<\/p>\n\n\n\n<p>Las reacciones no se hicieron esperar. El Frente por la Justicia Social, recientemente lanzado, emiti\u00f3 un comunicado en el que repudia el derribo del mural y la retirada de los bustos. \u201cEsta vez, la alianza del oficialismo dio un paso m\u00e1s en la escalada de violencia en consonancia con el gobierno nacional\u201d, se\u00f1alaron. Adem\u00e1s, calificaron la medida como \u201cirritante y autoritaria\u201d, y exigieron la restauraci\u00f3n inmediata de los bustos. Por su parte, el Partido Justicialista de La Punta y el PJ Distrito San Luis tambi\u00e9n expresaron su en\u00e9rgico rechazo, describiendo el hecho como \u201cun ataque a la historia, la memoria y los valores de justicia social que representan Per\u00f3n y Evita\u201d.<\/p>\n\n\n\n<figure class=\"wp-block-embed is-type-wp-embed is-provider-incrustado wp-block-embed-incrustado\"><div class=\"wp-block-embed__wrapper\">\n<blockquote class=\"wp-embedded-content\" data-secret=\"TfegZ56ytg\"><a href=\"https:\/\/www.enorsai.com\/noticias\/sociedad\/la-prohibicion-de-milo-j-un-escandalo-de-censura-en-democracia-por-el-gobierno-libertad-avanza-de-milei\/\">La prohibici\u00f3n de Milo J: un esc\u00e1ndalo de censura en democracia por el gobierno \u00abLibertad Avanza\u00bb de Milei<\/a><\/blockquote><iframe loading=\"lazy\" class=\"wp-embedded-content\" sandbox=\"allow-scripts\" security=\"restricted\" style=\"position: absolute; visibility: hidden;\" title=\"\u00abLa prohibici\u00f3n de Milo J: un esc\u00e1ndalo de censura en democracia por el gobierno \u00abLibertad Avanza\u00bb de Milei\u00bb \u2014 \" src=\"https:\/\/www.enorsai.com\/noticias\/sociedad\/la-prohibicion-de-milo-j-un-escandalo-de-censura-en-democracia-por-el-gobierno-libertad-avanza-de-milei\/embed\/#?secret=lJAkEHfk1i#?secret=TfegZ56ytg\" data-secret=\"TfegZ56ytg\" width=\"600\" height=\"338\" frameborder=\"0\" marginwidth=\"0\" marginheight=\"0\" scrolling=\"no\"><\/iframe>\n<\/div><\/figure>\n\n\n\n<p>Este episodio no puede entenderse fuera de un contexto m\u00e1s amplio. En los \u00faltimos a\u00f1os, Argentina ha sido escenario de una polarizaci\u00f3n pol\u00edtica que ha llevado a la confrontaci\u00f3n incluso en el \u00e1mbito de los s\u00edmbolos y la memoria hist\u00f3rica. El derribo del mural de Juana Koslay no es un hecho aislado, sino parte de una tendencia preocupante en la que las disputas ideol\u00f3gicas se trasladan al espacio p\u00fablico, borrando o reescribiendo la historia seg\u00fan los intereses del poder de turno.<\/p>\n\n\n\n<p>La pregunta que queda flotando en el aire es: \u00bfqu\u00e9 mensaje env\u00eda un gobierno local al eliminar un s\u00edmbolo hist\u00f3rico sin di\u00e1logo ni consenso? M\u00e1s all\u00e1 de las diferencias pol\u00edticas, la memoria colectiva es un patrimonio de todos, y su manipulaci\u00f3n o destrucci\u00f3n solo contribuye a profundizar las divisiones. En un momento en el que la sociedad argentina necesita puentes y no muros, actos como el de Juana Koslay son un paso en la direcci\u00f3n equivocada.<\/p>\n\n\n\n<p>El silencio de la municipalidad, lejos de apaciguar los \u00e1nimos, ha generado m\u00e1s preguntas que respuestas. \u00bfQu\u00e9 har\u00e1n con los bustos retirados? \u00bfHabr\u00e1 alguna explicaci\u00f3n oficial? Mientras tanto, los vecinos de Juana Koslay y los defensores de la memoria hist\u00f3rica seguir\u00e1n exigiendo respuestas y reclamando que se restituya lo que, m\u00e1s all\u00e1 de las ideolog\u00edas, es parte de la identidad de un pueblo.<\/p>\n\n\n\n<figure class=\"wp-block-image size-full\"><img loading=\"lazy\" decoding=\"async\" width=\"695\" height=\"720\" src=\"https:\/\/www.enorsai.com\/noticias\/wp-content\/uploads\/2025\/02\/image-6.png\" alt=\"\" class=\"wp-image-1315\" srcset=\"https:\/\/www.enorsai.com\/noticias\/wp-content\/uploads\/2025\/02\/image-6.png 695w, https:\/\/www.enorsai.com\/noticias\/wp-content\/uploads\/2025\/02\/image-6-290x300.png 290w\" sizes=\"auto, (max-width: 695px) 100vw, 695px\" \/><\/figure>\n\n\n\n<p><strong>Fuentes:<\/strong><\/p>\n\n\n\n<ul class=\"wp-block-list\">\n<li><a href=\"https:\/\/www.eldiariodelarepublica.com\/nota\/2025-2-12-11-33-0-tiraron-un-mural-de-peron-y-evita-en-juana-koslay\">https:\/\/www.eldiariodelarepublica.com\/nota\/2025-2-12-11-33-0-tiraron-un-mural-de-peron-y-evita-en-juana-koslay<\/a><\/li>\n\n\n\n<li><a href=\"https:\/\/apuntesdesanluis.com\/index.php\/2025\/02\/12\/polemico-derribo-de-un-mural-de-peron-y-evita-en-juana-koslay\/\">https:\/\/apuntesdesanluis.com\/index.php\/2025\/02\/12\/polemico-derribo-de-un-mural-de-peron-y-evita-en-juana-koslay\/<\/a><\/li>\n<\/ul>\n\n\n\n<p><\/p>\n\n\n","protected":false},"excerpt":{"rendered":"<p>El derribo del mural de Per\u00f3n y Evita en Juana Koslay, ordenado por la municipalidad, desat\u00f3 pol\u00e9mica y repudios. Sin explicaciones oficiales, el acto refleja tensiones pol\u00edticas y un ataque a la memoria colectiva. Organizaciones exigen la restituci\u00f3n de los bustos y denuncian autoritarismo.<\/p>\n","protected":false},"author":1,"featured_media":1312,"comment_status":"open","ping_status":"open","sticky":false,"template":"","format":"standard","meta":{"_monsterinsights_skip_tracking":false,"_monsterinsights_sitenote_active":false,"_monsterinsights_sitenote_note":"","_monsterinsights_sitenote_category":0,"footnotes":"","jetpack_publicize_message":"","jetpack_publicize_feature_enabled":true,"jetpack_social_post_already_shared":true,"jetpack_social_options":{"image_generator_settings":{"template":"highway","default_image_id":0,"font":"","enabled":false},"version":2}},"categories":[4],"tags":[],"class_list":["post-1311","post","type-post","status-publish","format-standard","has-post-thumbnail","hentry","category-sociedad"],"jetpack_publicize_connections":[],"_links":{"self":[{"href":"https:\/\/www.enorsai.com\/noticias\/wp-json\/wp\/v2\/posts\/1311","targetHints":{"allow":["GET"]}}],"collection":[{"href":"https:\/\/www.enorsai.com\/noticias\/wp-json\/wp\/v2\/posts"}],"about":[{"href":"https:\/\/www.enorsai.com\/noticias\/wp-json\/wp\/v2\/types\/post"}],"author":[{"embeddable":true,"href":"https:\/\/www.enorsai.com\/noticias\/wp-json\/wp\/v2\/users\/1"}],"replies":[{"embeddable":true,"href":"https:\/\/www.enorsai.com\/noticias\/wp-json\/wp\/v2\/comments?post=1311"}],"version-history":[{"count":2,"href":"https:\/\/www.enorsai.com\/noticias\/wp-json\/wp\/v2\/posts\/1311\/revisions"}],"predecessor-version":[{"id":1316,"href":"https:\/\/www.enorsai.com\/noticias\/wp-json\/wp\/v2\/posts\/1311\/revisions\/1316"}],"wp:featuredmedia":[{"embeddable":true,"href":"https:\/\/www.enorsai.com\/noticias\/wp-json\/wp\/v2\/media\/1312"}],"wp:attachment":[{"href":"https:\/\/www.enorsai.com\/noticias\/wp-json\/wp\/v2\/media?parent=1311"}],"wp:term":[{"taxonomy":"category","embeddable":true,"href":"https:\/\/www.enorsai.com\/noticias\/wp-json\/wp\/v2\/categories?post=1311"},{"taxonomy":"post_tag","embeddable":true,"href":"https:\/\/www.enorsai.com\/noticias\/wp-json\/wp\/v2\/tags?post=1311"}],"curies":[{"name":"wp","href":"https:\/\/api.w.org\/{rel}","templated":true}]}}