{"id":1287,"date":"2025-02-13T13:00:00","date_gmt":"2025-02-13T16:00:00","guid":{"rendered":"https:\/\/www.enorsai.com\/noticias\/?p=1287"},"modified":"2025-02-13T09:59:18","modified_gmt":"2025-02-13T12:59:18","slug":"cfk-prepara-una-reunion-clave-para-reorganizar-el-pj-y-definir-su-postura-frente-a-los-dirigentes-que-apoyan-al-gobierno-de-milei","status":"publish","type":"post","link":"https:\/\/www.enorsai.com\/noticias\/politica\/cfk-prepara-una-reunion-clave-para-reorganizar-el-pj-y-definir-su-postura-frente-a-los-dirigentes-que-apoyan-al-gobierno-de-milei\/","title":{"rendered":"CFK prepara una reuni\u00f3n clave para reorganizar el PJ y definir su postura frente a los dirigentes que apoyan al gobierno de Milei"},"content":{"rendered":"\n<p><strong><em>Cristina Kirchner busca revitalizar el peronismo con una convocatoria hist\u00f3rica al Consejo Nacional del PJ. En la mira est\u00e1n los dirigentes que, siendo electos por el peronismo, hoy votan con el gobierno de Javier Milei. \u00bfExpulsiones o reconciliaciones?<\/em><\/strong><\/p>\n\n\n\n<p>Mientras el gobierno de Javier Milei avanza con su agenda de ajuste y desregulaci\u00f3n, Cristina Kirchner no pierde tiempo. La ex presidenta y actual l\u00edder del Partido Justicialista (PJ) est\u00e1 preparando una movida estrat\u00e9gica que podr\u00eda redefinir el futuro del peronismo: la convocatoria al Consejo Nacional del PJ en marzo. Este encuentro no es un mero tr\u00e1mite partidario, sino una se\u00f1al clara de que Cristina busca reorganizar y fortalecer al peronismo frente a un oficialismo que, desde su llegada al poder, no ha dejado de atacar las bases del movimiento.<\/p>\n\n\n\n<p>Seg\u00fan fuentes cercanas a la ex mandataria, la reuni\u00f3n tendr\u00e1 dos objetivos principales. Por un lado, dotar al PJ de una estructura din\u00e1mica y moderna que le permita recuperar su capacidad de movilizaci\u00f3n y representaci\u00f3n. Por otro, definir una postura clara frente a aquellos dirigentes que, habiendo sido electos bajo la bandera del peronismo, hoy apoyan las pol\u00edticas de Milei. Entre ellos, figuras como el gobernador de Tucum\u00e1n, Osvaldo Jaldo, y varios diputados que han votado a favor de las iniciativas del oficialismo.<\/p>\n\n\n\n<figure class=\"wp-block-embed is-type-video is-provider-youtube wp-block-embed-youtube wp-embed-aspect-16-9 wp-has-aspect-ratio\"><div class=\"wp-block-embed__wrapper\">\n<iframe loading=\"lazy\" title=\"CRISTINA KIRCHNER convocar\u00e1 al CONSEJO NACIONAL DEL PJ\" width=\"640\" height=\"360\" src=\"https:\/\/www.youtube.com\/embed\/mCV06zSgHCg?feature=oembed\" frameborder=\"0\" allow=\"accelerometer; autoplay; clipboard-write; encrypted-media; gyroscope; picture-in-picture; web-share\" referrerpolicy=\"strict-origin-when-cross-origin\" allowfullscreen><\/iframe>\n<\/div><\/figure>\n\n\n\n<p>La pregunta que ronda en los pasillos del PJ es: \u00bfqu\u00e9 hacer con estos \u00abtraidores\u00bb? Algunos sectores del partido abogan por seguir el ejemplo del radicalismo, que en su momento expuls\u00f3 a quienes se alinearon con el macrismo. \u00abClaridad: votaste peronista, cumpl\u00ed con la plataforma\u00bb, argumentan. Otros, en cambio, prefieren una estrategia m\u00e1s conciliadora, buscando evitar fracturas internas en un momento en que la unidad es m\u00e1s necesaria que nunca.<\/p>\n\n\n\n<p>Pero la convocatoria al Consejo Nacional no es el \u00fanico movimiento de Cristina. La ex presidenta tambi\u00e9n planea retomar sus apariciones p\u00fablicas, con visitas a la provincia de Buenos Aires y al interior del pa\u00eds. Tucum\u00e1n, donde Jaldo gobierna en alianza con La Libertad Avanza, ser\u00eda uno de los primeros destinos. La visita de Cristina a un territorio controlado por un aliado de Milei no ser\u00eda casual: es una forma de demostrar que el peronismo sigue vivo y que no teme enfrentar al oficialismo en su propio terreno.<\/p>\n\n\n\n<p>Este resurgir de Cristina no ocurre en un vac\u00edo pol\u00edtico. El gobierno de Milei, con su ret\u00f3rica antiperonista y su agenda de ajuste, ha generado un clima de polarizaci\u00f3n que beneficia a quienes buscan reconstruir la identidad del peronismo. Adem\u00e1s, las pol\u00edticas econ\u00f3micas del oficialismo, caracterizadas por fuertes recortes y despidos, han generado un creciente malestar social que el peronismo podr\u00eda capitalizar.<\/p>\n\n\n\n<figure class=\"wp-block-embed is-type-wp-embed is-provider-incrustado wp-block-embed-incrustado\"><div class=\"wp-block-embed__wrapper\">\n<blockquote class=\"wp-embedded-content\" data-secret=\"DRaqo4vRwZ\"><a href=\"https:\/\/www.enorsai.com\/noticias\/economia\/el-saqueo-del-agua-empresario-qatari-y-ex-tenista-construiran-represas-hidroelectricas-entre-bariloche-y-el-bolson\/\">El saqueo del agua: Empresario qatar\u00ed y ex tenista construir\u00e1n represas hidroel\u00e9ctricas entre Bariloche y El Bols\u00f3n<\/a><\/blockquote><iframe loading=\"lazy\" class=\"wp-embedded-content\" sandbox=\"allow-scripts\" security=\"restricted\" style=\"position: absolute; visibility: hidden;\" title=\"\u00abEl saqueo del agua: Empresario qatar\u00ed y ex tenista construir\u00e1n represas hidroel\u00e9ctricas entre Bariloche y El Bols\u00f3n\u00bb \u2014 \" src=\"https:\/\/www.enorsai.com\/noticias\/economia\/el-saqueo-del-agua-empresario-qatari-y-ex-tenista-construiran-represas-hidroelectricas-entre-bariloche-y-el-bolson\/embed\/#?secret=cA6Njzzzqb#?secret=DRaqo4vRwZ\" data-secret=\"DRaqo4vRwZ\" width=\"600\" height=\"338\" frameborder=\"0\" marginwidth=\"0\" marginheight=\"0\" scrolling=\"no\"><\/iframe>\n<\/div><\/figure>\n\n\n\n<p>Sin embargo, no todo es color de rosa para Cristina. La ex presidenta sigue siendo un blanco constante de ataques medi\u00e1ticos y judiciales, y su figura divide aguas incluso dentro del propio peronismo. Algunos sectores la ven como la \u00fanica l\u00edder capaz de unificar al movimiento, mientras que otros la consideran un lastre que impide la renovaci\u00f3n del partido.<\/p>\n\n\n\n<p>Lo que est\u00e1 claro es que la convocatoria al Consejo Nacional del PJ marca un punto de inflexi\u00f3n. Cristina no solo busca reorganizar al peronismo, sino tambi\u00e9n enviar un mensaje al gobierno de Milei: el peronismo no est\u00e1 muerto, y est\u00e1 dispuesto a luchar por recuperar el espacio que le corresponde en la pol\u00edtica argentina.<\/p>\n\n\n\n<p>En un contexto de creciente descontento social y polarizaci\u00f3n pol\u00edtica, la reuni\u00f3n de marzo podr\u00eda ser el inicio de un nuevo cap\u00edtulo en la historia del peronismo. Un cap\u00edtulo en el que Cristina Kirchner, una vez m\u00e1s, juega un papel central.<\/p>\n\n\n\n<p><\/p>\n\n\n","protected":false},"excerpt":{"rendered":"<p>Cristina Kirchner convoca al Consejo Nacional del PJ en marzo para reorganizar el peronismo y definir su postura frente a dirigentes que apoyan a Milei. Con visitas al interior y una agenda de unidad, busca revitalizar el movimiento en un contexto de ajuste y polarizaci\u00f3n.<\/p>\n","protected":false},"author":1,"featured_media":1288,"comment_status":"open","ping_status":"open","sticky":false,"template":"","format":"standard","meta":{"_monsterinsights_skip_tracking":false,"_monsterinsights_sitenote_active":false,"_monsterinsights_sitenote_note":"","_monsterinsights_sitenote_category":0,"footnotes":"","jetpack_publicize_message":"","jetpack_publicize_feature_enabled":true,"jetpack_social_post_already_shared":true,"jetpack_social_options":{"image_generator_settings":{"template":"highway","default_image_id":0,"font":"","enabled":false},"version":2}},"categories":[2],"tags":[88,87,523,45,363,524,72],"class_list":["post-1287","post","type-post","status-publish","format-standard","has-post-thumbnail","hentry","category-politica","tag-cfk","tag-cristina","tag-cristina-fernandez-de-kirchner","tag-milei","tag-peronismo","tag-pj","tag-politica"],"jetpack_publicize_connections":[],"_links":{"self":[{"href":"https:\/\/www.enorsai.com\/noticias\/wp-json\/wp\/v2\/posts\/1287","targetHints":{"allow":["GET"]}}],"collection":[{"href":"https:\/\/www.enorsai.com\/noticias\/wp-json\/wp\/v2\/posts"}],"about":[{"href":"https:\/\/www.enorsai.com\/noticias\/wp-json\/wp\/v2\/types\/post"}],"author":[{"embeddable":true,"href":"https:\/\/www.enorsai.com\/noticias\/wp-json\/wp\/v2\/users\/1"}],"replies":[{"embeddable":true,"href":"https:\/\/www.enorsai.com\/noticias\/wp-json\/wp\/v2\/comments?post=1287"}],"version-history":[{"count":1,"href":"https:\/\/www.enorsai.com\/noticias\/wp-json\/wp\/v2\/posts\/1287\/revisions"}],"predecessor-version":[{"id":1289,"href":"https:\/\/www.enorsai.com\/noticias\/wp-json\/wp\/v2\/posts\/1287\/revisions\/1289"}],"wp:featuredmedia":[{"embeddable":true,"href":"https:\/\/www.enorsai.com\/noticias\/wp-json\/wp\/v2\/media\/1288"}],"wp:attachment":[{"href":"https:\/\/www.enorsai.com\/noticias\/wp-json\/wp\/v2\/media?parent=1287"}],"wp:term":[{"taxonomy":"category","embeddable":true,"href":"https:\/\/www.enorsai.com\/noticias\/wp-json\/wp\/v2\/categories?post=1287"},{"taxonomy":"post_tag","embeddable":true,"href":"https:\/\/www.enorsai.com\/noticias\/wp-json\/wp\/v2\/tags?post=1287"}],"curies":[{"name":"wp","href":"https:\/\/api.w.org\/{rel}","templated":true}]}}