{"id":1261,"date":"2025-02-13T09:00:00","date_gmt":"2025-02-13T12:00:00","guid":{"rendered":"http:\/\/www.enorsai.com\/noticias\/?p=1261"},"modified":"2025-02-13T07:29:54","modified_gmt":"2025-02-13T10:29:54","slug":"el-satsaid-denuncia-el-vaciamiento-y-posible-cierre-del-canal-somos-santa-fe","status":"publish","type":"post","link":"https:\/\/www.enorsai.com\/noticias\/sociedad\/el-satsaid-denuncia-el-vaciamiento-y-posible-cierre-del-canal-somos-santa-fe\/","title":{"rendered":"El SATSAID denuncia el vaciamiento y posible cierre del canal Somos Santa Fe"},"content":{"rendered":"\n<p><strong>Telecom, bajo la marca Personal Flow, decidi\u00f3 reemplazar el noticiero local de Somos Santa Fe por una se\u00f1al de Rosario, dejando a decenas de trabajadores en la incertidumbre. El sindicato SATSAID exige respuestas, pero el gobierno de Javier Milei parece m\u00e1s interesado en desregular que en proteger los medios locales.<\/strong><\/p>\n\n\n\n<p>El canal Somos Santa Fe, una de las pocas ventanas que le quedaban a la provincia para contar sus propias historias, est\u00e1 al borde del apag\u00f3n definitivo. Telecom, la gigante de las telecomunicaciones que opera bajo la marca Personal Flow, decidi\u00f3 sin previo aviso reemplazar el noticiero local por una se\u00f1al proveniente de Rosario. Esta medida, que parece ser el primer paso hacia el cierre definitivo del canal, ha dejado a decenas de trabajadores en la incertidumbre y ha generado un fuerte repudio por parte del sindicato SATSAID, que ya ha enviado una carta documento exigiendo explicaciones.<\/p>\n\n\n\n<p>El lunes 10 de febrero, los empleados de Somos Santa Fe llegaron a sus puestos de trabajo para encontrarse con que su labor diaria ya no ten\u00eda sentido. La empresa hab\u00eda decidido unilateralmente dejar de emitir el noticiero local y, en su lugar, transmitir una se\u00f1al de Rosario. Para los trabajadores que no aceptaron los retiros voluntarios, esta decisi\u00f3n fue un balde de agua fr\u00eda. No solo se les neg\u00f3 la posibilidad de seguir produciendo contenido local, sino que tambi\u00e9n se les dej\u00f3 en la m\u00e1s absoluta incertidumbre sobre su futuro laboral.<\/p>\n\n\n\n<figure class=\"wp-block-embed is-type-wp-embed is-provider-incrustado wp-block-embed-incrustado\"><div class=\"wp-block-embed__wrapper\">\n<blockquote class=\"wp-embedded-content\" data-secret=\"Gz0pyIYv1p\"><a href=\"https:\/\/www.enorsai.com\/noticias\/economia\/hidrovia-el-gobierno-de-milei-convirtio-una-licitacion-clave-en-un-escandalo-internacional\/\">Hidrov\u00eda: El Gobierno de Milei convirti\u00f3 una licitaci\u00f3n clave en un esc\u00e1ndalo internacional\u00bb<\/a><\/blockquote><iframe loading=\"lazy\" class=\"wp-embedded-content\" sandbox=\"allow-scripts\" security=\"restricted\" style=\"position: absolute; visibility: hidden;\" title=\"\u00abHidrov\u00eda: El Gobierno de Milei convirti\u00f3 una licitaci\u00f3n clave en un esc\u00e1ndalo internacional\u00bb\u00bb \u2014 \" src=\"https:\/\/www.enorsai.com\/noticias\/economia\/hidrovia-el-gobierno-de-milei-convirtio-una-licitacion-clave-en-un-escandalo-internacional\/embed\/#?secret=tbj6V9iWbj#?secret=Gz0pyIYv1p\" data-secret=\"Gz0pyIYv1p\" width=\"600\" height=\"338\" frameborder=\"0\" marginwidth=\"0\" marginheight=\"0\" scrolling=\"no\"><\/iframe>\n<\/div><\/figure>\n\n\n\n<p>El sindicato SATSAID, representado por el secretario General Adjunto Marcelo Rigo, no tard\u00f3 en reaccionar. El mismo lunes, envi\u00f3 una carta documento a Telecom exigiendo una aclaraci\u00f3n sobre la situaci\u00f3n de los trabajadores y trabajadoras. En la misiva, el gremio intim\u00f3 a la empresa a dar una respuesta en un plazo de 48 horas. Sin embargo, hasta el momento, la empresa ha guardado un silencio que solo aumenta la preocupaci\u00f3n.<\/p>\n\n\n\n<p>Lo que est\u00e1 en juego aqu\u00ed no es solo el futuro de un canal de televisi\u00f3n, sino la supervivencia de la identidad local en un ecosistema medi\u00e1tico cada vez m\u00e1s concentrado y menos diverso. Somos Santa Fe no es un simple canal de cable; es una ventana a la cultura, las noticias y las problem\u00e1ticas de una provincia que lucha por mantener su voz en un pa\u00eds donde los medios locales est\u00e1n desapareciendo a un ritmo alarmante.<\/p>\n\n\n\n<p>El gobierno de Javier Milei, que ha hecho de la desregulaci\u00f3n y el libre mercado su bandera, parece no tener inter\u00e9s en detener este proceso. Mientras las grandes empresas como Telecom toman decisiones que afectan directamente a las comunidades locales, el gobierno se limita a observar desde la distancia. La falta de pol\u00edticas p\u00fablicas que protejan a los medios locales y a sus trabajadores es una muestra m\u00e1s de la desidia de un gobierno que prioriza los intereses corporativos sobre las necesidades de la poblaci\u00f3n.<\/p>\n\n\n\n<figure class=\"wp-block-embed is-type-wp-embed is-provider-incrustado wp-block-embed-incrustado\"><div class=\"wp-block-embed__wrapper\">\n<blockquote class=\"wp-embedded-content\" data-secret=\"jhfvPHstA2\"><a href=\"https:\/\/www.enorsai.com\/noticias\/economia\/alvarez-agis-el-ajuste-y-el-cepo-la-receta-letal-de-milei-y-caputo\/\">\u00c1lvarez Agis: El ajuste y el cepo, la receta letal de Milei y Caputo<\/a><\/blockquote><iframe loading=\"lazy\" class=\"wp-embedded-content\" sandbox=\"allow-scripts\" security=\"restricted\" style=\"position: absolute; visibility: hidden;\" title=\"\u00ab\u00c1lvarez Agis: El ajuste y el cepo, la receta letal de Milei y Caputo\u00bb \u2014 \" src=\"https:\/\/www.enorsai.com\/noticias\/economia\/alvarez-agis-el-ajuste-y-el-cepo-la-receta-letal-de-milei-y-caputo\/embed\/#?secret=WVqDCErs0q#?secret=jhfvPHstA2\" data-secret=\"jhfvPHstA2\" width=\"600\" height=\"338\" frameborder=\"0\" marginwidth=\"0\" marginheight=\"0\" scrolling=\"no\"><\/iframe>\n<\/div><\/figure>\n\n\n\n<p>El caso de Somos Santa Fe no es aislado. Es parte de una tendencia preocupante en Argentina, donde los medios locales est\u00e1n siendo vaciados y cerrados, dejando a las comunidades sin herramientas para informarse y expresarse. Si este canal cierra, ser\u00e1 otra voz local que se apaga, otra historia que queda sin contar, otra comunidad que pierde su identidad.<\/p>\n\n\n\n<p>El silencio de Telecom y la indiferencia del gobierno de Milei son c\u00f3mplices de este vaciamiento. Mientras tanto, los trabajadores de Somos Santa Fe siguen esperando respuestas, y la provincia de Santa Fe se queda sin una de las pocas plataformas que le permit\u00edan contar su propia historia.<\/p>\n\n\n\n<p><strong>Fuentes:<\/strong><\/p>\n\n\n\n<ul class=\"wp-block-list\">\n<li><a href=\"https:\/\/satsaid.com.ar\/noticias\/satsaid-denuncia-el-vaciamiento-e-intento-de-cierre-de-somos-santa-fe\/\">https:\/\/satsaid.com.ar\/noticias\/satsaid-denuncia-el-vaciamiento-e-intento-de-cierre-de-somos-santa-fe\/<\/a><\/li>\n\n\n\n<li><a href=\"https:\/\/www.infogremiales.com.ar\/el-sindicato-de-la-television-denuncio-el-intento-de-cierre-del-canal-somos-santa-fe-y-reclamo-explicaciones-a-telecom-por-los-empleos\/\">https:\/\/www.infogremiales.com.ar\/el-sindicato-de-la-television-denuncio-el-intento-de-cierre-del-canal-somos-santa-fe-y-reclamo-explicaciones-a-telecom-por-los-empleos\/<\/a><\/li>\n<\/ul>\n\n\n","protected":false},"excerpt":{"rendered":"<p>Telecom decidi\u00f3 reemplazar el noticiero local de Somos Santa Fe por una se\u00f1al de Rosario, dejando a decenas de trabajadores en la incertidumbre. El sindicato SATSAID exige respuestas, pero el gobierno de Milei parece m\u00e1s interesado en desregular que en proteger los medios locales.<\/p>\n","protected":false},"author":1,"featured_media":1262,"comment_status":"open","ping_status":"open","sticky":false,"template":"","format":"standard","meta":{"_monsterinsights_skip_tracking":false,"_monsterinsights_sitenote_active":false,"_monsterinsights_sitenote_note":"","_monsterinsights_sitenote_category":0,"footnotes":"","jetpack_publicize_message":"","jetpack_publicize_feature_enabled":true,"jetpack_social_post_already_shared":true,"jetpack_social_options":{"image_generator_settings":{"template":"highway","default_image_id":0,"font":"","enabled":false},"version":2}},"categories":[4],"tags":[178,45,519,518,517],"class_list":["post-1261","post","type-post","status-publish","format-standard","has-post-thumbnail","hentry","category-sociedad","tag-medios","tag-milei","tag-satsaid","tag-somossantafe","tag-telecom"],"jetpack_publicize_connections":[],"_links":{"self":[{"href":"https:\/\/www.enorsai.com\/noticias\/wp-json\/wp\/v2\/posts\/1261","targetHints":{"allow":["GET"]}}],"collection":[{"href":"https:\/\/www.enorsai.com\/noticias\/wp-json\/wp\/v2\/posts"}],"about":[{"href":"https:\/\/www.enorsai.com\/noticias\/wp-json\/wp\/v2\/types\/post"}],"author":[{"embeddable":true,"href":"https:\/\/www.enorsai.com\/noticias\/wp-json\/wp\/v2\/users\/1"}],"replies":[{"embeddable":true,"href":"https:\/\/www.enorsai.com\/noticias\/wp-json\/wp\/v2\/comments?post=1261"}],"version-history":[{"count":1,"href":"https:\/\/www.enorsai.com\/noticias\/wp-json\/wp\/v2\/posts\/1261\/revisions"}],"predecessor-version":[{"id":1263,"href":"https:\/\/www.enorsai.com\/noticias\/wp-json\/wp\/v2\/posts\/1261\/revisions\/1263"}],"wp:featuredmedia":[{"embeddable":true,"href":"https:\/\/www.enorsai.com\/noticias\/wp-json\/wp\/v2\/media\/1262"}],"wp:attachment":[{"href":"https:\/\/www.enorsai.com\/noticias\/wp-json\/wp\/v2\/media?parent=1261"}],"wp:term":[{"taxonomy":"category","embeddable":true,"href":"https:\/\/www.enorsai.com\/noticias\/wp-json\/wp\/v2\/categories?post=1261"},{"taxonomy":"post_tag","embeddable":true,"href":"https:\/\/www.enorsai.com\/noticias\/wp-json\/wp\/v2\/tags?post=1261"}],"curies":[{"name":"wp","href":"https:\/\/api.w.org\/{rel}","templated":true}]}}