{"id":12571,"date":"2026-03-15T09:40:35","date_gmt":"2026-03-15T12:40:35","guid":{"rendered":"https:\/\/www.enorsai.com\/noticias\/?p=12571"},"modified":"2026-03-15T09:40:46","modified_gmt":"2026-03-15T12:40:46","slug":"el-deslomado-no-explica-sus-numeros-las-cuentas-de-adorni-y-su-esposa-no-cierran","status":"publish","type":"post","link":"https:\/\/www.enorsai.com\/noticias\/politica\/el-deslomado-no-explica-sus-numeros-las-cuentas-de-adorni-y-su-esposa-no-cierran\/","title":{"rendered":"El \u201cdeslomado\u201d no explica sus n\u00fameros: las cuentas de Adorni y su esposa no cierran"},"content":{"rendered":"<header class=\"entry-header\">\n<p class=\"entry-title\">El \u201cdeslomado\u201d que no explica sus n\u00fameros: las cuentas de Manuel Adorni y su esposa que no cierran. <em>Las inconsistencias entre ingresos declarados, deudas millonarias y viajes de lujo volvieron a colocar a Manuel Adorni en el centro de un esc\u00e1ndalo pol\u00edtico. Mientras el funcionario intenta justificar el uso del avi\u00f3n presidencial para viajar con su pareja, surgen nuevos datos que ponen en duda la compatibilidad entre sus ingresos y su nivel de gastos.<\/em><\/p>\n<h2 class=\"wp-block-heading\">Deudas millonarias con ingresos oficiales mucho menores<\/h2>\n<div class=\"wordads-ad-wrapper wordads-ad-wrapper--inline\">\n<div class=\"wordads-ad\">\n<p class=\"wp-block-paragraph\">El jefe de Gabinete\u00a0<strong>Manuel Adorni<\/strong>\u00a0percibe un sueldo cercano a\u00a0<strong>3,5 millones de pesos mensuales<\/strong>, seg\u00fan datos difundidos en los \u00faltimos d\u00edas. Sin embargo, registros del Banco Central indican que en enero\u00a0<strong>acumulaba deudas por m\u00e1s de 9 millones de pesos<\/strong>, una cifra que resulta dif\u00edcil de explicar en relaci\u00f3n con sus ingresos oficiales.<\/p>\n<p class=\"wp-block-paragraph\">Las inconsistencias no se limitan al funcionario. Tambi\u00e9n aparecen interrogantes sobre las finanzas de su pareja,\u00a0<strong>Bettina Julieta Angeletti<\/strong>, en un contexto donde ambos protagonizan pol\u00e9micas por viajes costosos y movimientos econ\u00f3micos que todav\u00eda no han sido aclarados p\u00fablicamente.<\/p>\n<h2 class=\"wp-block-heading\">El viaje en el avi\u00f3n presidencial que desat\u00f3 el esc\u00e1ndalo<\/h2>\n<p class=\"wp-block-paragraph\">El caso estall\u00f3 cuando se conoci\u00f3 que\u00a0<strong>Angeletti viaj\u00f3 a Nueva York junto a la comitiva oficial en el avi\u00f3n presidencial<\/strong>, pese a no ocupar ning\u00fan cargo en el Estado. La situaci\u00f3n gener\u00f3 fuertes cr\u00edticas y oblig\u00f3 al propio Adorni a admitir que su esposa fue invitada a subir al Tango 01.<\/p>\n<p class=\"wp-block-paragraph\">El funcionario intent\u00f3 justificarse argumentando que quer\u00eda que su pareja lo acompa\u00f1ara mientras \u00e9l viajaba para trabajar, en medio de una agenda oficial. Sin embargo, lejos de cerrar la pol\u00e9mica, la explicaci\u00f3n abri\u00f3 nuevas preguntas sobre\u00a0<strong>qui\u00e9n paga realmente esos viajes y bajo qu\u00e9 criterios se utilizan los recursos del Estado<\/strong>.<\/p>\n<h2 class=\"wp-block-heading\">El dato que revel\u00f3 NLI: vuelos privados, consultora y negocios alrededor del poder<\/h2>\n<p class=\"wp-block-paragraph\">Pero la pol\u00e9mica no se limita al vuelo presidencial.\u00a0<strong>Una <a href=\"https:\/\/www.enorsai.com\/noticias\/politica\/los-vuelos-de-adorni-la-consultora-de-su-esposa-y-el-negocio-que-la-une-a-karina-milei-en-tecnopolis\/\">investigaci\u00f3n exclusiva \u00a0<\/a>revel\u00f3 informaci\u00f3n adicional que ampl\u00eda el esc\u00e1ndalo y coloca a la pareja en el centro de un entramado de viajes, negocios y v\u00ednculos pol\u00edticos.<\/strong><\/p>\n<p class=\"wp-block-paragraph\">Seg\u00fan esa investigaci\u00f3n period\u00edstica,\u00a0<strong>Adorni tambi\u00e9n habr\u00eda realizado en febrero un viaje a Punta del Este en un avi\u00f3n privado cuyo costo rondar\u00eda los 10.000 d\u00f3lares<\/strong>, acompa\u00f1ado por su familia y un periodista de la TV P\u00fablica. El episodio gener\u00f3 nuevas preguntas sobre\u00a0<strong>el origen de los fondos utilizados para financiar ese traslado<\/strong>, dado que el monto resulta dif\u00edcil de compatibilizar con los ingresos declarados por el funcionario.<\/p>\n<p class=\"wp-block-paragraph\">El informe de NLI tambi\u00e9n puso el foco en la actividad empresarial de\u00a0<strong>Bettina Angeletti<\/strong>, quien cre\u00f3 recientemente su propia consultora llamada\u00a0<strong>\u201cMasBe\u201d<\/strong>, dedicada a asesoramiento y coaching empresarial. La aparici\u00f3n de esa empresa coincide con el ascenso pol\u00edtico de su esposo y, seg\u00fan la investigaci\u00f3n, habr\u00eda comenzado a sumar clientes vinculados al entorno del oficialismo.<\/p>\n<h2 class=\"wp-block-heading\">La conexi\u00f3n con el negocio de Tecn\u00f3polis<\/h2>\n<p class=\"wp-block-paragraph\">El punto m\u00e1s delicado del informe apunta a\u00a0<strong>los v\u00ednculos comerciales entre la consultora de Angeletti y sectores cercanos al entorno de Karina Milei<\/strong>, particularmente en torno a proyectos vinculados con\u00a0<strong>Tecn\u00f3polis<\/strong>, un espacio estrat\u00e9gico del Estado que podr\u00eda quedar bajo nuevas concesiones privadas.<\/p>\n<p class=\"wp-block-paragraph\">Seg\u00fan los datos publicados, la consultora de la esposa del jefe de Gabinete tendr\u00eda relaciones laborales con actores empresariales vinculados a ese proceso, lo que abre interrogantes sobre\u00a0<strong>posibles conflictos de intereses entre los negocios privados del entorno familiar de Adorni y decisiones pol\u00edticas del gobierno<\/strong>.<\/p>\n<h2 class=\"wp-block-heading\">Un esc\u00e1ndalo que golpea el discurso oficial<\/h2>\n<p class=\"wp-block-paragraph\">La pol\u00e9mica resulta particularmente inc\u00f3moda para el gobierno de\u00a0<strong>Milei<\/strong>, que construy\u00f3 buena parte de su narrativa pol\u00edtica denunciando a la \u201ccasta\u201d y prometiendo austeridad en el manejo del Estado.<\/p>\n<div class=\"wordads-ad-wrapper wordads-ad-wrapper--inline\">\n<div class=\"wordads-ad\">\n<p class=\"wp-block-paragraph\">En ese contexto, el caso Adorni funciona como una paradoja dif\u00edcil de disimular:\u00a0<strong>un funcionario que defiende el ajuste y la motosierra estatal, pero que no logra explicar con claridad sus propios n\u00fameros ni los negocios que orbitan alrededor de su entorno familiar<\/strong>.<\/p>\n<p class=\"wp-block-paragraph\">Mientras el jefe de Gabinete contin\u00faa en el exterior y las denuncias pol\u00edticas y medi\u00e1ticas se multiplican, el interrogante permanece abierto. En un gobierno que hizo de la transparencia un eslogan,\u00a0<strong>las cuentas del hombre encargado de comunicar el rumbo oficial parecen ser, por ahora, las m\u00e1s opacas de todas<\/strong>.<\/p>\n<\/div>\n<p>&nbsp;<\/p>\n<div class=\"wordads-ad\">\n<div class=\"wp-block-group has-border-color\">\n<div class=\"wp-block-group__inner-container is-layout-flow wp-block-group-is-layout-flow\"><\/div>\n<\/div>\n<\/div>\n<\/div>\n<\/div>\n<\/div>\n<\/header>\n","protected":false},"excerpt":{"rendered":"<p>Las cuentas del jefe de Gabinete Manuel Adorni y de su esposa Bettina Angeletti quedaron bajo sospecha. Deudas millonarias, viajes en avi\u00f3n presidencial y vuelos privados contrastan con ingresos declarados. La consultora MasBe y posibles v\u00ednculos con negocios en Tecn\u00f3polis profundizan un esc\u00e1ndalo que golpea el discurso anticasta del gobierno.<\/p>\n","protected":false},"author":7,"featured_media":12573,"comment_status":"open","ping_status":"open","sticky":false,"template":"","format":"standard","meta":{"_monsterinsights_skip_tracking":false,"_monsterinsights_sitenote_active":false,"_monsterinsights_sitenote_note":"","_monsterinsights_sitenote_category":0,"footnotes":"","jetpack_publicize_message":"","jetpack_publicize_feature_enabled":true,"jetpack_social_post_already_shared":true,"jetpack_social_options":{"image_generator_settings":{"template":"highway","default_image_id":0,"font":"","enabled":false},"version":2}},"categories":[3947,2,4863],"tags":[1048,4840,106,174,1073,4867,4534,4866,4865,3273],"class_list":["post-12571","post","type-post","status-publish","format-standard","has-post-thumbnail","hentry","category-corrupcion","category-politica","category-vuelos-de-adorni","tag-banco-central","tag-bettina-angeletti","tag-javier-milei","tag-karina-milei","tag-manuel-adorni","tag-masbe","tag-punta-del-este","tag-tango-01","tag-tecnopolis","tag-tv-publica"],"jetpack_publicize_connections":[],"_links":{"self":[{"href":"https:\/\/www.enorsai.com\/noticias\/wp-json\/wp\/v2\/posts\/12571","targetHints":{"allow":["GET"]}}],"collection":[{"href":"https:\/\/www.enorsai.com\/noticias\/wp-json\/wp\/v2\/posts"}],"about":[{"href":"https:\/\/www.enorsai.com\/noticias\/wp-json\/wp\/v2\/types\/post"}],"author":[{"embeddable":true,"href":"https:\/\/www.enorsai.com\/noticias\/wp-json\/wp\/v2\/users\/7"}],"replies":[{"embeddable":true,"href":"https:\/\/www.enorsai.com\/noticias\/wp-json\/wp\/v2\/comments?post=12571"}],"version-history":[{"count":2,"href":"https:\/\/www.enorsai.com\/noticias\/wp-json\/wp\/v2\/posts\/12571\/revisions"}],"predecessor-version":[{"id":12575,"href":"https:\/\/www.enorsai.com\/noticias\/wp-json\/wp\/v2\/posts\/12571\/revisions\/12575"}],"wp:featuredmedia":[{"embeddable":true,"href":"https:\/\/www.enorsai.com\/noticias\/wp-json\/wp\/v2\/media\/12573"}],"wp:attachment":[{"href":"https:\/\/www.enorsai.com\/noticias\/wp-json\/wp\/v2\/media?parent=12571"}],"wp:term":[{"taxonomy":"category","embeddable":true,"href":"https:\/\/www.enorsai.com\/noticias\/wp-json\/wp\/v2\/categories?post=12571"},{"taxonomy":"post_tag","embeddable":true,"href":"https:\/\/www.enorsai.com\/noticias\/wp-json\/wp\/v2\/tags?post=12571"}],"curies":[{"name":"wp","href":"https:\/\/api.w.org\/{rel}","templated":true}]}}