{"id":12568,"date":"2026-03-15T09:22:53","date_gmt":"2026-03-15T12:22:53","guid":{"rendered":"https:\/\/www.enorsai.com\/noticias\/?p=12568"},"modified":"2026-03-15T09:57:42","modified_gmt":"2026-03-15T12:57:42","slug":"adorni-acusado-de-malversacion-defraudacion-y-abuso-de-autoridad","status":"publish","type":"post","link":"https:\/\/www.enorsai.com\/noticias\/politica\/adorni-acusado-de-malversacion-defraudacion-y-abuso-de-autoridad\/","title":{"rendered":"Adorni acusado de malversaci\u00f3n, defraudaci\u00f3n y abuso de autoridad"},"content":{"rendered":"<p><em><strong>Viajes en avi\u00f3n presidencial, un jet privado a Punta del Este, denuncias por malversaci\u00f3n y un blindaje pol\u00edtico inmediato: la pol\u00e9mica que rodea al jefe de Gabinete libertario abre interrogantes inc\u00f3modos sobre el uso del Estado y la moral p\u00fablica en la nueva Argentina. El caso que involucra a Manuel Adorni, uno de los funcionarios m\u00e1s cercanos a Javier Milei, combina privilegios, viajes de lujo, investigaciones judiciales y una defensa cerrada del oficialismo. Mientras el gobierno predica austeridad, el episodio revela tensiones profundas entre discurso y pr\u00e1ctica en el coraz\u00f3n del poder.<\/strong><\/em><\/p>\n<p>El esc\u00e1ndalo que envuelve al jefe de Gabinete Manuel Adorni no surgi\u00f3 de la nada ni de un simple error de comunicaci\u00f3n, como intenta instalar el oficialismo. Al contrario, la controversia que lo tiene en el centro de la escena pol\u00edtica argentina es el resultado de una cadena de hechos que, combinados, dibujan un cuadro inc\u00f3modo para un gobierno que lleg\u00f3 al poder prometiendo transparencia absoluta, austeridad fiscal y el fin de los privilegios de la pol\u00edtica.<\/p>\n<p>La chispa inicial se encendi\u00f3 con un viaje oficial a Nueva York en el marco de la llamada \u201cArgentina Week\u201d, una serie de encuentros con empresarios e inversores organizada para promocionar oportunidades de negocios en el pa\u00eds. La escena parec\u00eda rutinaria dentro del calendario diplom\u00e1tico y econ\u00f3mico del gobierno. Sin embargo, la pol\u00e9mica explot\u00f3 cuando se supo que Bettina Angeletti, esposa de Adorni, integr\u00f3 la comitiva oficial y viaj\u00f3 en el avi\u00f3n presidencial junto al funcionario y otros integrantes del gabinete.<\/p>\n<p>La revelaci\u00f3n no tard\u00f3 en generar ruido pol\u00edtico. En un pa\u00eds atravesado por ajustes econ\u00f3micos, recortes presupuestarios y una narrativa oficial que demoniza cualquier gasto estatal considerado superfluo, la presencia de un familiar en un vuelo oficial encendi\u00f3 alarmas. El propio Adorni intent\u00f3 bajar el tono de la controversia con una explicaci\u00f3n que, lejos de cerrar la discusi\u00f3n, termin\u00f3 aliment\u00e1ndola.<\/p>\n<p>Seg\u00fan sostuvo p\u00fablicamente, su esposa ya ten\u00eda un pasaje comprado para viajar por su cuenta a Nueva York, un ticket que habr\u00eda costado m\u00e1s de 5.000 d\u00f3lares. El funcionario asegur\u00f3 que, debido a cambios de agenda, finalmente \u201cPresidencia la invit\u00f3\u201d a viajar en el avi\u00f3n presidencial junto a la delegaci\u00f3n oficial. En otras palabras, lo que comenz\u00f3 como un viaje privado termin\u00f3 convirti\u00e9ndose en parte de la log\u00edstica estatal.<\/p>\n<p>En su defensa, Adorni insisti\u00f3 en que no se gener\u00f3 ning\u00fan gasto adicional para el Estado. Incluso afirm\u00f3 que los gastos de estad\u00eda y vi\u00e1ticos de su esposa fueron pagados con dinero propio. El problema es que esa explicaci\u00f3n no logr\u00f3 disipar las dudas. Para muchos observadores, la cuesti\u00f3n central no pasa por el costo marginal del traslado sino por el principio pol\u00edtico que est\u00e1 en juego: si es leg\u00edtimo o no que familiares de funcionarios utilicen recursos del Estado para viajar al exterior en misiones oficiales.<\/p>\n<p>La propia reacci\u00f3n posterior del funcionario sugiere que el episodio dej\u00f3 m\u00e1s heridas de las que el gobierno quisiera admitir. En una entrevista posterior, Adorni reconoci\u00f3 que, si pudiera volver atr\u00e1s, su esposa no se hubiera subido al avi\u00f3n. La frase, pronunciada casi con resignaci\u00f3n, fue interpretada como una admisi\u00f3n impl\u00edcita de que el episodio fue, al menos, pol\u00edticamente imprudente.<\/p>\n<p>Pero el caso no termin\u00f3 ah\u00ed. Cuando la pol\u00e9mica por el viaje a Nueva York a\u00fan estaba caliente, comenzaron a circular im\u00e1genes y documentos sobre un segundo desplazamiento que complic\u00f3 todav\u00eda m\u00e1s la situaci\u00f3n. Esta vez no se trataba de un viaje oficial sino de un vuelo privado a Punta del Este durante el fin de semana de Carnaval.<\/p>\n<p><img loading=\"lazy\" decoding=\"async\" class=\"alignleft wp-image-12576 \" src=\"https:\/\/www.enorsai.com\/noticias\/wp-content\/uploads\/2026\/03\/Adorni-acusado-de-malversacion-defraudacion-y-abuso-de-autoridad-2.png\" alt=\"\" width=\"455\" height=\"644\" srcset=\"https:\/\/www.enorsai.com\/noticias\/wp-content\/uploads\/2026\/03\/Adorni-acusado-de-malversacion-defraudacion-y-abuso-de-autoridad-2.png 707w, https:\/\/www.enorsai.com\/noticias\/wp-content\/uploads\/2026\/03\/Adorni-acusado-de-malversacion-defraudacion-y-abuso-de-autoridad-2-212x300.png 212w\" sizes=\"auto, (max-width: 455px) 100vw, 455px\" \/><\/p>\n<p>El traslado se realiz\u00f3 en un jet privado con matr\u00edcula LV-HWA, un Honda Jet operado por la empresa Alpha Centauri. El vuelo parti\u00f3 desde el aeropuerto de San Fernando hacia Laguna del Sauce, en Uruguay, y transport\u00f3 a Adorni, su esposa, sus hijos y el periodista Marcelo Grandio, vinculado a la TV P\u00fablica. El costo estimado del viaje ronda los 10.000 d\u00f3lares, aproximadamente 5.800 por tramo.<\/p>\n<p>Adorni explic\u00f3 que el viaje fue parte de su vida privada y que pag\u00f3 su parte proporcional con dinero propio. Tambi\u00e9n sostuvo que el vuelo habr\u00eda sido organizado por un amigo suyo, el propio Grandio. Sin embargo, la difusi\u00f3n de un video del embarque y la aparici\u00f3n de documentaci\u00f3n aeron\u00e1utica oficial reavivaron las sospechas y ampliaron el foco del esc\u00e1ndalo.<\/p>\n<p>La pregunta inevitable comenz\u00f3 a circular con insistencia en el mundo pol\u00edtico y medi\u00e1tico: \u00bfqui\u00e9n pag\u00f3 realmente ese vuelo y bajo qu\u00e9 condiciones? Hasta ahora no existe una respuesta clara que cierre definitivamente la discusi\u00f3n.<\/p>\n<p>El episodio tom\u00f3 una dimensi\u00f3n a\u00fan mayor cuando la Procuradur\u00eda de Investigaciones Administrativas decidi\u00f3 abrir una investigaci\u00f3n de oficio para analizar ambos viajes. El organismo busca determinar si existi\u00f3 alg\u00fan tipo de irregularidad administrativa o incluso un posible incumplimiento de los deberes de funcionario p\u00fablico.<\/p>\n<p>Paralelamente comenzaron a acumularse denuncias penales. Entre ellas se encuentra la presentada por el abogado Gregorio Dalb\u00f3n, que acusa a Adorni de posibles delitos como malversaci\u00f3n de caudales p\u00fablicos, defraudaci\u00f3n y abuso de autoridad. A esa iniciativa se sum\u00f3 una denuncia impulsada por la diputada Marcela Pagano, ex integrante del propio espacio libertario.<\/p>\n<p>El caso tambi\u00e9n lleg\u00f3 al Congreso, donde legisladores opositores presentaron pedidos de informes y plantearon la posibilidad de interpelar al funcionario para que d\u00e9 explicaciones p\u00fablicas sobre los viajes.<\/p>\n<p>En medio de la tormenta pol\u00edtica, el gobierno reaccion\u00f3 con una estrategia de defensa cerrada. Karina Milei, secretaria general de la Presidencia y figura clave en el armado pol\u00edtico del oficialismo, fue la primera en salir a respaldar al funcionario. En un mensaje publicado en redes sociales expres\u00f3 su \u201capoyo total e incondicional\u201d a Adorni y calific\u00f3 las cr\u00edticas como \u201cbasura medi\u00e1tica\u201d.<\/p>\n<p>El propio presidente Javier Milei se sum\u00f3 r\u00e1pidamente al blindaje pol\u00edtico. En redes sociales defendi\u00f3 al funcionario con una frase que busc\u00f3 relativizar el episodio apelando a argumentos econ\u00f3micos: \u201cSi supieran el concepto de costo marginal\u2026\u201d.<\/p>\n<p>La reacci\u00f3n del resto del gabinete fue inmediata. Ministros y dirigentes oficialistas replicaron mensajes de respaldo en un movimiento coordinado que, seg\u00fan distintas versiones period\u00edsticas, habr\u00eda sido impulsado desde la estructura pol\u00edtica que conduce Karina Milei.<\/p>\n<p>Ese cierre de filas revel\u00f3 otra dimensi\u00f3n del episodio: el temor del oficialismo a que la controversia escale y da\u00f1e la imagen de un gobierno que se presenta como adalid contra los privilegios de la pol\u00edtica tradicional.<\/p>\n<p>Porque all\u00ed reside la paradoja que atraviesa todo el esc\u00e1ndalo. La administraci\u00f3n libertaria construy\u00f3 buena parte de su legitimidad pol\u00edtica denunciando los excesos de la \u201ccasta\u201d. Sin embargo, episodios como este ponen bajo la lupa la coherencia entre ese discurso y las pr\u00e1cticas reales del poder.<\/p>\n<p>Adorni, por su parte, insiste en que todo se trata de una operaci\u00f3n pol\u00edtica impulsada por adversarios que buscan desgastar al gobierno. En declaraciones p\u00fablicas calific\u00f3 las cr\u00edticas como \u201cmugre de la vieja pol\u00edtica\u201d y habl\u00f3 de \u201cataques de seres llenos de maldad\u201d.<\/p>\n<p>Pero la discusi\u00f3n, en rigor, trasciende la disputa partidaria. Lo que est\u00e1 en juego es algo m\u00e1s profundo: el modo en que se administran los recursos p\u00fablicos, el v\u00ednculo entre la \u00e9tica y el poder y la consistencia de un relato pol\u00edtico que promet\u00eda terminar con los privilegios.<\/p>\n<p>En un pa\u00eds golpeado por la desigualdad, donde millones de trabajadores enfrentan salarios deteriorados y recortes en pol\u00edticas sociales, los gestos simb\u00f3licos pesan tanto como las decisiones econ\u00f3micas. Y los viajes de lujo, los aviones privados y las comitivas oficiales cargadas de familiares no son precisamente se\u00f1ales de austeridad.<\/p>\n<p>La investigaci\u00f3n judicial reci\u00e9n comienza y todav\u00eda no existen conclusiones definitivas. Es posible que el caso termine diluy\u00e9ndose entre tecnicismos administrativos o que, por el contrario, escale hasta convertirse en uno de los esc\u00e1ndalos pol\u00edticos m\u00e1s inc\u00f3modos para el gobierno de Milei.<\/p>\n<p>Lo que s\u00ed parece claro es que la historia ya dej\u00f3 una marca. Porque cada vez que un funcionario que predica sacrificio y disciplina fiscal aparece rodeado de privilegios, la grieta entre discurso y realidad se vuelve imposible de ignorar.<\/p>\n<p>Y en pol\u00edtica, como en la vida, las contradicciones suelen ser el combustible para iniciar una crisis .<\/p>\n<p>Fuentes:<br \/>\n<a href=\"https:\/\/www.eldiarioar.com\/politica\/escandalo-avion-presidencial-adorni-dijo-esposa-viajo-invitada-javier-milei_1_13068858.html\">https:\/\/www.eldiarioar.com\/politica\/escandalo-avion-presidencial-adorni-dijo-esposa-viajo-invitada-javier-milei_1_13068858.html<\/a><br \/>\n<a href=\"https:\/\/www.pagina12.com.ar\/2026\/03\/12\/adorni-no-puede-explicar-como-se-pago-el-viaje-de-su-esposa-e-nueva-york-y-le-llueven-denuncias-penales\/\">https:\/\/www.pagina12.com.ar\/2026\/03\/12\/adorni-no-puede-explicar-como-se-pago-el-viaje-de-su-esposa-e-nueva-york-y-le-llueven-denuncias-penales\/<\/a><br \/>\n<a href=\"https:\/\/tn.com.ar\/politica\/2026\/03\/12\/la-justicia-abrio-una-investigacion-sobre-los-viajes-de-manuel-adorni\/\">https:\/\/tn.com.ar\/politica\/2026\/03\/12\/la-justicia-abrio-una-investigacion-sobre-los-viajes-de-manuel-adorni\/<\/a><br \/>\n<a href=\"https:\/\/www.ambito.com\/politica\/la-justicia-abrio-la-primera-investigacion-los-viajes-manuel-adorni-n6255401\">https:\/\/www.ambito.com\/politica\/la-justicia-abrio-la-primera-investigacion-los-viajes-manuel-adorni-n6255401<\/a><br \/>\n<a href=\"https:\/\/www.rionegro.com.ar\/politica\/karina-milei-respaldo-a-manuel-adorni-tras-la-polemica-por-el-viaje-con-su-esposa-a-estados-unidos-siempre-con-vos-4499762\/\">https:\/\/www.rionegro.com.ar\/politica\/karina-milei-respaldo-a-manuel-adorni-tras-la-polemica-por-el-viaje-con-su-esposa-a-estados-unidos-siempre-con-vos-4499762\/<\/a><\/p>\n<p>&nbsp;<\/p>\n","protected":false},"excerpt":{"rendered":"<p>El viaje de la esposa de Manuel Adorni en el avi\u00f3n presidencial y un posterior vuelo privado a Punta del Este desataron un esc\u00e1ndalo pol\u00edtico que ya investiga la Justicia. Denuncias por malversaci\u00f3n, sospechas sobre el uso de recursos p\u00fablicos y el blindaje del gobierno revelan una contradicci\u00f3n inc\u00f3moda para el discurso libertario.<\/p>\n","protected":false},"author":3,"featured_media":12569,"comment_status":"open","ping_status":"open","sticky":false,"template":"","format":"standard","meta":{"_monsterinsights_skip_tracking":false,"_monsterinsights_sitenote_active":false,"_monsterinsights_sitenote_note":"","_monsterinsights_sitenote_category":0,"footnotes":"","jetpack_publicize_message":"","jetpack_publicize_feature_enabled":true,"jetpack_social_post_already_shared":true,"jetpack_social_options":{"image_generator_settings":{"template":"highway","default_image_id":0,"font":"","enabled":false},"version":2}},"categories":[3947,2,4863],"tags":[4777,4840,2968,3159,106,174,1073,3258,4864,4534],"class_list":["post-12568","post","type-post","status-publish","format-standard","has-post-thumbnail","hentry","category-corrupcion","category-politica","category-vuelos-de-adorni","tag-argentina-week","tag-bettina-angeletti","tag-comodoro-py","tag-gregorio-dalbon","tag-javier-milei","tag-karina-milei","tag-manuel-adorni","tag-marcela-pagano","tag-procuracion-investigaciones-administrativas","tag-punta-del-este"],"jetpack_publicize_connections":[],"_links":{"self":[{"href":"https:\/\/www.enorsai.com\/noticias\/wp-json\/wp\/v2\/posts\/12568","targetHints":{"allow":["GET"]}}],"collection":[{"href":"https:\/\/www.enorsai.com\/noticias\/wp-json\/wp\/v2\/posts"}],"about":[{"href":"https:\/\/www.enorsai.com\/noticias\/wp-json\/wp\/v2\/types\/post"}],"author":[{"embeddable":true,"href":"https:\/\/www.enorsai.com\/noticias\/wp-json\/wp\/v2\/users\/3"}],"replies":[{"embeddable":true,"href":"https:\/\/www.enorsai.com\/noticias\/wp-json\/wp\/v2\/comments?post=12568"}],"version-history":[{"count":3,"href":"https:\/\/www.enorsai.com\/noticias\/wp-json\/wp\/v2\/posts\/12568\/revisions"}],"predecessor-version":[{"id":12578,"href":"https:\/\/www.enorsai.com\/noticias\/wp-json\/wp\/v2\/posts\/12568\/revisions\/12578"}],"wp:featuredmedia":[{"embeddable":true,"href":"https:\/\/www.enorsai.com\/noticias\/wp-json\/wp\/v2\/media\/12569"}],"wp:attachment":[{"href":"https:\/\/www.enorsai.com\/noticias\/wp-json\/wp\/v2\/media?parent=12568"}],"wp:term":[{"taxonomy":"category","embeddable":true,"href":"https:\/\/www.enorsai.com\/noticias\/wp-json\/wp\/v2\/categories?post=12568"},{"taxonomy":"post_tag","embeddable":true,"href":"https:\/\/www.enorsai.com\/noticias\/wp-json\/wp\/v2\/tags?post=12568"}],"curies":[{"name":"wp","href":"https:\/\/api.w.org\/{rel}","templated":true}]}}