{"id":12552,"date":"2026-03-14T09:38:30","date_gmt":"2026-03-14T12:38:30","guid":{"rendered":"https:\/\/www.enorsai.com\/noticias\/?p=12552"},"modified":"2026-03-14T15:52:29","modified_gmt":"2026-03-14T18:52:29","slug":"a-donde-nos-lleva-milei","status":"publish","type":"post","link":"https:\/\/www.enorsai.com\/noticias\/politica\/a-donde-nos-lleva-milei\/","title":{"rendered":"\u00bfA donde nos lleva Milei? 100.000 empleos perdidos y la industria en su peor nivel desde 2002"},"content":{"rendered":"<p>La destrucci\u00f3n de puestos de trabajo, la ca\u00edda hist\u00f3rica de la capacidad industrial y el cierre o reconversi\u00f3n de f\u00e1bricas emblem\u00e1ticas revelan el impacto de un modelo econ\u00f3mico que prioriza importaciones y ajuste por sobre producci\u00f3n y empleo. Entre junio y diciembre de 2025 se perdieron casi 100.000 empleos asalariados en Argentina, mientras la industria opera apenas al 53,6% de su capacidad instalada, el peor inicio de a\u00f1o desde 2002. La crisis productiva ya golpea a empresas hist\u00f3ricas como Lumilagro y Moura y expone los l\u00edmites de la pol\u00edtica econ\u00f3mica impulsada por el gobierno de Javier Milei.<\/p>\n<p>Hay n\u00fameros que, cuando aparecen en un informe econ\u00f3mico, suenan fr\u00edos, casi burocr\u00e1ticos. Pero detr\u00e1s de cada cifra hay historias concretas, f\u00e1bricas silenciosas, m\u00e1quinas detenidas y trabajadores que se preguntan qu\u00e9 pas\u00f3 con ese pa\u00eds industrial que alguna vez prometi\u00f3 movilidad social. Hoy, en la Argentina gobernada por Javier Milei, esos n\u00fameros empiezan a dibujar un panorama inquietante: empleo en retroceso, industria paralizada y un modelo econ\u00f3mico que parece mirar m\u00e1s hacia las importaciones que hacia la producci\u00f3n nacional.<\/p>\n<p>Los datos son contundentes. Durante el segundo semestre de 2025, el pa\u00eds perdi\u00f3 casi 100.000 puestos de trabajo asalariados entre el sector p\u00fablico y el privado. Seg\u00fan registros difundidos por medios econ\u00f3micos a partir de informaci\u00f3n oficial, entre junio y diciembre desaparecieron exactamente 96.800 empleos registrados. Es una cifra que no solo refleja un deterioro coyuntural, sino una tendencia que se viene arrastrando desde septiembre de 2023, cuando comenz\u00f3 una ca\u00edda mensual sostenida del empleo privado.<\/p>\n<p>El n\u00famero puede parecer abstracto hasta que se lo traduce a escala social. Noventa y seis mil ochocientas personas que hasta hace poco ten\u00edan un salario formal dejaron de tenerlo. Noventa y seis mil ochocientas familias que enfrentan una incertidumbre creciente en un contexto econ\u00f3mico marcado por recesi\u00f3n, ca\u00edda del consumo y deterioro del mercado laboral.<\/p>\n<p>En diciembre de 2025 el empleo privado registrado qued\u00f3 en 6.197.000 trabajadores. Solo ese mes se perdieron 12.400 puestos. En t\u00e9rminos interanuales, el empleo asalariado total cay\u00f3 un 1% respecto de diciembre de 2024, lo que equivale a m\u00e1s de 106.000 empleos menos.<\/p>\n<p>El detalle de la ca\u00edda tambi\u00e9n revela una realidad inc\u00f3moda para el discurso oficial. La mayor parte de la destrucci\u00f3n laboral se concentr\u00f3 en el sector privado, con 88.800 puestos perdidos, mientras que el empleo p\u00fablico retrocedi\u00f3 en 18.700 trabajadores. Es decir, el deterioro no responde \u00fanicamente a recortes estatales sino a una contracci\u00f3n m\u00e1s profunda del aparato productivo.<\/p>\n<p>Si el empleo es la primera se\u00f1al de alarma, la industria es el term\u00f3metro que confirma la fiebre. En enero de 2026 la industria manufacturera utiliz\u00f3 apenas el 53,6% de su capacidad instalada. Dicho de otra manera: casi la mitad de las m\u00e1quinas, l\u00edneas de producci\u00f3n y plantas fabriles del pa\u00eds est\u00e1n ociosas.<\/p>\n<p>La cifra no es un dato m\u00e1s en la estad\u00edstica econ\u00f3mica. Marca el peor inicio de a\u00f1o desde la crisis de 2002, uno de los momentos m\u00e1s traum\u00e1ticos de la historia reciente argentina. Incluso en enero de 2025 el nivel hab\u00eda sido mayor, con una utilizaci\u00f3n del 55%.<\/p>\n<p><img loading=\"lazy\" decoding=\"async\" class=\"wp-image-12555 alignleft\" src=\"https:\/\/www.enorsai.com\/noticias\/wp-content\/uploads\/2026\/03\/\u00bfA-donde-nos-lleva-Milei-100.000-empleos-perdidos-y-la-industria-en-su-peor-nivel-desde-2002-2.png\" alt=\"\" width=\"418\" height=\"591\" srcset=\"https:\/\/www.enorsai.com\/noticias\/wp-content\/uploads\/2026\/03\/\u00bfA-donde-nos-lleva-Milei-100.000-empleos-perdidos-y-la-industria-en-su-peor-nivel-desde-2002-2.png 707w, https:\/\/www.enorsai.com\/noticias\/wp-content\/uploads\/2026\/03\/\u00bfA-donde-nos-lleva-Milei-100.000-empleos-perdidos-y-la-industria-en-su-peor-nivel-desde-2002-2-212x300.png 212w\" sizes=\"auto, (max-width: 418px) 100vw, 418px\" \/><\/p>\n<p>El retroceso industrial se observa con especial crudeza en sectores estrat\u00e9gicos. La industria automotriz, por ejemplo, pas\u00f3 de utilizar el 34,8% de su capacidad al 24%. El sector textil tambi\u00e9n experiment\u00f3 una ca\u00edda abrupta, de 33,9% a 23,7%. Son n\u00fameros que hablan de f\u00e1bricas produciendo muy por debajo de su potencial, en un contexto donde la demanda interna se desploma y las importaciones ganan terreno.<\/p>\n<p>La explicaci\u00f3n oficial suele apuntar a la necesidad de \u201cordenar\u201d la econom\u00eda tras a\u00f1os de distorsiones. Pero los efectos concretos empiezan a mostrar una cara m\u00e1s \u00e1spera del experimento libertario: menos producci\u00f3n, m\u00e1s capacidad ociosa y un tejido industrial cada vez m\u00e1s fr\u00e1gil.<\/p>\n<p>Los informes acad\u00e9micos refuerzan ese diagn\u00f3stico. Un estudio de la Facultad de Ciencias Econ\u00f3micas de la Universidad de Buenos Aires advierte que la industria argentina perdi\u00f3 cerca de 100.000 puestos de trabajo entre 2023 y 2025. Traducido a t\u00e9rminos cotidianos, significa que el sector manufacturero elimin\u00f3 aproximadamente 160 empleos por d\u00eda durante ese per\u00edodo.<\/p>\n<p>La actividad industrial cay\u00f3 8,3% en esos dos a\u00f1os, mientras la utilizaci\u00f3n de la capacidad instalada se mantuvo por debajo del 60%. Eso implica que m\u00e1s del 40% del aparato productivo permanece inactivo.<\/p>\n<p>El impacto tambi\u00e9n se refleja en el peso de la industria dentro de la econom\u00eda. Seg\u00fan el mismo informe, la participaci\u00f3n del sector manufacturero en el Producto Bruto Interno descendi\u00f3 de 16,5% en 2023 a 13,7% en 2025. Es un retroceso que algunos analistas comparan con niveles previos a la Segunda Guerra Mundial.<\/p>\n<p>El fen\u00f3meno tiene consecuencias estructurales. Cuando la industria pierde peso en la econom\u00eda, el pa\u00eds se vuelve m\u00e1s dependiente de actividades primarias o de servicios de bajo valor agregado. Y cuando las f\u00e1bricas se apagan, no solo se pierden empleos directos: se desarticula toda una red de proveedores, pymes, t\u00e9cnicos y profesionales vinculados a la producci\u00f3n.<\/p>\n<p>En ese escenario, algunos casos empresariales se convierten en s\u00edmbolos de un proceso m\u00e1s amplio.<\/p>\n<p>Uno de los ejemplos m\u00e1s resonantes es el de Lumilagro, la hist\u00f3rica empresa argentina de termos. Despu\u00e9s de m\u00e1s de ocho d\u00e9cadas produciendo vidrio en el pa\u00eds, la compa\u00f1\u00eda decidi\u00f3 apagar sus hornos en su planta de Tortuguitas. El resultado fue la desvinculaci\u00f3n de 170 trabajadores y el comienzo de una nueva etapa basada en la importaci\u00f3n de productos desde China.<\/p>\n<p>La empresa lleg\u00f3 a tener alrededor de 220 empleados directos y hoy mantiene apenas unos 50. La ca\u00edda del consumo interno, sumada a los costos de producci\u00f3n y a la competencia de productos importados, empuj\u00f3 a la compa\u00f1\u00eda hacia un modelo m\u00e1s dependiente del comercio exterior.<\/p>\n<p>El caso de Lumilagro no es aislado. La empresa Moura, dedicada a la fabricaci\u00f3n de bater\u00edas, decidi\u00f3 cerrar dos l\u00edneas de producci\u00f3n en su planta de Pilar y pasar a importar parte de sus productos desde Brasil. La medida afecta al menos a 25 trabajadores y forma parte de un proceso de reestructuraci\u00f3n que refleja las dificultades de la industria local para competir en el nuevo escenario econ\u00f3mico.<\/p>\n<p>Incluso en sectores como el de la indumentaria deportiva, compa\u00f1\u00edas como Topper aparecen mencionadas en informes sobre crisis industrial, despidos y sustituci\u00f3n de producci\u00f3n local por importaciones.<\/p>\n<p>Cada uno de estos casos tiene su propia historia empresarial, sus decisiones internas y sus particularidades. Pero juntos componen una imagen m\u00e1s amplia: una industria que pierde terreno frente a un modelo econ\u00f3mico que apuesta a la apertura comercial y al ajuste fiscal como ejes centrales.<\/p>\n<p>La pregunta que empieza a circular en f\u00e1bricas, sindicatos y universidades es inevitable. \u00bfSe trata de una transici\u00f3n dolorosa hacia una econom\u00eda m\u00e1s eficiente o del inicio de un proceso de desindustrializaci\u00f3n m\u00e1s profundo?<\/p>\n<p>La respuesta, como suele ocurrir en econom\u00eda, no es simple. Pero los n\u00fameros actuales invitan a un debate que el discurso oficial parece evitar. Porque detr\u00e1s de cada porcentaje de capacidad ociosa, detr\u00e1s de cada puesto de trabajo perdido, hay algo m\u00e1s que estad\u00edsticas: hay una discusi\u00f3n sobre el tipo de pa\u00eds que se est\u00e1 construyendo.<\/p>\n<p>Un pa\u00eds que produce o uno que importa. Un pa\u00eds que genera empleo industrial o uno que acepta su desaparici\u00f3n como da\u00f1o colateral de la liberalizaci\u00f3n econ\u00f3mica.<\/p>\n<p>En esa disyuntiva se juega algo m\u00e1s que la coyuntura. Se juega el futuro del trabajo, de la industria y de la sociedad argentina.<\/p>\n<hr \/>\n<p>Fuentes:<br \/>\n<a href=\"https:\/\/noticiasargentinas.com\/economia\/se-perdieron-casi-100-mil-empleos-en-la-segunda-mitad-de-2025_a69b4791fc331fb2518bde942\">https:\/\/noticiasargentinas.com\/economia\/se-perdieron-casi-100-mil-empleos-en-la-segunda-mitad-de-2025_a69b4791fc331fb2518bde942<\/a><br \/>\n<a href=\"https:\/\/www.a24.com\/economia\/la-industria-uso-el-536-su-capacidad-enero-y-registro-el-peor-inicio-ano-el-2002-n1535981\/amp\">https:\/\/www.a24.com\/economia\/la-industria-uso-el-536-su-capacidad-enero-y-registro-el-peor-inicio-ano-el-2002-n1535981\/amp<\/a><br \/>\n<a href=\"https:\/\/www.lacapitalmdp.com\/un-informe-de-la-uba-advierte-que-la-industria-perdio-100-000-empleos-en-dos-anos\/\">https:\/\/www.lacapitalmdp.com\/un-informe-de-la-uba-advierte-que-la-industria-perdio-100-000-empleos-en-dos-anos\/<\/a><br \/>\n<a href=\"https:\/\/www.diariopopular.com.ar\/economia\/crisis-la-era-milei-la-industria-argentina-pierde-160-empleos-dia-n889276\">https:\/\/www.diariopopular.com.ar\/economia\/crisis-la-era-milei-la-industria-argentina-pierde-160-empleos-dia-n889276<\/a><br \/>\n<a href=\"https:\/\/prensamercosur.org\/2026\/03\/12\/la-industria-argentina-en-dos-anos-de-gobierno-de-milei-desindustrializacion-record-100-000-empleos-perdidos-y-conflicto-abierto-con-el-sector-empresarial\/\">https:\/\/prensamercosur.org\/2026\/03\/12\/la-industria-argentina-en-dos-anos-de-gobierno-de-milei-desindustrializacion-record-100-000-empleos-perdidos-y-conflicto-abierto-con-el-sector-empresarial\/<\/a><br \/>\n<a href=\"https:\/\/urgente24.com\/dinero\/importaciones-170-despidos-chau-los-historicos-hornos-lumilagro-y-hola-asia-n620764\">https:\/\/urgente24.com\/dinero\/importaciones-170-despidos-chau-los-historicos-hornos-lumilagro-y-hola-asia-n620764<\/a><br \/>\n<a href=\"https:\/\/www.iprofesional.com\/negocios\/449952-gigante-de-las-baterias-cierra-lineas-produccion-para-importar-de-brasil-y-preven-despidos\">https:\/\/www.iprofesional.com\/negocios\/449952-gigante-de-las-baterias-cierra-lineas-produccion-para-importar-de-brasil-y-preven-despidos<\/a><br \/>\n<a href=\"https:\/\/dib.com.ar\/economia\/una-fabrica-baterias-y-otra-termos-crisis-las-importaciones-n51345\">https:\/\/dib.com.ar\/economia\/una-fabrica-baterias-y-otra-termos-crisis-las-importaciones-n51345<\/a><br \/>\n<a href=\"https:\/\/www.mdzol.com\/dinero\/industria-crisis-despidos-y-sustitucion-produccion-importaciones-topper-lumilagro-y-moura-n1474057\">https:\/\/www.mdzol.com\/dinero\/industria-crisis-despidos-y-sustitucion-produccion-importaciones-topper-lumilagro-y-moura-n1474057<\/a><br \/>\n<a href=\"https:\/\/agendadelsur.com\/index.php\/2026\/03\/10\/la-industria-perdio-100-000-puestos-de-trabajo-desde-que-milei-es-presidente\/\">https:\/\/agendadelsur.com\/index.php\/2026\/03\/10\/la-industria-perdio-100-000-puestos-de-trabajo-desde-que-milei-es-presidente\/<\/a><\/p>\n<p>&nbsp;<\/p>\n","protected":false},"excerpt":{"rendered":"<p>La econom\u00eda argentina atraviesa un deterioro profundo del empleo y la industria. Con casi 100.000 puestos de trabajo perdidos en seis meses y f\u00e1bricas operando al nivel m\u00e1s bajo desde 2002, la crisis productiva expone el impacto del modelo econ\u00f3mico del gobierno de Javier Milei sobre el aparato industrial.<\/p>\n","protected":false},"author":3,"featured_media":12561,"comment_status":"open","ping_status":"open","sticky":false,"template":"","format":"standard","meta":{"_monsterinsights_skip_tracking":false,"_monsterinsights_sitenote_active":false,"_monsterinsights_sitenote_note":"","_monsterinsights_sitenote_category":0,"footnotes":"","jetpack_publicize_message":"\u00bfA donde nos lleva Milei? 100.000 empleos perdidos y la industria en su peor nivel desde 2002","jetpack_publicize_feature_enabled":true,"jetpack_social_post_already_shared":true,"jetpack_social_options":{"image_generator_settings":{"template":"highway","default_image_id":0,"font":"","enabled":false},"version":2}},"categories":[3,2],"tags":[93,15,549,29,106,1847,4861,4862,1306,1382],"class_list":["post-12552","post","type-post","status-publish","format-standard","has-post-thumbnail","hentry","category-economia","category-politica","tag-argentina","tag-economia","tag-indec","tag-industria","tag-javier-milei","tag-lumilagro","tag-moura","tag-topper","tag-trabajo","tag-uba"],"jetpack_publicize_connections":[],"_links":{"self":[{"href":"https:\/\/www.enorsai.com\/noticias\/wp-json\/wp\/v2\/posts\/12552","targetHints":{"allow":["GET"]}}],"collection":[{"href":"https:\/\/www.enorsai.com\/noticias\/wp-json\/wp\/v2\/posts"}],"about":[{"href":"https:\/\/www.enorsai.com\/noticias\/wp-json\/wp\/v2\/types\/post"}],"author":[{"embeddable":true,"href":"https:\/\/www.enorsai.com\/noticias\/wp-json\/wp\/v2\/users\/3"}],"replies":[{"embeddable":true,"href":"https:\/\/www.enorsai.com\/noticias\/wp-json\/wp\/v2\/comments?post=12552"}],"version-history":[{"count":3,"href":"https:\/\/www.enorsai.com\/noticias\/wp-json\/wp\/v2\/posts\/12552\/revisions"}],"predecessor-version":[{"id":12557,"href":"https:\/\/www.enorsai.com\/noticias\/wp-json\/wp\/v2\/posts\/12552\/revisions\/12557"}],"wp:featuredmedia":[{"embeddable":true,"href":"https:\/\/www.enorsai.com\/noticias\/wp-json\/wp\/v2\/media\/12561"}],"wp:attachment":[{"href":"https:\/\/www.enorsai.com\/noticias\/wp-json\/wp\/v2\/media?parent=12552"}],"wp:term":[{"taxonomy":"category","embeddable":true,"href":"https:\/\/www.enorsai.com\/noticias\/wp-json\/wp\/v2\/categories?post=12552"},{"taxonomy":"post_tag","embeddable":true,"href":"https:\/\/www.enorsai.com\/noticias\/wp-json\/wp\/v2\/tags?post=12552"}],"curies":[{"name":"wp","href":"https:\/\/api.w.org\/{rel}","templated":true}]}}