{"id":12546,"date":"2026-03-13T11:14:23","date_gmt":"2026-03-13T14:14:23","guid":{"rendered":"https:\/\/www.enorsai.com\/noticias\/?p=12546"},"modified":"2026-03-13T11:14:23","modified_gmt":"2026-03-13T14:14:23","slug":"la-perla-identifican-restos-de-12-desaparecidos-de-la-dictadura","status":"publish","type":"post","link":"https:\/\/www.enorsai.com\/noticias\/derechos-humanos\/la-perla-identifican-restos-de-12-desaparecidos-de-la-dictadura\/","title":{"rendered":"La Perla: identifican restos de 12 desaparecidos de la dictadura"},"content":{"rendered":"<p><em><strong>La tierra habla en La Perla: identifican restos de 12 desaparecidos y la memoria vuelve a golpear a un pa\u00eds que a\u00fan discute sus derechos humanos. A casi medio siglo del terrorismo de Estado, excavaciones forenses en el ex centro clandestino de C\u00f3rdoba permitieron identificar parcialmente a doce v\u00edctimas de la dictadura. Entre ellas, el cordob\u00e9s Mario Alberto N\u00edvoli, secuestrado en 1977.<\/strong><\/em><\/p>\n<p>El hallazgo en el predio militar de La Calera reabre una herida hist\u00f3rica y confirma lo que durante d\u00e9cadas negaron los verdugos: el aparato represivo dej\u00f3 rastros imposibles de borrar. La identificaci\u00f3n parcial de doce desaparecidos vuelve a poner en el centro del debate la memoria, la justicia y el peligro de relativizar el pasado en un contexto pol\u00edtico que tensiona las pol\u00edticas de derechos humanos.<\/p>\n<p>La tierra guarda secretos. Pero a veces, despu\u00e9s de d\u00e9cadas de silencio, decide hablar. Y cuando lo hace, el resultado suele ser inc\u00f3modo para quienes prefieren mirar hacia otro lado. En C\u00f3rdoba, en el predio donde funcion\u00f3 el ex centro clandestino de detenci\u00f3n La Perla, la tierra volvi\u00f3 a decir lo que los archivos militares, los pactos de silencio y las complicidades institucionales intentaron esconder durante casi cincuenta a\u00f1os.<\/p>\n<p>La Justicia federal confirm\u00f3 la identificaci\u00f3n gen\u00e9tica parcial de los restos de doce personas desaparecidas durante la \u00faltima dictadura militar argentina. Los restos fueron hallados en excavaciones realizadas en el predio donde oper\u00f3 uno de los principales centros de represi\u00f3n ilegal del pa\u00eds. El hallazgo, anunciado en marzo de 2026, se produjo tras trabajos de excavaci\u00f3n realizados en 2025 en un sector conocido como \u201cLoma del Torito\u201d, dentro de la guarnici\u00f3n militar de La Calera.<\/p>\n<p>El operativo estuvo a cargo del Equipo Argentino de Antropolog\u00eda Forense, en colaboraci\u00f3n con el Instituto de Medicina Forense del Poder Judicial de C\u00f3rdoba. Se trata de un trabajo cient\u00edfico meticuloso que combina arqueolog\u00eda, gen\u00e9tica y antropolog\u00eda para reconstruir aquello que el terrorismo de Estado intent\u00f3 borrar. Cada hueso encontrado, cada fragmento analizado, cada coincidencia gen\u00e9tica es una pieza m\u00e1s en el rompecabezas de la memoria.<\/p>\n<p>La identificaci\u00f3n anunciada por el Juzgado Federal N.\u00ba 3 de C\u00f3rdoba es, por ahora, parcial. Eso significa que los estudios gen\u00e9ticos contin\u00faan y que el proceso todav\u00eda debe completarse con nuevas pericias y confirmaciones antes de divulgar p\u00fablicamente todas las identidades. Sin embargo, la noticia ya marca un punto de inflexi\u00f3n: se trata de uno de los avances m\u00e1s significativos en la investigaci\u00f3n sobre La Perla en d\u00e9cadas.<\/p>\n<p>El anuncio llega adem\u00e1s en un contexto cargado de simbolismo hist\u00f3rico. Se produce a pocos d\u00edas del cincuenta aniversario del golpe de Estado del 24 de marzo de 1976, aquel que inaugur\u00f3 el per\u00edodo m\u00e1s oscuro de la historia argentina reciente. Un r\u00e9gimen militar que instaur\u00f3 un sistema organizado de secuestros, torturas, desapariciones y asesinatos.<\/p>\n<p>La Perla fue uno de los epicentros de ese sistema. Ubicado a unos veinte kil\u00f3metros de la ciudad de C\u00f3rdoba, el centro clandestino funcion\u00f3 bajo la \u00f3rbita del Tercer Cuerpo de Ej\u00e9rcito y se convirti\u00f3 en una pieza clave del engranaje represivo en el interior del pa\u00eds. Por ese lugar pasaron entre 2.200 y 2.500 personas detenidas ilegalmente. La mayor\u00eda nunca volvi\u00f3 a aparecer.<\/p>\n<p>Los testimonios de sobrevivientes reconstruyeron con crudeza lo que ocurr\u00eda dentro de esas instalaciones. Detenciones clandestinas, torturas sistem\u00e1ticas, violencia sexual, condiciones de cautiverio inhumanas. La l\u00f3gica del terror estaba dise\u00f1ada para quebrar cuerpos y voluntades.<\/p>\n<p>Pero el final del recorrido era todav\u00eda peor. Muchos detenidos eran trasladados a zonas cercanas para ser ejecutados. Dentro del propio centro, los represores utilizaban una expresi\u00f3n brutal para referirse a ese destino: \u201cir al pozo\u201d. Una frase que funcionaba como sentencia de muerte.<\/p>\n<p>La estructura represiva estaba comandada por el general Luciano Benjam\u00edn Men\u00e9ndez, uno de los principales responsables del terrorismo de Estado en el interior del pa\u00eds. Con el retorno de la democracia fue juzgado y condenado en m\u00faltiples causas por delitos de lesa humanidad, acumulando penas de prisi\u00f3n perpetua antes de su muerte.<\/p>\n<p>D\u00e9cadas despu\u00e9s, la investigaci\u00f3n sobre aquellos cr\u00edmenes contin\u00faa avanzando gracias al trabajo del Equipo Argentino de Antropolog\u00eda Forense. Creado en 1984, este grupo de especialistas se convirti\u00f3 en una referencia internacional en la b\u00fasqueda de personas desaparecidas. Su trabajo permiti\u00f3 identificar m\u00e1s de 800 v\u00edctimas del terrorismo de Estado y aport\u00f3 pruebas clave en numerosos juicios por cr\u00edmenes de lesa humanidad.<\/p>\n<p>Su metodolog\u00eda combina ciencia y memoria. Excavaciones arqueol\u00f3gicas para localizar fosas clandestinas. An\u00e1lisis antropol\u00f3gicos para reconstruir restos humanos. Estudios gen\u00e9ticos para establecer coincidencias con familiares que durante d\u00e9cadas aportaron muestras de ADN con la esperanza de encontrar respuestas.<\/p>\n<p>Esa perseverancia, muchas veces silenciosa y casi artesanal, es la que ahora permiti\u00f3 avanzar en la identificaci\u00f3n de las v\u00edctimas encontradas en La Perla.<\/p>\n<p>Entre ellas aparece un nombre que condensa el drama de toda una generaci\u00f3n: Mario Alberto N\u00edvoli.<\/p>\n<p>N\u00edvoli era cordob\u00e9s, oriundo de la localidad de Ucacha. Ten\u00eda 28 a\u00f1os cuando fue secuestrado el 14 de febrero de 1977. Hab\u00eda estudiado Ingenier\u00eda Qu\u00edmica en la Universidad Nacional del Litoral, aunque no lleg\u00f3 a terminar la carrera. Tambi\u00e9n trabajaba como t\u00e9cnico electricista.<\/p>\n<p>Durante sus a\u00f1os universitarios milit\u00f3 en la Juventud Universitaria Peronista, vinculada a la organizaci\u00f3n Montoneros. Como tantos j\u00f3venes de su tiempo, participaba en la pol\u00edtica con la convicci\u00f3n \u2014quiz\u00e1s ingenua, quiz\u00e1s valiente\u2014 de que el pa\u00eds pod\u00eda ser distinto.<\/p>\n<p>Su historia termin\u00f3 abruptamente cuando un grupo de tareas irrumpi\u00f3 en su casa del barrio General Paz, en la ciudad de C\u00f3rdoba. Se lo llevaron por la fuerza. Desde ese momento su familia nunca volvi\u00f3 a verlo.<\/p>\n<p>N\u00edvoli estaba casado y ten\u00eda dos hijos. Uno de ellos era apenas un beb\u00e9 de cuatro meses cuando ocurri\u00f3 el secuestro. Durante casi cinco d\u00e9cadas, esa familia convivi\u00f3 con la incertidumbre m\u00e1s brutal: la de no saber qu\u00e9 hab\u00eda pasado con su padre.<\/p>\n<p>La identificaci\u00f3n de los restos modifica radicalmente esa historia. No devuelve la vida perdida ni repara el da\u00f1o causado, pero transforma algo esencial: la condici\u00f3n del desaparecido.<\/p>\n<p>De pronto aparece una certeza. Dolorosa, definitiva, pero real.<\/p>\n<p>El hallazgo tambi\u00e9n produce un efecto que excede a la esfera \u00edntima de una familia. Cada identificaci\u00f3n aporta evidencia concreta sobre el funcionamiento del aparato represivo y sobre el destino final de muchas v\u00edctimas.<\/p>\n<p>En otras palabras: cada hueso encontrado es una prueba hist\u00f3rica.<\/p>\n<p>Por eso estos avances no solo tienen valor cient\u00edfico o emocional. Tambi\u00e9n tienen peso pol\u00edtico y judicial. Confirman que existi\u00f3 un sistema planificado de terrorismo de Estado, con centros clandestinos, ejecuciones y enterramientos destinados a ocultar los cr\u00edmenes.<\/p>\n<p>En tiempos en que algunos sectores del poder pol\u00edtico intentan relativizar ese pasado o banalizar la gravedad de aquellos hechos, estos hallazgos funcionan como un recordatorio inc\u00f3modo.<\/p>\n<p>La historia, incluso enterrada, vuelve.<\/p>\n<p>Y vuelve con pruebas.<\/p>\n<p>Las excavaciones en La Perla todav\u00eda no terminaron. Los investigadores creen que podr\u00eda haber m\u00e1s restos humanos en el \u00e1rea. Eso significa que la b\u00fasqueda contin\u00faa y que nuevas identidades podr\u00edan aparecer en los pr\u00f3ximos meses.<\/p>\n<p>Es un proceso lento, complejo y profundamente doloroso. Pero tambi\u00e9n es un acto de justicia.<\/p>\n<p>Porque mientras existan desaparecidos sin identificar, la historia seguir\u00e1 incompleta.<\/p>\n<p>Y porque, al final del d\u00eda, los pa\u00edses que olvidan sus tragedias suelen estar condenados a repetirlas.<\/p>\n","protected":false},"excerpt":{"rendered":"<p>La identificaci\u00f3n parcial de doce desaparecidos en el ex centro clandestino La Perla vuelve a exponer el horror del terrorismo de Estado en Argentina. Entre los restos hallados est\u00e1 Mario Alberto N\u00edvoli, secuestrado en 1977. El hallazgo reafirma la lucha por memoria, verdad y justicia, y revela que todav\u00eda quedan historias enterradas.<\/p>\n","protected":false},"author":11,"featured_media":12547,"comment_status":"open","ping_status":"open","sticky":false,"template":"","format":"standard","meta":{"_monsterinsights_skip_tracking":false,"_monsterinsights_sitenote_active":false,"_monsterinsights_sitenote_note":"","_monsterinsights_sitenote_category":0,"footnotes":"","jetpack_publicize_message":"La Perla: identifican restos de 12 desaparecidos de la dictadura","jetpack_publicize_feature_enabled":true,"jetpack_social_post_already_shared":true,"jetpack_social_options":{"image_generator_settings":{"template":"highway","default_image_id":0,"font":"","enabled":false},"version":2}},"categories":[1908],"tags":[204,4854,4853,4856,4857,4851,4852,4850,4855],"class_list":["post-12546","post","type-post","status-publish","format-standard","has-post-thumbnail","hentry","category-derechos-humanos","tag-cordoba","tag-dictadura-militar","tag-equipo-argentino-de-antropologia-forense","tag-juzgado-federal-cordoba","tag-la-calera","tag-la-perla","tag-luciano-benjamin-menendez","tag-mario-alberto-nivoli","tag-universidad-nacional-del-litoral"],"jetpack_publicize_connections":[],"_links":{"self":[{"href":"https:\/\/www.enorsai.com\/noticias\/wp-json\/wp\/v2\/posts\/12546","targetHints":{"allow":["GET"]}}],"collection":[{"href":"https:\/\/www.enorsai.com\/noticias\/wp-json\/wp\/v2\/posts"}],"about":[{"href":"https:\/\/www.enorsai.com\/noticias\/wp-json\/wp\/v2\/types\/post"}],"author":[{"embeddable":true,"href":"https:\/\/www.enorsai.com\/noticias\/wp-json\/wp\/v2\/users\/11"}],"replies":[{"embeddable":true,"href":"https:\/\/www.enorsai.com\/noticias\/wp-json\/wp\/v2\/comments?post=12546"}],"version-history":[{"count":1,"href":"https:\/\/www.enorsai.com\/noticias\/wp-json\/wp\/v2\/posts\/12546\/revisions"}],"predecessor-version":[{"id":12548,"href":"https:\/\/www.enorsai.com\/noticias\/wp-json\/wp\/v2\/posts\/12546\/revisions\/12548"}],"wp:featuredmedia":[{"embeddable":true,"href":"https:\/\/www.enorsai.com\/noticias\/wp-json\/wp\/v2\/media\/12547"}],"wp:attachment":[{"href":"https:\/\/www.enorsai.com\/noticias\/wp-json\/wp\/v2\/media?parent=12546"}],"wp:term":[{"taxonomy":"category","embeddable":true,"href":"https:\/\/www.enorsai.com\/noticias\/wp-json\/wp\/v2\/categories?post=12546"},{"taxonomy":"post_tag","embeddable":true,"href":"https:\/\/www.enorsai.com\/noticias\/wp-json\/wp\/v2\/tags?post=12546"}],"curies":[{"name":"wp","href":"https:\/\/api.w.org\/{rel}","templated":true}]}}