{"id":12540,"date":"2026-03-13T06:40:45","date_gmt":"2026-03-13T09:40:45","guid":{"rendered":"https:\/\/www.enorsai.com\/noticias\/?p=12540"},"modified":"2026-03-21T20:03:56","modified_gmt":"2026-03-21T23:03:56","slug":"escandalo-por-viajes-y-jets-privados-crece-la-presion-politica-por-la-renuncia-de-manuel-adorni","status":"publish","type":"post","link":"https:\/\/www.enorsai.com\/noticias\/politica\/escandalo-por-viajes-y-jets-privados-crece-la-presion-politica-por-la-renuncia-de-manuel-adorni\/","title":{"rendered":"Esc\u00e1ndalo por viajes y jets privados: crece la presi\u00f3n pol\u00edtica por la renuncia de Manuel Adorni"},"content":{"rendered":"<p><em><strong>Entre un vuelo privado a Punta del Este, el viaje de su esposa en el avi\u00f3n presidencial y una investigaci\u00f3n judicial que ya comenz\u00f3, el jefe de Gabinete Manuel Adorni qued\u00f3 en el centro de un esc\u00e1ndalo que desnuda las contradicciones del discurso de austeridad del gobierno de Javier Milei.\u00a0Hay frases que, sin quererlo, revelan m\u00e1s de lo que intentan ocultar. A veces salen de manera espont\u00e1nea, como un lapsus, una chispa de sinceridad involuntaria que rompe la superficie pulida del discurso pol\u00edtico. Algo as\u00ed ocurri\u00f3 con Manuel Adorni cuando intent\u00f3 justificar el viaje de su esposa a Nueva York diciendo que hab\u00eda ido a \u201cdeslomarse trabajando\u201d. La expresi\u00f3n, en apariencia banal, termin\u00f3 funcionando como la chispa que encendi\u00f3 un esc\u00e1ndalo que hoy combina vuelos privados, viajes oficiales cuestionados y una investigaci\u00f3n judicial en marcha.<\/strong><\/em><\/p>\n<p>La escena tiene algo de iron\u00eda amarga. El gobierno de Javier Milei lleg\u00f3 al poder prometiendo una cruzada moral contra la \u201ccasta\u201d, denunciando privilegios, gastos superfluos y abusos de la pol\u00edtica. Pero apenas un a\u00f1o despu\u00e9s, el jefe de Gabinete qued\u00f3 envuelto en una pol\u00e9mica que huele demasiado parecido a aquello que supuestamente ven\u00edan a combatir.<\/p>\n<p>El caso tiene varios cap\u00edtulos. El primero se abri\u00f3 cuando se conoci\u00f3 que Bettina Angeletti, esposa de Adorni y coach ontol\u00f3gica sin cargo p\u00fablico, viaj\u00f3 a Nueva York en el avi\u00f3n presidencial junto a la comitiva oficial que particip\u00f3 de la llamada Argentina Week. El dato gener\u00f3 incomodidad inmediata. No se trataba de una asesora, una funcionaria ni una integrante formal del equipo gubernamental. Era, simplemente, la pareja del jefe de Gabinete.<\/p>\n<p>Adorni intent\u00f3 explicar la situaci\u00f3n diciendo que quer\u00eda que su esposa lo acompa\u00f1ara durante una semana intensa de trabajo. El problema es que, en pol\u00edtica, las explicaciones importan tanto como el contexto. Y el contexto es un pa\u00eds atravesado por un ajuste feroz, con salarios pulverizados, jubilaciones deterioradas y millones de trabajadores que escuchan a diario que \u201cno hay plata\u201d.<\/p>\n<p>Ah\u00ed apareci\u00f3 la famosa frase. \u201cVengo una semana a deslomarme a Nueva York\u201d, dijo el funcionario. Las redes explotaron. El contraste entre el relato del sacrificio y la postal del viaje internacional con comitiva oficial result\u00f3 demasiado evidente.<\/p>\n<p>Poco despu\u00e9s, Adorni public\u00f3 un mensaje en redes sociales reconociendo que la expresi\u00f3n hab\u00eda sido desafortunada. \u201cLa palabra no debi\u00f3 ser deslomarse. Somos humanos y cometemos errores\u201d, escribi\u00f3. Fue una admisi\u00f3n breve, casi administrativa, sin demasiada autocr\u00edtica pol\u00edtica. Pero el da\u00f1o ya estaba hecho.<\/p>\n<p>Mientras esa pol\u00e9mica crec\u00eda, otro episodio empez\u00f3 a tomar forma. Y este, para muchos observadores, es incluso m\u00e1s inc\u00f3modo para el relato libertario.<\/p>\n<p>En febrero, durante el feriado de Carnaval, Adorni viaj\u00f3 a Punta del Este en un jet privado. No fue solo. Lo acompa\u00f1aron su esposa, sus hijos y el periodista Marcelo Grandio, conductor de TV P\u00fablica y amigo personal del funcionario desde hace m\u00e1s de quince a\u00f1os.<\/p>\n<p>El vuelo sali\u00f3 del aer\u00f3dromo de San Fernando y se realiz\u00f3 en un Honda Jet matr\u00edcula LVHWA, contratado a la empresa Alpha Centauri. Seg\u00fan distintas estimaciones period\u00edsticas, alquilar un avi\u00f3n de esas caracter\u00edsticas para un trayecto de menos de una hora puede costar alrededor de diez mil d\u00f3lares.<\/p>\n<p>Aqu\u00ed empieza la parte m\u00e1s turbia de la historia, porque las explicaciones sobre qui\u00e9n pag\u00f3 el viaje cambiaron varias veces.<\/p>\n<p>Grandio asegur\u00f3 en distintos programas que Adorni hab\u00eda pagado los pasajes de su familia, unos 3.600 d\u00f3lares. Tambi\u00e9n dijo que \u00e9l pag\u00f3 800 d\u00f3lares por su propio asiento. En otra intervenci\u00f3n sostuvo que Adorni pag\u00f3 incluso el viaje de otros pasajeros. Las versiones se mezclaron, se contradijeron y terminaron generando m\u00e1s dudas que certezas.<\/p>\n<p>En una de esas intervenciones, el periodista cometi\u00f3 un furcio que se volvi\u00f3 viral: afirm\u00f3 que Adorni pag\u00f3 \u201ccon su plata, no con plata del Estado\u2026 lo pag\u00f3 \u00e9l con plata del Estado\u201d. El desliz desat\u00f3 una tormenta pol\u00edtica.<\/p>\n<p>Grandio intent\u00f3 luego aclarar la situaci\u00f3n. Dijo que el funcionario hab\u00eda pagado el viaje con dinero propio y que el costo fue menor porque ten\u00eda amistad con los due\u00f1os de la empresa. Pero en pol\u00edtica, como en la justicia, las contradicciones suelen pesar.<\/p>\n<p>El episodio deriv\u00f3 incluso en la salida de Grandio de TV P\u00fablica. El periodista defendi\u00f3 a su amigo, asegur\u00f3 que no ve\u00eda nada anti\u00e9tico en el viaje y lleg\u00f3 a decir que hac\u00eda dos a\u00f1os que trabajaba gratis en el canal estatal. Lejos de cerrar el esc\u00e1ndalo, esas declaraciones abrieron nuevas preguntas sobre v\u00ednculos entre funcionarios y medios p\u00fablicos.<\/p>\n<p>Mientras tanto, la Procuradur\u00eda de Investigaciones Administrativas decidi\u00f3 intervenir. El fiscal Sergio Rodr\u00edguez abri\u00f3 un expediente preliminar para analizar los dos episodios que hoy componen el llamado \u201cCaso Adorni\u201d: el viaje de su esposa en el avi\u00f3n presidencial y el vuelo privado a Punta del Este.<\/p>\n<p>En paralelo, se presentaron denuncias judiciales que quedaron radicadas en los juzgados federales de Ariel Lijo y Daniel Rafecas. Los delitos mencionados en esas presentaciones incluyen malversaci\u00f3n de caudales p\u00fablicos, defraudaci\u00f3n contra la administraci\u00f3n p\u00fablica, abuso de autoridad e incumplimiento de los deberes de funcionario p\u00fablico.<\/p>\n<p>Por ahora no hay imputaciones formales. La investigaci\u00f3n est\u00e1 en una etapa preliminar. Pero el simple hecho de que la fiscal\u00eda anticorrupci\u00f3n haya decidido abrir un expediente muestra que la pol\u00e9mica no es solo medi\u00e1tica.<\/p>\n<p>En medio de este escenario, el gobierno decidi\u00f3 cerrar filas. Javier Milei y su hermana Karina salieron a respaldar p\u00fablicamente a Adorni. El presidente incluso apel\u00f3 a su habitual ret\u00f3rica econ\u00f3mica para minimizar el esc\u00e1ndalo, sugiriendo que muchas cr\u00edticas surgen de no entender el \u201ccosto marginal\u201d.<\/p>\n<p>El mensaje pol\u00edtico fue claro: el jefe de Gabinete no ser\u00e1 apartado del cargo.<\/p>\n<p>Pero el caso deja una pregunta inc\u00f3moda flotando en el aire. Porque el coraz\u00f3n del discurso libertario se construy\u00f3 sobre la denuncia de privilegios pol\u00edticos. El problema aparece cuando esos privilegios parecen reproducirse dentro del propio gobierno.<\/p>\n<p>La contradicci\u00f3n es evidente. Mientras millones de argentinos escuchan que deben ajustarse el cintur\u00f3n, que el Estado no puede gastar un peso de m\u00e1s y que los derechos laborales son un lujo que la econom\u00eda no puede sostener, las noticias sobre jets privados y viajes internacionales con comitivas oficiales generan un ruido dif\u00edcil de disimular.<\/p>\n<p>La pol\u00edtica argentina tiene larga experiencia en este tipo de situaciones. Los esc\u00e1ndalos no suelen derribar gobiernos por s\u00ed solos. Pero s\u00ed erosionan la legitimidad de los relatos que esos gobiernos construyen.<\/p>\n<p>El \u201cCaso Adorni\u201d todav\u00eda est\u00e1 lejos de tener un desenlace judicial. Quiz\u00e1s termine archivado, quiz\u00e1s derive en una causa m\u00e1s compleja. Eso todav\u00eda est\u00e1 por verse.<\/p>\n<p>Lo que ya ocurri\u00f3, sin embargo, es algo m\u00e1s profundo: el relato moral que el gobierno libertario utiliz\u00f3 para llegar al poder empieza a mostrar fisuras. Y cuando un relato pol\u00edtico se agrieta, lo que aparece debajo no siempre es lo que promet\u00edan las consignas de campa\u00f1a.<\/p>\n<p>Porque detr\u00e1s de las consignas contra la \u201ccasta\u201d, detr\u00e1s de los discursos incendiarios sobre la corrupci\u00f3n de la pol\u00edtica tradicional, la realidad empieza a mostrar una escena demasiado familiar para la historia argentina: funcionarios poderosos, privilegios dif\u00edciles de justificar y un pa\u00eds que observa, entre indignado y resignado, c\u00f3mo las promesas de austeridad chocan contra la pr\u00e1ctica del poder.<\/p>\n<p>Fuentes:<br \/>\n<a href=\"https:\/\/www.losandes.com.ar\/politica\/investigan-los-viajes-manuel-adorni-y-su-esposa-una-causa-abierta-la-fiscalia-anticorrupcion-n5983819\">https:\/\/www.losandes.com.ar\/politica\/investigan-los-viajes-manuel-adorni-y-su-esposa-una-causa-abierta-la-fiscalia-anticorrupcion-n5983819<\/a><br \/>\n<a href=\"https:\/\/www.lanacion.com.ar\/politica\/la-fiscalia-anticorrupcion-abre-una-investigacion-por-el-viaje-de-la-esposa-de-adorni-nid12032026\">https:\/\/www.lanacion.com.ar\/politica\/la-fiscalia-anticorrupcion-abre-una-investigacion-por-el-viaje-de-la-esposa-de-adorni-nid12032026<\/a><br \/>\n<a href=\"https:\/\/www.gentedesalta.com\/politica\/confesion-parte-amigo-manuel-adorni-asegura-jefe-gabinete-gasto-mas-sueldo-viajar-cinco-dias-punta-este-n5738\">https:\/\/www.gentedesalta.com\/politica\/confesion-parte-amigo-manuel-adorni-asegura-jefe-gabinete-gasto-mas-sueldo-viajar-cinco-dias-punta-este-n5738<\/a><br \/>\n<a href=\"https:\/\/www.tiempoar.com.ar\/ta_article\/periodista-amigo-adorni-politica\">https:\/\/www.tiempoar.com.ar\/ta_article\/periodista-amigo-adorni-politica<\/a><br \/>\n<a href=\"https:\/\/www.minutouno.com\/politica\/el-vuelo-punta-del-este-lo-pago-manuel-adorni-la-confirmacion-del-companero-viaje-vivo-c5n-n6255028\">https:\/\/www.minutouno.com\/politica\/el-vuelo-punta-del-este-lo-pago-manuel-adorni-la-confirmacion-del-companero-viaje-vivo-c5n-n6255028<\/a><\/p>\n<p>&nbsp;<\/p>\n","protected":false},"excerpt":{"rendered":"<p>El esc\u00e1ndalo que involucra al jefe de Gabinete Manuel Adorni expone las tensiones entre el discurso de austeridad del gobierno libertario y las pr\u00e1cticas del poder. Viajes en avi\u00f3n presidencial, un jet privado a Punta del Este y una investigaci\u00f3n judicial abierta ponen bajo la lupa a uno de los hombres m\u00e1s cercanos a Javier Milei.<\/p>\n","protected":false},"author":1,"featured_media":12541,"comment_status":"open","ping_status":"open","sticky":false,"template":"","format":"standard","meta":{"_monsterinsights_skip_tracking":false,"_monsterinsights_sitenote_active":false,"_monsterinsights_sitenote_note":"","_monsterinsights_sitenote_category":0,"footnotes":"","jetpack_publicize_message":"","jetpack_publicize_feature_enabled":true,"jetpack_social_post_already_shared":true,"jetpack_social_options":{"image_generator_settings":{"template":"highway","default_image_id":0,"font":"","enabled":false},"version":2}},"categories":[3947,2,4863],"tags":[4846,958,4840,4845,106,174,1073,4843,4844,4842],"class_list":["post-12540","post","type-post","status-publish","format-standard","has-post-thumbnail","hentry","category-corrupcion","category-politica","category-vuelos-de-adorni","tag-alpha-centauri","tag-ariel-lijo","tag-bettina-angeletti","tag-daniel-rafecas","tag-javier-milei","tag-karina-milei","tag-manuel-adorni","tag-marcelo-grandio","tag-procuraduria-investigaciones-administrativas","tag-sergio-rodriguez"],"jetpack_publicize_connections":[],"_links":{"self":[{"href":"https:\/\/www.enorsai.com\/noticias\/wp-json\/wp\/v2\/posts\/12540","targetHints":{"allow":["GET"]}}],"collection":[{"href":"https:\/\/www.enorsai.com\/noticias\/wp-json\/wp\/v2\/posts"}],"about":[{"href":"https:\/\/www.enorsai.com\/noticias\/wp-json\/wp\/v2\/types\/post"}],"author":[{"embeddable":true,"href":"https:\/\/www.enorsai.com\/noticias\/wp-json\/wp\/v2\/users\/1"}],"replies":[{"embeddable":true,"href":"https:\/\/www.enorsai.com\/noticias\/wp-json\/wp\/v2\/comments?post=12540"}],"version-history":[{"count":1,"href":"https:\/\/www.enorsai.com\/noticias\/wp-json\/wp\/v2\/posts\/12540\/revisions"}],"predecessor-version":[{"id":12542,"href":"https:\/\/www.enorsai.com\/noticias\/wp-json\/wp\/v2\/posts\/12540\/revisions\/12542"}],"wp:featuredmedia":[{"embeddable":true,"href":"https:\/\/www.enorsai.com\/noticias\/wp-json\/wp\/v2\/media\/12541"}],"wp:attachment":[{"href":"https:\/\/www.enorsai.com\/noticias\/wp-json\/wp\/v2\/media?parent=12540"}],"wp:term":[{"taxonomy":"category","embeddable":true,"href":"https:\/\/www.enorsai.com\/noticias\/wp-json\/wp\/v2\/categories?post=12540"},{"taxonomy":"post_tag","embeddable":true,"href":"https:\/\/www.enorsai.com\/noticias\/wp-json\/wp\/v2\/tags?post=12540"}],"curies":[{"name":"wp","href":"https:\/\/api.w.org\/{rel}","templated":true}]}}