{"id":12534,"date":"2026-03-11T06:42:42","date_gmt":"2026-03-11T09:42:42","guid":{"rendered":"https:\/\/www.enorsai.com\/noticias\/?p=12534"},"modified":"2026-03-21T20:04:13","modified_gmt":"2026-03-21T23:04:13","slug":"debe-renunciar-manuel-adorni-etica-publica-privilegios-y-el-limite-de-la-funcion-estatal","status":"publish","type":"post","link":"https:\/\/www.enorsai.com\/noticias\/politica\/debe-renunciar-manuel-adorni-etica-publica-privilegios-y-el-limite-de-la-funcion-estatal\/","title":{"rendered":"\u00bfDebe renunciar Manuel Adorni? \u00c9tica p\u00fablica, privilegios y el l\u00edmite de la funci\u00f3n estatal"},"content":{"rendered":"<p data-start=\"318\" data-end=\"712\"><em><strong>La pol\u00e9mica por el traslado de Manuel Adorni junto a su pareja en el avi\u00f3n presidencial durante una gira oficial a Estados Unidos desat\u00f3 cuestionamientos pol\u00edticos y pedidos de informes en el Congreso. El episodio vuelve a poner bajo la lupa el uso de recursos p\u00fablicos y la coherencia \u00e9tica de un gobierno que lleg\u00f3 al poder prometiendo terminar con los privilegios de la \u201ccasta\u201d.<\/strong><\/em><\/p>\n<p data-start=\"737\" data-end=\"1233\">Hay episodios pol\u00edticos que, aun cuando parecen menores en apariencia, terminan revelando tensiones profundas en el funcionamiento del poder. El esc\u00e1ndalo que rodea al jefe de Gabinete Manuel Adorni por sus viajes recientes \u2014en particular el traslado junto a su esposa en el avi\u00f3n presidencial durante la gira oficial del gobierno argentino a Estados Unidos\u2014 pertenece a esa categor\u00eda. No es s\u00f3lo una controversia medi\u00e1tica ni un episodio anecd\u00f3tico. Es, sobre todo, un problema de \u00e9tica p\u00fablica.<\/p>\n<p data-start=\"1235\" data-end=\"1610\">La pol\u00e9mica comenz\u00f3 tras la gira oficial del presidente Javier Milei a Estados Unidos, realizada entre fines de febrero y principios de marzo de 2026. El objetivo formal del viaje era participar en la denominada \u201cArgentina Week\u201d, un evento organizado en Nueva York para promover inversiones y presentar oportunidades de negocios vinculadas al programa econ\u00f3mico del gobierno.<\/p>\n<p data-start=\"1612\" data-end=\"1961\">En la delegaci\u00f3n oficial participaron varios funcionarios de primera l\u00ednea: la secretaria general Karina Milei, el ministro de Econom\u00eda Luis Caputo, el ministro de Desregulaci\u00f3n Federico Sturzenegger, el canciller Pablo Quirno y el jefe de Gabinete Manuel Adorni. Hasta ese punto, el viaje respond\u00eda a una l\u00f3gica habitual de la diplomacia econ\u00f3mica.<\/p>\n<p data-start=\"1963\" data-end=\"2425\">El problema comenz\u00f3 cuando trascendi\u00f3 que Bettina Angeletti, pareja de Adorni, hab\u00eda integrado el traslado pese a no ocupar ning\u00fan cargo p\u00fablico ni tener una funci\u00f3n institucional dentro del Estado. Distintos medios confirmaron que la mujer viaj\u00f3 en el avi\u00f3n presidencial ARG-01 junto a la comitiva oficial. Fotograf\u00edas difundidas durante la visita de la delegaci\u00f3n a la tumba del rabino Menachem Mendel Schneerson en Queens terminaron de confirmar su presencia.<\/p>\n<p data-start=\"2427\" data-end=\"2656\">El dato provoc\u00f3 un inmediato revuelo pol\u00edtico. \u00bfEn qu\u00e9 car\u00e1cter viajaba una persona sin funci\u00f3n p\u00fablica en una misi\u00f3n oficial del Estado? \u00bfQui\u00e9n pag\u00f3 el traslado? \u00bfSe utilizaron recursos p\u00fablicos para facilitar un viaje personal?<\/p>\n<p data-start=\"2658\" data-end=\"3037\">El propio Adorni respondi\u00f3 a las cr\u00edticas asegurando que la presencia de su esposa no gener\u00f3 gastos adicionales para el Estado. Seg\u00fan explic\u00f3, Angeletti ten\u00eda previsto viajar a Nueva York por motivos profesionales vinculados a su actividad como coach ontol\u00f3gica y consultora organizacional. Tambi\u00e9n sostuvo que los vi\u00e1ticos y gastos personales fueron cubiertos con dinero propio.<\/p>\n<p data-start=\"3039\" data-end=\"3390\">Sin embargo, la discusi\u00f3n p\u00fablica r\u00e1pidamente se desplaz\u00f3 hacia otro terreno: el de la \u00e9tica p\u00fablica. Porque en pol\u00edtica, especialmente cuando se trata de cargos de alta responsabilidad institucional, el problema no siempre se limita a la existencia de un gasto adicional. La cuesti\u00f3n central suele ser otra: la frontera entre lo p\u00fablico y lo privado.<\/p>\n<p data-start=\"3392\" data-end=\"3838\">En Argentina esa frontera est\u00e1 regulada por la Ley 25.188 de \u00c9tica en el Ejercicio de la Funci\u00f3n P\u00fablica, que establece que los funcionarios deben desempe\u00f1ar sus cargos con transparencia, evitando situaciones que puedan generar conflictos de inter\u00e9s o beneficios personales derivados del ejercicio del poder. La norma no s\u00f3lo apunta a prevenir delitos, sino tambi\u00e9n a evitar conductas que puedan afectar la confianza p\u00fablica en las instituciones.<\/p>\n<p data-start=\"3840\" data-end=\"4154\">Bajo ese prisma, el episodio del viaje adquiere otra dimensi\u00f3n. Incluso si la presencia de la esposa del jefe de Gabinete no hubiera implicado un gasto adicional \u2014algo que a\u00fan no ha sido esclarecido con total precisi\u00f3n\u2014 el uso de una delegaci\u00f3n oficial para trasladar a un familiar plantea interrogantes evidentes.<\/p>\n<p data-start=\"4156\" data-end=\"4552\">La controversia se profundiz\u00f3 cuando comenzaron a circular versiones sobre un presunto viaje de Adorni a Punta del Este en un avi\u00f3n privado durante el feriado de Carnaval. El episodio fue mencionado en distintas publicaciones period\u00edsticas, aunque los detalles siguen siendo difusos. No hay informaci\u00f3n p\u00fablica sobre la matr\u00edcula de la aeronave, el propietario del avi\u00f3n ni el costo del traslado.<\/p>\n<p data-start=\"4554\" data-end=\"4736\">Consultado sobre el tema, Adorni confirm\u00f3 que realiz\u00f3 ese viaje pero sostuvo que fue pagado completamente con dinero propio y que pertenece a su vida privada. No brind\u00f3 m\u00e1s detalles.<\/p>\n<p data-start=\"4738\" data-end=\"5064\">El problema es que en pol\u00edtica la vida privada de los funcionarios suele volverse p\u00fablica cuando involucra medios de transporte, recursos o privilegios que est\u00e1n asociados al ejercicio del poder. M\u00e1s a\u00fan cuando el gobierno al que pertenecen construy\u00f3 su legitimidad electoral denunciando los excesos de la dirigencia pol\u00edtica.<\/p>\n<p data-start=\"5066\" data-end=\"5497\">Durante la campa\u00f1a presidencial, Javier Milei y su entorno levantaron una bandera que reson\u00f3 con fuerza en una sociedad golpeada por la crisis econ\u00f3mica: el combate contra la \u201ccasta\u201d. El concepto funcion\u00f3 como una denuncia general contra los privilegios de la clase pol\u00edtica, el uso discrecional de recursos del Estado y las conductas que reflejaban una distancia creciente entre los gobernantes y la vida cotidiana de la sociedad.<\/p>\n<p data-start=\"5499\" data-end=\"5609\">La promesa era clara: terminar con los privilegios y administrar el Estado con una austeridad casi quir\u00fargica.<\/p>\n<p data-start=\"5611\" data-end=\"5954\">Por eso el episodio que involucra a Adorni golpea en un punto particularmente sensible. La discusi\u00f3n ya no gira solamente alrededor de un vuelo o de una delegaci\u00f3n oficial. Lo que est\u00e1 en juego es la coherencia entre el discurso pol\u00edtico que llev\u00f3 al gobierno al poder y las pr\u00e1cticas concretas de quienes hoy ocupan cargos de responsabilidad.<\/p>\n<p data-start=\"5956\" data-end=\"6062\">Cuando esa coherencia se rompe, aparece una expresi\u00f3n que incomoda a cualquier gobierno: estafa electoral.<\/p>\n<p data-start=\"6064\" data-end=\"6253\">No se trata necesariamente de un delito penal. Es una categor\u00eda pol\u00edtica. Describe el momento en que las promesas que movilizaron a los votantes empiezan a desdibujarse frente a los hechos.<\/p>\n<p data-start=\"6255\" data-end=\"6487\">Y en ese punto emerge una idea que comienza a circular con creciente fuerza en el debate p\u00fablico: la posibilidad de que aquello que se present\u00f3 como la rebeli\u00f3n contra la casta est\u00e9 derivando en una nueva versi\u00f3n del mismo fen\u00f3meno.<\/p>\n<p data-start=\"6489\" data-end=\"6519\">La llamada \u201ccasta libertaria\u201d.<\/p>\n<p data-start=\"6521\" data-end=\"6965\">La expresi\u00f3n resume una paradoja que empieza a incomodar incluso a algunos votantes del oficialismo. Un gobierno que promet\u00eda erradicar los privilegios de la dirigencia comienza a aparecer asociado a im\u00e1genes que recuerdan demasiado a los h\u00e1bitos que dec\u00eda combatir: funcionarios viajando en delegaciones oficiales con familiares, comitivas alojadas en hoteles de lujo en Nueva York, y versiones sobre vuelos privados hacia destinos exclusivos.<\/p>\n<p data-start=\"6967\" data-end=\"7242\">El problema no es solamente simb\u00f3lico. En un pa\u00eds atravesado por un ajuste econ\u00f3mico profundo \u2014con salarios deteriorados, recortes presupuestarios y un aumento de la precariedad laboral\u2014 la percepci\u00f3n de privilegios en la c\u00fapula del poder adquiere un peso pol\u00edtico explosivo.<\/p>\n<p data-start=\"7244\" data-end=\"7465\">La \u00e9tica p\u00fablica, en este contexto, no es una cuesti\u00f3n abstracta. Es un mecanismo de defensa de la credibilidad institucional. Cuando los funcionarios se alejan de ese est\u00e1ndar, la confianza social comienza a erosionarse.<\/p>\n<p data-start=\"7467\" data-end=\"7737\">Por eso en muchas democracias la renuncia no se interpreta como una admisi\u00f3n de culpa, sino como un gesto de responsabilidad pol\u00edtica. Un modo de preservar la legitimidad de las instituciones cuando las controversias personales empiezan a afectar la autoridad del cargo.<\/p>\n<p data-start=\"7739\" data-end=\"7981\">La pregunta entonces vuelve inevitablemente al centro del debate: \u00bfpuede un funcionario que forma parte de un gobierno que promet\u00eda terminar con los privilegios seguir ocupando su cargo cuando aparece envuelto en una pol\u00e9mica por privilegios?<\/p>\n<p data-start=\"7983\" data-end=\"8171\">La respuesta no depende \u00fanicamente de los tribunales ni de los reglamentos administrativos. Depende, sobre todo, del compromiso \u00e9tico que se espera de quienes administran el poder p\u00fablico.<\/p>\n<p data-start=\"8173\" data-end=\"8266\">En democracia, ese compromiso tiene un nombre simple pero exigente: responsabilidad pol\u00edtica.<\/p>\n<p data-start=\"8268\" data-end=\"8406\">Y a veces, cuando la distancia entre el discurso y los hechos se vuelve demasiado evidente, esa responsabilidad adopta una forma concreta.<\/p>\n<p data-start=\"8408\" data-end=\"8420\">La renuncia.<\/p>\n<p data-start=\"8422\" data-end=\"9021\">\n<p>&nbsp;<\/p>\n","protected":false},"excerpt":{"rendered":"<p>El viaje del jefe de Gabinete Manuel Adorni con su esposa en el avi\u00f3n presidencial y las versiones sobre vuelos privados abrieron un debate sobre \u00e9tica p\u00fablica, privilegios y coherencia pol\u00edtica. El episodio expone tensiones entre el discurso anticasta del gobierno de Javier Milei y las pr\u00e1cticas del poder.<\/p>\n","protected":false},"author":1,"featured_media":12535,"comment_status":"open","ping_status":"open","sticky":false,"template":"","format":"standard","meta":{"_monsterinsights_skip_tracking":false,"_monsterinsights_sitenote_active":false,"_monsterinsights_sitenote_note":"","_monsterinsights_sitenote_category":0,"footnotes":"","jetpack_publicize_message":"\u00bfDebe renunciar Manuel Adorni? \u00c9tica p\u00fablica, privilegios y el l\u00edmite de la funci\u00f3n estatal","jetpack_publicize_feature_enabled":true,"jetpack_social_post_already_shared":true,"jetpack_social_options":{"image_generator_settings":{"template":"highway","default_image_id":0,"font":"","enabled":false},"version":2}},"categories":[2,4863],"tags":[4777,4840,2857,257,4841,4523,106,174,930,1073],"class_list":["post-12534","post","type-post","status-publish","format-standard","has-post-thumbnail","hentry","category-politica","category-vuelos-de-adorni","tag-argentina-week","tag-bettina-angeletti","tag-casa-rosada","tag-congreso","tag-esteban-paulon","tag-federico-sturzenegger","tag-javier-milei","tag-karina-milei","tag-luis-caputo","tag-manuel-adorni"],"jetpack_publicize_connections":[],"_links":{"self":[{"href":"https:\/\/www.enorsai.com\/noticias\/wp-json\/wp\/v2\/posts\/12534","targetHints":{"allow":["GET"]}}],"collection":[{"href":"https:\/\/www.enorsai.com\/noticias\/wp-json\/wp\/v2\/posts"}],"about":[{"href":"https:\/\/www.enorsai.com\/noticias\/wp-json\/wp\/v2\/types\/post"}],"author":[{"embeddable":true,"href":"https:\/\/www.enorsai.com\/noticias\/wp-json\/wp\/v2\/users\/1"}],"replies":[{"embeddable":true,"href":"https:\/\/www.enorsai.com\/noticias\/wp-json\/wp\/v2\/comments?post=12534"}],"version-history":[{"count":1,"href":"https:\/\/www.enorsai.com\/noticias\/wp-json\/wp\/v2\/posts\/12534\/revisions"}],"predecessor-version":[{"id":12536,"href":"https:\/\/www.enorsai.com\/noticias\/wp-json\/wp\/v2\/posts\/12534\/revisions\/12536"}],"wp:featuredmedia":[{"embeddable":true,"href":"https:\/\/www.enorsai.com\/noticias\/wp-json\/wp\/v2\/media\/12535"}],"wp:attachment":[{"href":"https:\/\/www.enorsai.com\/noticias\/wp-json\/wp\/v2\/media?parent=12534"}],"wp:term":[{"taxonomy":"category","embeddable":true,"href":"https:\/\/www.enorsai.com\/noticias\/wp-json\/wp\/v2\/categories?post=12534"},{"taxonomy":"post_tag","embeddable":true,"href":"https:\/\/www.enorsai.com\/noticias\/wp-json\/wp\/v2\/tags?post=12534"}],"curies":[{"name":"wp","href":"https:\/\/api.w.org\/{rel}","templated":true}]}}