{"id":12530,"date":"2026-03-11T06:26:06","date_gmt":"2026-03-11T09:26:06","guid":{"rendered":"https:\/\/www.enorsai.com\/noticias\/?p=12530"},"modified":"2026-03-21T20:04:25","modified_gmt":"2026-03-21T23:04:25","slug":"escandalo-adorni-viajo-con-su-esposa-en-el-avion-presidencial","status":"publish","type":"post","link":"https:\/\/www.enorsai.com\/noticias\/politica\/escandalo-adorni-viajo-con-su-esposa-en-el-avion-presidencial\/","title":{"rendered":"Esc\u00e1ndalo: Adorni viaj\u00f3 con su esposa en el avi\u00f3n presidencial"},"content":{"rendered":"<p><em><strong>El jefe de Gabinete qued\u00f3 en el centro de la pol\u00e9mica tras llevar a su pareja en el avi\u00f3n presidencial a Estados Unidos y quedar vinculado a viajes de lujo y presuntos vuelos privados. La oposici\u00f3n exige explicaciones por posibles d\u00e1divas y uso indebido de recursos p\u00fablicos. La gira oficial del gobierno de Javier Milei a Estados Unidos termin\u00f3 convertida en un esc\u00e1ndalo pol\u00edtico. El viaje del jefe de Gabinete Manuel Adorni con su esposa en el avi\u00f3n presidencial, la falta de explicaciones claras sobre los gastos y la aparici\u00f3n de nuevas denuncias por vuelos privados alimentan un debate inevitable: \u00bfestamos frente a un caso de privilegios, d\u00e1divas y malversaci\u00f3n en la c\u00fapula del poder?<\/strong><\/em><\/p>\n<p>Hay episodios pol\u00edticos que, por su potencia simb\u00f3lica, terminan revelando m\u00e1s de lo que muestran a simple vista. El esc\u00e1ndalo que rodea al jefe de Gabinete Manuel Adorni por sus viajes recientes es uno de ellos. No se trata simplemente de una pol\u00e9mica medi\u00e1tica ni de un malentendido administrativo. Lo que est\u00e1 en discusi\u00f3n es algo mucho m\u00e1s profundo: el contraste brutal entre el discurso anticasta del gobierno de Javier Milei y las pr\u00e1cticas concretas de quienes ocupan hoy los cargos m\u00e1s altos del Estado.<\/p>\n<p>La controversia comenz\u00f3 con la gira oficial que el gobierno argentino realiz\u00f3 en Estados Unidos a fines de febrero y principios de marzo de 2026. El viaje ten\u00eda un objetivo pol\u00edtico y econ\u00f3mico claro: participar de la llamada \u201cArgentina Week\u201d, un evento organizado en Nueva York para atraer inversiones extranjeras. All\u00ed estuvieron el propio presidente Javier Milei y varios funcionarios clave de su administraci\u00f3n, entre ellos la secretaria general Karina Milei, el ministro de Econom\u00eda Luis Caputo, el canciller Pablo Quirno, el ministro de Desregulaci\u00f3n Federico Sturzenegger y el jefe de Gabinete Manuel Adorni.<\/p>\n<p>Hasta ah\u00ed, todo dentro de la l\u00f3gica habitual de las delegaciones oficiales. El problema empez\u00f3 cuando trascendi\u00f3 que en esa comitiva tambi\u00e9n viajaba Bettina Angeletti, pareja de Adorni. No es funcionaria p\u00fablica, no tiene cargo en el Estado y no cumple ninguna funci\u00f3n institucional en el gobierno. Sin embargo, su presencia qued\u00f3 registrada en im\u00e1genes de la gira y fue confirmada por distintas fuentes period\u00edsticas.<\/p>\n<p>La revelaci\u00f3n provoc\u00f3 un inmediato revuelo pol\u00edtico. \u00bfEn qu\u00e9 car\u00e1cter hab\u00eda viajado? \u00bfQui\u00e9n pag\u00f3 su traslado? \u00bfPor qu\u00e9 una persona sin funci\u00f3n p\u00fablica integraba una delegaci\u00f3n oficial? Las preguntas comenzaron a multiplicarse a medida que surg\u00edan nuevos datos.<\/p>\n<p>Seg\u00fan las versiones difundidas por distintos medios, Angeletti \u2014licenciada en Recursos Humanos y coach ontol\u00f3gica\u2014 viaj\u00f3 a Nueva York en el avi\u00f3n presidencial ARG-01, la aeronave utilizada para transportar al presidente y a la comitiva oficial. El hecho, de por s\u00ed, gener\u00f3 un fuerte cuestionamiento pol\u00edtico porque el uso de esa aeronave est\u00e1 reservado a funcionarios y actividades institucionales.<\/p>\n<p>La pol\u00e9mica creci\u00f3 a\u00fan m\u00e1s cuando comenzaron a circular fotograf\u00edas tomadas durante la visita de la delegaci\u00f3n argentina a la tumba del rabino Menachem Mendel Schneerson en Queens. En esas im\u00e1genes se ve a Adorni junto a su esposa participando de la actividad. Fue una prueba visual que termin\u00f3 de confirmar lo que hasta entonces era un rumor.<\/p>\n<p>El episodio expuso una contradicci\u00f3n que result\u00f3 dif\u00edcil de disimular. El gobierno de Milei lleg\u00f3 al poder prometiendo terminar con los privilegios de la dirigencia pol\u00edtica y denunciando lo que llamaba \u201cla casta\u201d. Sin embargo, la escena de un funcionario viajando con su pareja en un avi\u00f3n presidencial financiado por el Estado encendi\u00f3 alarmas incluso en sectores que no suelen cuestionar al oficialismo.<\/p>\n<p>La oposici\u00f3n reaccion\u00f3 r\u00e1pidamente. El diputado nacional Esteban Paul\u00f3n present\u00f3 un pedido de informes en la C\u00e1mara de Diputados para esclarecer varios puntos clave del viaje. El legislador exige saber en qu\u00e9 car\u00e1cter viaj\u00f3 Angeletti, qui\u00e9n pag\u00f3 los gastos, si existi\u00f3 alg\u00fan tipo de incompatibilidad o conflicto de intereses y qu\u00e9 rol cumpli\u00f3 durante la gira.<\/p>\n<p>El pedido apunta a un punto sensible: la eventual utilizaci\u00f3n de recursos p\u00fablicos para un viaje de car\u00e1cter personal. En otras palabras, lo que est\u00e1 en discusi\u00f3n es si el Estado argentino termin\u00f3 financiando o facilitando un traslado que no ten\u00eda ninguna justificaci\u00f3n institucional.<\/p>\n<p>Hasta ahora, el gobierno no ha ofrecido una explicaci\u00f3n completa. Lo \u00fanico que se conoce son las declaraciones del propio Adorni, quien confirm\u00f3 que su esposa viaj\u00f3 a Nueva York y que estuvo presente en la gira. Seg\u00fan su versi\u00f3n, Angeletti ya ten\u00eda un pasaje comprado para viajar a esa ciudad por unos 5.348 d\u00f3lares debido a un congreso relacionado con su profesi\u00f3n. Luego, explic\u00f3, la agenda oficial cambi\u00f3 y decidi\u00f3 que su esposa lo acompa\u00f1ara durante el viaje.<\/p>\n<p>El jefe de Gabinete intent\u00f3 minimizar el asunto argumentando que el vuelo presidencial no implic\u00f3 un gasto adicional para el Estado. Seg\u00fan dijo, la aeronave ya estaba programada para trasladar a la delegaci\u00f3n y la presencia de su esposa no modific\u00f3 los costos. Tambi\u00e9n sostuvo que los vi\u00e1ticos y gastos personales de ella fueron pagados con dinero propio.<\/p>\n<blockquote class=\"twitter-tweet\">\n<p dir=\"ltr\" lang=\"es\">No aclares que oscurece, Adorni.<\/p>\n<p>Al jefe de Gabinete no le qued\u00f3 otra que salir a hablar y dice que su esposa viaj\u00f3 en el Tango 01 a EE. UU. porque \u00absu trabajo es muy sacrificado\u00bb, \u201cquer\u00eda que lo acompa\u00f1e\u201d y que \u00abno gener\u00f3 costo extra\u00bb. <a href=\"https:\/\/t.co\/zoV9oS3qjg\">pic.twitter.com\/zoV9oS3qjg<\/a><\/p>\n<p>\u2014 Esteban Paul\u00f3n (@EstebanPaulon) <a href=\"https:\/\/twitter.com\/EstebanPaulon\/status\/2031522687370019152?ref_src=twsrc%5Etfw\">March 11, 2026<\/a><\/p><\/blockquote>\n<p><script async src=\"https:\/\/platform.twitter.com\/widgets.js\" charset=\"utf-8\"><\/script><\/p>\n<p>Pero esa explicaci\u00f3n, lejos de cerrar la discusi\u00f3n, abri\u00f3 nuevas preguntas. Porque el problema no es \u00fanicamente el costo del asiento en el avi\u00f3n presidencial. El debate gira alrededor del uso de recursos estatales, del car\u00e1cter institucional de las delegaciones oficiales y de los l\u00edmites \u00e9ticos que deber\u00edan regir la conducta de los funcionarios.<\/p>\n<p>En el fondo, la pregunta es simple: \u00bfpuede un funcionario convertir una misi\u00f3n oficial en un viaje compartido con su pareja sin que eso implique un privilegio?<\/p>\n<p>El esc\u00e1ndalo no termin\u00f3 ah\u00ed. En paralelo, comenzaron a circular versiones sobre un presunto viaje de Adorni a Punta del Este en un avi\u00f3n privado durante el feriado de Carnaval. La informaci\u00f3n fue publicada por el portal Pol\u00edtica Argentina, que se\u00f1al\u00f3 que el funcionario qued\u00f3 bajo la lupa por ese traslado.<\/p>\n<p>El episodio todav\u00eda est\u00e1 envuelto en incertidumbre. No hay datos p\u00fablicos sobre la matr\u00edcula del avi\u00f3n, el propietario de la aeronave ni el costo del vuelo. Tampoco se conoce con precisi\u00f3n la fecha exacta del viaje ni los motivos que lo habr\u00edan motivado.<\/p>\n<p>El propio Adorni respondi\u00f3 a las consultas sobre ese tema con una mezcla de confirmaci\u00f3n y hermetismo. Admiti\u00f3 que el viaje existi\u00f3, pero sostuvo que fue pagado completamente con dinero propio y que pertenece a su vida privada. No ofreci\u00f3 m\u00e1s detalles.<\/p>\n<p>El problema es que, en el contexto actual, ese argumento resulta dif\u00edcil de sostener pol\u00edticamente. Cuando un funcionario de alto rango utiliza aviones privados o viaja con familiares en aeronaves oficiales, la frontera entre lo p\u00fablico y lo privado se vuelve inevitablemente difusa.<\/p>\n<p>Y en un gobierno que hizo del discurso anticasta su principal bandera pol\u00edtica, esa ambig\u00fcedad puede resultar devastadora.<\/p>\n<p>Porque la cuesti\u00f3n ya no es solamente administrativa. Es pol\u00edtica, \u00e9tica y simb\u00f3lica. Si el gobierno que promet\u00eda terminar con los privilegios termina reproduciendo pr\u00e1cticas similares a las que criticaba, el discurso pierde credibilidad.<\/p>\n<p>Por eso el caso de Adorni se transform\u00f3 en algo m\u00e1s que una pol\u00e9mica pasajera. Es un s\u00edntoma de un problema m\u00e1s amplio: la tensi\u00f3n permanente entre la ret\u00f3rica de austeridad del oficialismo y las pr\u00e1cticas reales de quienes ejercen el poder.<\/p>\n<p>El pedido de informes presentado en el Congreso podr\u00eda arrojar luz sobre el episodio. O al menos obligar al gobierno a ofrecer explicaciones m\u00e1s precisas. Pero mientras tanto, la imagen que queda instalada es inc\u00f3moda.<\/p>\n<p>Un funcionario que viaja con su pareja en el avi\u00f3n presidencial. Una comitiva alojada en hoteles de lujo en Nueva York. Versiones sobre vuelos privados hacia destinos exclusivos. Y un gobierno que todav\u00eda no logra explicar con claridad d\u00f3nde termina la vida privada de sus funcionarios y d\u00f3nde empieza el uso de los recursos p\u00fablicos.<\/p>\n<p>En un pa\u00eds golpeado por la crisis econ\u00f3mica, con salarios pulverizados y pol\u00edticas de ajuste que afectan a millones de trabajadores, esos gestos adquieren una dimensi\u00f3n pol\u00edtica mucho mayor.<\/p>\n<p>La pregunta que sobrevuela todo el episodio es inevitable: si la promesa de terminar con la casta era real, \u00bfpor qu\u00e9 los comportamientos del poder empiezan a parecerse tanto a los de siempre?<\/p>\n<p>Fuente:<br \/>\n<a href=\"https:\/\/www.eltucumano.com\/noticia\/actualidad\/317647\/adorni-llevo-a-su-esposa-a-estados-unidos-en-un-vuelo-oficial-y-lo-acusan-de-ser-la-nueva-casta?dis=desk&amp;dnd=psecciona&amp;pos=2&amp;src=ph&amp;utm_source=chatgpt.com\">https:\/\/www.eltucumano.com\/noticia\/actualidad\/317647\/adorni-llevo-a-su-esposa-a-estados-unidos-en-un-vuelo-oficial-y-lo-acusan-de-ser-la-nueva-casta?dis=desk&amp;dnd=psecciona&amp;pos=2&amp;src=ph&amp;utm_source=chatgpt.com<\/a><br \/>\n<a href=\"https:\/\/www.politicargentina.com\/notas\/202603\/72274-mas-de-53-millones-la-noche-el-lujoso-hotel-donde-se-alojaria-la-selecta-comitiva-de-milei-junto-a-adorni-y-su-mujer.html?utm_source=chatgpt.com\">https:\/\/www.politicargentina.com\/notas\/202603\/72274-mas-de-53-millones-la-noche-el-lujoso-hotel-donde-se-alojaria-la-selecta-comitiva-de-milei-junto-a-adorni-y-su-mujer.html?utm_source=chatgpt.com<\/a><br \/>\n<a href=\"https:\/\/www.politicargentina.com\/notas\/202603\/72279-adorni-bajo-la-lupa-polemica-por-viajes-oficiales-y-un-presunto-vuelo-privado-a-punta-del-este.html?utm_source=chatgpt.com\">https:\/\/www.politicargentina.com\/notas\/202603\/72279-adorni-bajo-la-lupa-polemica-por-viajes-oficiales-y-un-presunto-vuelo-privado-a-punta-del-este.html?utm_source=chatgpt.com<\/a><\/p>\n<p>&nbsp;<\/p>\n","protected":false},"excerpt":{"rendered":"<p>El viaje del jefe de Gabinete Manuel Adorni a Estados Unidos con su esposa en el avi\u00f3n presidencial y las versiones sobre vuelos privados desataron un esc\u00e1ndalo pol\u00edtico. La oposici\u00f3n exige explicaciones por posibles privilegios, uso indebido de recursos p\u00fablicos y contradicciones con el discurso anticasta del gobierno de Javier Milei.<\/p>\n","protected":false},"author":1,"featured_media":12532,"comment_status":"open","ping_status":"open","sticky":false,"template":"","format":"standard","meta":{"_monsterinsights_skip_tracking":false,"_monsterinsights_sitenote_active":false,"_monsterinsights_sitenote_note":"","_monsterinsights_sitenote_category":0,"footnotes":"","jetpack_publicize_message":"","jetpack_publicize_feature_enabled":true,"jetpack_social_post_already_shared":true,"jetpack_social_options":{"image_generator_settings":{"template":"highway","default_image_id":0,"font":"","enabled":false},"version":2}},"categories":[3947,2,4863],"tags":[4777,4840,2857,257,4841,4523,106,174,930,1073],"class_list":["post-12530","post","type-post","status-publish","format-standard","has-post-thumbnail","hentry","category-corrupcion","category-politica","category-vuelos-de-adorni","tag-argentina-week","tag-bettina-angeletti","tag-casa-rosada","tag-congreso","tag-esteban-paulon","tag-federico-sturzenegger","tag-javier-milei","tag-karina-milei","tag-luis-caputo","tag-manuel-adorni"],"jetpack_publicize_connections":[],"_links":{"self":[{"href":"https:\/\/www.enorsai.com\/noticias\/wp-json\/wp\/v2\/posts\/12530","targetHints":{"allow":["GET"]}}],"collection":[{"href":"https:\/\/www.enorsai.com\/noticias\/wp-json\/wp\/v2\/posts"}],"about":[{"href":"https:\/\/www.enorsai.com\/noticias\/wp-json\/wp\/v2\/types\/post"}],"author":[{"embeddable":true,"href":"https:\/\/www.enorsai.com\/noticias\/wp-json\/wp\/v2\/users\/1"}],"replies":[{"embeddable":true,"href":"https:\/\/www.enorsai.com\/noticias\/wp-json\/wp\/v2\/comments?post=12530"}],"version-history":[{"count":2,"href":"https:\/\/www.enorsai.com\/noticias\/wp-json\/wp\/v2\/posts\/12530\/revisions"}],"predecessor-version":[{"id":12533,"href":"https:\/\/www.enorsai.com\/noticias\/wp-json\/wp\/v2\/posts\/12530\/revisions\/12533"}],"wp:featuredmedia":[{"embeddable":true,"href":"https:\/\/www.enorsai.com\/noticias\/wp-json\/wp\/v2\/media\/12532"}],"wp:attachment":[{"href":"https:\/\/www.enorsai.com\/noticias\/wp-json\/wp\/v2\/media?parent=12530"}],"wp:term":[{"taxonomy":"category","embeddable":true,"href":"https:\/\/www.enorsai.com\/noticias\/wp-json\/wp\/v2\/categories?post=12530"},{"taxonomy":"post_tag","embeddable":true,"href":"https:\/\/www.enorsai.com\/noticias\/wp-json\/wp\/v2\/tags?post=12530"}],"curies":[{"name":"wp","href":"https:\/\/api.w.org\/{rel}","templated":true}]}}