{"id":1247,"date":"2025-02-13T07:00:00","date_gmt":"2025-02-13T10:00:00","guid":{"rendered":"http:\/\/www.enorsai.com\/noticias\/?p=1247"},"modified":"2025-02-13T06:38:10","modified_gmt":"2025-02-13T09:38:10","slug":"hidrovia-el-gobierno-de-milei-convirtio-una-licitacion-clave-en-un-escandalo-internacional","status":"publish","type":"post","link":"https:\/\/www.enorsai.com\/noticias\/economia\/hidrovia-el-gobierno-de-milei-convirtio-una-licitacion-clave-en-un-escandalo-internacional\/","title":{"rendered":"Hidrov\u00eda: El Gobierno de Milei convirti\u00f3 una licitaci\u00f3n clave en un esc\u00e1ndalo internacional\u00bb"},"content":{"rendered":"\n<p><strong><em>La licitaci\u00f3n de 9.000 millones de d\u00f3lares qued\u00f3 en manos de una sola empresa tras denuncias de direccionamiento y un fallo lapidario de la Procuraci\u00f3n de Investigaciones Administrativas. Adorni culpa a los medios, pero el papel\u00f3n es del Gobierno.<\/em><\/strong><\/p>\n\n\n\n<p>El Gobierno de Javier Milei tuvo que dar de baja la licitaci\u00f3n de la Hidrov\u00eda, uno de los proyectos m\u00e1s importantes de su gesti\u00f3n, luego de que solo una empresa presentara una oferta. Denuncias de direccionamiento, un fallo judicial contundente y la retirada de los principales oferentes dejaron al descubierto un proceso plagado de irregularidades.<\/p>\n\n\n\n<p>La licitaci\u00f3n de la Hidrov\u00eda, un proyecto que promet\u00eda ser la joya de la corona del Gobierno de Javier Milei, termin\u00f3 convertida en un esc\u00e1ndalo internacional que dej\u00f3 al descubierto las desprolijidades y las sospechas de direccionamiento que rodean a la administraci\u00f3n libertaria. Con un valor estimado en 9.000 millones de d\u00f3lares, la privatizaci\u00f3n de la v\u00eda fluvial m\u00e1s importante de Argentina estaba destinada a ser un hito en la gesti\u00f3n de Milei. Sin embargo, lo que deber\u00eda haber sido un triunfo se transform\u00f3 en un fracaso estrepitoso, con solo una empresa presentando una oferta y el resto retir\u00e1ndose ante las denuncias de corrupci\u00f3n y un fallo lapidario de la Procuraci\u00f3n de Investigaciones Administrativas (PIA).<\/p>\n\n\n\n<figure class=\"wp-block-embed is-type-wp-embed is-provider-incrustado wp-block-embed-incrustado\"><div class=\"wp-block-embed__wrapper\">\n<blockquote class=\"wp-embedded-content\" data-secret=\"b5R21QnSmr\"><a href=\"https:\/\/www.enorsai.com\/noticias\/sociedad\/la-prohibicion-de-milo-j-un-escandalo-de-censura-en-democracia-por-el-gobierno-libertad-avanza-de-milei\/\">La prohibici\u00f3n de Milo J: un esc\u00e1ndalo de censura en democracia por el gobierno \u00abLibertad Avanza\u00bb de Milei<\/a><\/blockquote><iframe loading=\"lazy\" class=\"wp-embedded-content\" sandbox=\"allow-scripts\" security=\"restricted\" style=\"position: absolute; visibility: hidden;\" title=\"\u00abLa prohibici\u00f3n de Milo J: un esc\u00e1ndalo de censura en democracia por el gobierno \u00abLibertad Avanza\u00bb de Milei\u00bb \u2014 \" src=\"https:\/\/www.enorsai.com\/noticias\/sociedad\/la-prohibicion-de-milo-j-un-escandalo-de-censura-en-democracia-por-el-gobierno-libertad-avanza-de-milei\/embed\/#?secret=mRSm2Mvx2I#?secret=b5R21QnSmr\" data-secret=\"b5R21QnSmr\" width=\"600\" height=\"338\" frameborder=\"0\" marginwidth=\"0\" marginheight=\"0\" scrolling=\"no\"><\/iframe>\n<\/div><\/figure>\n\n\n\n<p>El proceso licitatorio, que ya ven\u00eda envuelto en pol\u00e9micas, explot\u00f3 definitivamente cuando la PIA emiti\u00f3 un dictamen en el que se\u00f1alaba que el pliego hab\u00eda sido dise\u00f1ado para favorecer a uno de los oferentes: Jan de Nul, la empresa belga que actualmente se encarga del dragado del Paran\u00e1. Este pronunciamiento, basado en una denuncia de diputados de la Coalici\u00f3n C\u00edvica, no solo cuestion\u00f3 la transparencia del proceso, sino que tambi\u00e9n habilit\u00f3 la posibilidad de presentar denuncias penales en el fuero federal. Ante este escenario, las principales empresas interesadas, incluidas Jan de Nul y la holandesa Van Oord, decidieron retirarse para evitar quedar enredadas en un esc\u00e1ndalo legal.<\/p>\n\n\n\n<p>En una vuelta de tuerca ins\u00f3lita, la \u00fanica empresa que present\u00f3 una oferta fue la belga DEME, la misma que hab\u00eda denunciado previamente el direccionamiento del proceso a favor de Jan de Nul. Esta situaci\u00f3n dej\u00f3 al Gobierno en una posici\u00f3n inc\u00f3moda, oblig\u00e1ndolo a dar de baja la licitaci\u00f3n y a culpar a los medios y a los sectores empresarios por el fracaso. Manuel Adorni, portavoz presidencial, sali\u00f3 al cruce de las cr\u00edticas con un discurso que muchos calificaron como un intento desesperado por tapar el papel\u00f3n. \u00abSectores de la pol\u00edtica, medios y empresarios hicieron lobby en favor de sus propios intereses y le demandaron al Gobierno que baje los est\u00e1ndares t\u00e9cnicos del pliego solo por beneficio propio\u00bb, asegur\u00f3 Adorni, sin mencionar el contundente fallo de la PIA.<\/p>\n\n\n\n<p>Lo que Adorni omiti\u00f3 explicar es por qu\u00e9 las dem\u00e1s empresas decidieron retirarse a \u00faltimo momento. Seg\u00fan fuentes del sector, el Gobierno habr\u00eda solicitado discretamente a los oferentes que no presentaran sus propuestas para evitar un desastre mayor. Sin embargo, esta solicitud no lleg\u00f3 a DEME, lo que dej\u00f3 al Gobierno en una posici\u00f3n a\u00fan m\u00e1s inc\u00f3moda. \u00abEs puro show medi\u00e1tico para tapar el papel\u00f3n que hicieron\u00bb, especularon allegados a la empresa belga.<\/p>\n\n\n\n<p>El fracaso de la licitaci\u00f3n no solo es un golpe econ\u00f3mico para el Gobierno, sino tambi\u00e9n una derrota pol\u00edtica e ideol\u00f3gica de gran calado. La administraci\u00f3n de Milei hab\u00eda elegido este proyecto como una demostraci\u00f3n de su capacidad para gestionar a largo plazo y resolver los problemas estructurales de la econom\u00eda argentina. Sin embargo, lo que qued\u00f3 en evidencia fue una serie de desprolijidades y conflictos de inter\u00e9s que mancharon el proceso desde el principio.<\/p>\n\n\n\n<figure class=\"wp-block-embed is-type-wp-embed is-provider-incrustado wp-block-embed-incrustado\"><div class=\"wp-block-embed__wrapper\">\n<blockquote class=\"wp-embedded-content\" data-secret=\"u4QbHRT4k8\"><a href=\"https:\/\/www.enorsai.com\/noticias\/economia\/milei-y-caputo-se-estan-timbeando-los-fondos-del-fgs-de-los-jubilados-para-controlar-el-dolar\/\">Milei y Caputo se est\u00e1n timbeando los fondos del FGS de los jubilados para controlar el d\u00f3lar<\/a><\/blockquote><iframe loading=\"lazy\" class=\"wp-embedded-content\" sandbox=\"allow-scripts\" security=\"restricted\" style=\"position: absolute; visibility: hidden;\" title=\"\u00abMilei y Caputo se est\u00e1n timbeando los fondos del FGS de los jubilados para controlar el d\u00f3lar\u00bb \u2014 \" src=\"https:\/\/www.enorsai.com\/noticias\/economia\/milei-y-caputo-se-estan-timbeando-los-fondos-del-fgs-de-los-jubilados-para-controlar-el-dolar\/embed\/#?secret=wiBOwubj6w#?secret=u4QbHRT4k8\" data-secret=\"u4QbHRT4k8\" width=\"600\" height=\"338\" frameborder=\"0\" marginwidth=\"0\" marginheight=\"0\" scrolling=\"no\"><\/iframe>\n<\/div><\/figure>\n\n\n\n<p>Santiago Caputo, asesor clave de Milei y uno de los principales impulsores de la licitaci\u00f3n, qued\u00f3 en el centro de la tormenta. Caputo, quien puso a su socio Rodrigo Lugones a cargo del proceso, fue se\u00f1alado por dirigir el pliego a favor de Jan de Nul. Las crecientes irregularidades llevaron incluso a su t\u00edo, el ministro de Econom\u00eda Luis Caputo, a preguntarle directamente a Milei si quer\u00eda seguir adelante con la licitaci\u00f3n luego del fallo de la PIA. La respuesta, evidentemente, fue negativa.<\/p>\n\n\n\n<p>Ahora, el Gobierno se enfrenta a la tarea de rearmar un nuevo pliego que cumpla con las condiciones establecidas por la PIA y convencer a las empresas de que compitan en un proceso transparente. Sin embargo, ninguna de las compa\u00f1\u00edas da por sentado que participar\u00e1 en una nueva licitaci\u00f3n, lo que deja al proyecto en un limbo del que ser\u00e1 dif\u00edcil salir.<\/p>\n\n\n\n<p>La Hidrov\u00eda del Paran\u00e1, creada durante el gobierno de Carlos Menem, es por lejos el activo m\u00e1s importante del pa\u00eds. Esta v\u00eda fluvial es la puerta de salida de la cosecha argentina que se exporta al mundo, generando una de las principales fuentes de divisas para la econom\u00eda nacional. Su privatizaci\u00f3n no solo era una apuesta econ\u00f3mica, sino tambi\u00e9n una demostraci\u00f3n de la capacidad del Gobierno para gestionar proyectos de gran envergadura. Sin embargo, lo que qued\u00f3 en evidencia fue una administraci\u00f3n incapaz de garantizar transparencia y eficiencia en un proceso clave.<\/p>\n\n\n\n<p>El fracaso de la licitaci\u00f3n de la Hidrov\u00eda no solo es un golpe para el Gobierno de Milei, sino tambi\u00e9n una se\u00f1al de alerta para el futuro de su gesti\u00f3n. Si un proyecto de esta magnitud termina en un esc\u00e1ndalo internacional, \u00bfqu\u00e9 podemos esperar del resto de las reformas prometidas? La respuesta, por ahora, parece estar m\u00e1s cerca del caos que de la eficiencia.<\/p>\n\n\n\n<p><strong>Fuentes:<\/strong><\/p>\n\n\n\n<ul class=\"wp-block-list\">\n<li><a href=\"https:\/\/www.lapoliticaonline.com\/politica\/fue-primicia-de-lpo-el-gobierno-dio-de-baja-la-licitacion-de-la-hidrovia\/\">https:\/\/www.lapoliticaonline.com\/politica\/fue-primicia-de-lpo-el-gobierno-dio-de-baja-la-licitacion-de-la-hidrovia\/<\/a><\/li>\n\n\n\n<li><a href=\"https:\/\/www.lapoliticaonline.com\/economia\/fuerte-fracaso-de-santiago-caputo-en-la-licitacion-de-la-hidrovia-al-final-solo-se-presento-un-oferente\/\">https:\/\/www.lapoliticaonline.com\/economia\/fuerte-fracaso-de-santiago-caputo-en-la-licitacion-de-la-hidrovia-al-final-solo-se-presento-un-oferente\/<\/a><\/li>\n<\/ul>\n\n\n\n<p><\/p>\n\n\n","protected":false},"excerpt":{"rendered":"<p>El Gobierno de Milei dio de baja la licitaci\u00f3n de la Hidrov\u00eda tras un esc\u00e1ndalo por direccionamiento y un fallo judicial lapidario. Solo una empresa present\u00f3 oferta, mientras las dem\u00e1s se retiraron. Adorni culp\u00f3 a los medios, pero el papel\u00f3n expone las desprolijidades de la administraci\u00f3n libertaria.<\/p>\n","protected":false},"author":9,"featured_media":1248,"comment_status":"open","ping_status":"open","sticky":false,"template":"","format":"standard","meta":{"_monsterinsights_skip_tracking":false,"_monsterinsights_sitenote_active":false,"_monsterinsights_sitenote_note":"","_monsterinsights_sitenote_category":0,"footnotes":"","jetpack_publicize_message":"","jetpack_publicize_feature_enabled":true,"jetpack_social_post_already_shared":true,"jetpack_social_options":{"image_generator_settings":{"template":"highway","default_image_id":0,"font":"","enabled":false},"version":2}},"categories":[3],"tags":[184,75,511,512,45],"class_list":["post-1247","post","type-post","status-publish","format-standard","has-post-thumbnail","hentry","category-economia","tag-caputo","tag-corrupcion","tag-hidrovia","tag-licitacion","tag-milei"],"jetpack_publicize_connections":[],"_links":{"self":[{"href":"https:\/\/www.enorsai.com\/noticias\/wp-json\/wp\/v2\/posts\/1247","targetHints":{"allow":["GET"]}}],"collection":[{"href":"https:\/\/www.enorsai.com\/noticias\/wp-json\/wp\/v2\/posts"}],"about":[{"href":"https:\/\/www.enorsai.com\/noticias\/wp-json\/wp\/v2\/types\/post"}],"author":[{"embeddable":true,"href":"https:\/\/www.enorsai.com\/noticias\/wp-json\/wp\/v2\/users\/9"}],"replies":[{"embeddable":true,"href":"https:\/\/www.enorsai.com\/noticias\/wp-json\/wp\/v2\/comments?post=1247"}],"version-history":[{"count":1,"href":"https:\/\/www.enorsai.com\/noticias\/wp-json\/wp\/v2\/posts\/1247\/revisions"}],"predecessor-version":[{"id":1249,"href":"https:\/\/www.enorsai.com\/noticias\/wp-json\/wp\/v2\/posts\/1247\/revisions\/1249"}],"wp:featuredmedia":[{"embeddable":true,"href":"https:\/\/www.enorsai.com\/noticias\/wp-json\/wp\/v2\/media\/1248"}],"wp:attachment":[{"href":"https:\/\/www.enorsai.com\/noticias\/wp-json\/wp\/v2\/media?parent=1247"}],"wp:term":[{"taxonomy":"category","embeddable":true,"href":"https:\/\/www.enorsai.com\/noticias\/wp-json\/wp\/v2\/categories?post=1247"},{"taxonomy":"post_tag","embeddable":true,"href":"https:\/\/www.enorsai.com\/noticias\/wp-json\/wp\/v2\/tags?post=1247"}],"curies":[{"name":"wp","href":"https:\/\/api.w.org\/{rel}","templated":true}]}}