{"id":1240,"date":"2025-02-13T00:11:28","date_gmt":"2025-02-13T03:11:28","guid":{"rendered":"https:\/\/www.enorsai.com\/noticias\/?p=1240"},"modified":"2025-02-13T00:21:01","modified_gmt":"2025-02-13T03:21:01","slug":"la-prohibicion-de-milo-j-un-escandalo-de-censura-en-democracia-por-el-gobierno-libertad-avanza-de-milei","status":"publish","type":"post","link":"https:\/\/www.enorsai.com\/noticias\/sociedad\/la-prohibicion-de-milo-j-un-escandalo-de-censura-en-democracia-por-el-gobierno-libertad-avanza-de-milei\/","title":{"rendered":"La prohibici\u00f3n de Milo J: un esc\u00e1ndalo de censura en democracia por el gobierno \u00abLibertad Avanza\u00bb de Milei"},"content":{"rendered":"\n<p><strong>Censura y represi\u00f3n: el gobierno de Milei proh\u00edbe un show gratuito de Milo J en la ex ESMA<\/strong><\/p>\n\n\n\n<p>El esc\u00e1ndalo estall\u00f3 apenas dos horas antes de que comenzara el show. Miles de j\u00f3venes se congregaban en la ex ESMA para ver a Milo J, uno de los artistas m\u00e1s convocantes del g\u00e9nero urbano, en un recital gratuito y de acceso abierto. Sin embargo, la m\u00e1quina de la censura se puso en marcha: una jueza orden\u00f3 la suspensi\u00f3n del evento tras un amparo presentado por el gobierno de Javier Milei.<\/p>\n\n\n\n<p>La decisi\u00f3n judicial desat\u00f3 la indignaci\u00f3n y gener\u00f3 una escena de represi\u00f3n preventiva. Decenas de patrulleros, un cami\u00f3n hidrante y efectivos de la Polic\u00eda de la Ciudad y Prefectura se desplegaron en la puerta del Espacio Memoria, donde funcion\u00f3 el mayor centro clandestino de detenci\u00f3n de la \u00faltima dictadura. \u00abNunca hab\u00eda pasado algo as\u00ed en 20 a\u00f1os\u00bb, denunci\u00f3 Charly Pisoni, referente de HIJOS. \u00abNi siquiera el gobierno de Mauricio Macri se atrevi\u00f3 a censurar actividades en este lugar\u00bb.<\/p>\n\n\n\n<p>La suspensi\u00f3n del recital no es un hecho aislado: se da en un contexto de avance del negacionismo impulsado por la gesti\u00f3n libertaria. Horas antes de la prohibici\u00f3n, tambi\u00e9n se orden\u00f3 retirar una imagen emblem\u00e1tica de N\u00e9stor Kirchner bajando el cuadro de Videla. La intenci\u00f3n de borrar la memoria hist\u00f3rica es evidente, y en este caso, la censura se extendi\u00f3 a la cultura popular.<\/p>\n\n\n\n<p><a href=\"https:\/\/twitter.com\/i\/status\/1889757518106132634\">https:\/\/twitter.com\/i\/status\/1889757518106132634<\/a><\/p>\n\n\n\n<p>El evento hab\u00eda sido organizado por el colectivo Nietes y contaba con todas las habilitaciones necesarias. \u00abTuvimos en cuenta el aforo, los seguros, el plan de evacuaci\u00f3n. Todo estaba en regla\u00bb, explic\u00f3 Pisoni. Sin embargo, el secretario de Derechos Humanos, Alberto Ba\u00f1os, impuls\u00f3 la medida judicial para frenar el show con el argumento de que no ten\u00eda autorizaci\u00f3n.<\/p>\n\n\n\n<p>Milo J, que iba a presentarse de manera gratuita y sin cobrar un peso, manifest\u00f3 su bronca en redes sociales: \u00abNos volaron el escenario a la mierda. Parece que al gobierno no le gusta juntar 20.000 personas en un espacio de memoria\u00bb. Su mensaje fue contundente y expuso lo que realmente molest\u00f3 al oficialismo: el significado pol\u00edtico del evento, un acto cultural que revalorizaba la memoria en un contexto de avance reaccionario.<\/p>\n\n\n\n<p><a href=\"https:\/\/twitter.com\/i\/status\/1889797158959775812\">https:\/\/twitter.com\/i\/status\/1889797158959775812<\/a><\/p>\n\n\n\n<p>La respuesta del gobierno fue un intento de justificaci\u00f3n burocr\u00e1tica. \u00abNadie tiene el privilegio de hacer actos pol\u00edticos al margen de la ley\u00bb, tuite\u00f3 el ministro de Justicia, Mariano C\u00faneo Libarona. Sin embargo, la censura a un recital gratuito, con miles de entradas ya emitidas y en un espacio p\u00fablico destinado a la memoria colectiva, revela que el trasfondo es ideol\u00f3gico.<\/p>\n\n\n\n<p>El operativo de seguridad tambi\u00e9n gener\u00f3 alerta. \u00abNo era una concentraci\u00f3n pol\u00edtica, eran pibes de 12, 16 a\u00f1os que ven\u00edan a ver a su artista favorito. Y nos llenaron de camiones hidrantes, patrulleros y polic\u00edas\u00bb, describi\u00f3 Pisoni. La presi\u00f3n de las fuerzas de seguridad sobre una multitud de adolescentes suma otro elemento preocupante a la decisi\u00f3n del gobierno.<\/p>\n\n\n\n<p><a href=\"https:\/\/twitter.com\/i\/status\/1889783723496821165\">https:\/\/twitter.com\/i\/status\/1889783723496821165<\/a><\/p>\n\n\n\n<p>Este episodio se inscribe en una larga tradici\u00f3n de censura que, lejos de silenciar, amplifica el mensaje prohibido. Ocurri\u00f3 con \u00abLa torre de cubos\u00bb de Laura Devetach durante la dictadura, con la obra de Le\u00f3n Ferrari en tiempos de Menem, con la prohibici\u00f3n a los Redondos en Olavarr\u00eda. Ahora, el intento de invisibilizar la memoria y la cultura popular tiene un nuevo cap\u00edtulo con el veto al recital de Milo J.<\/p>\n\n\n\n<p><a href=\"https:\/\/twitter.com\/i\/status\/1889801126612181477\">https:\/\/twitter.com\/i\/status\/1889801126612181477<\/a><\/p>\n\n\n\n<p>La jornada cerr\u00f3 con una conferencia de prensa y un mensaje de resistencia. \u00abLas nuevas generaciones no se van a olvidar de este atropello\u00bb, afirmaron desde HIJOS. La historia demuestra que cada acto de censura se convierte en un boomerang. Esta vez, el intento de Milei de silenciar una canci\u00f3n se convirti\u00f3 en un grito de denuncia nacional.<\/p>\n\n\n\n<figure class=\"wp-block-embed is-type-wp-embed is-provider-incrustado wp-block-embed-incrustado\"><div class=\"wp-block-embed__wrapper\">\n<blockquote class=\"wp-embedded-content\" data-secret=\"HPOquRY8vI\"><a href=\"https:\/\/www.enorsai.com\/noticias\/politica\/yasky-ficha-limpia-no-es-el-mandato-de-milei-ni-de-macri-es-el-mandato-de-las-corporaciones-de-la-embajada-yanqui-y-de-los-grupos-empresariales-que-quieren-vaciar-la-democracia\/\">Yasky: Ficha limpia \u00abno es el mandato de Milei ni de Macri, es el mandato de las corporaciones, de la embajada yanqui y de los grupos empresariales que quieren vaciar la democracia\u00bb<\/a><\/blockquote><iframe loading=\"lazy\" class=\"wp-embedded-content\" sandbox=\"allow-scripts\" security=\"restricted\" style=\"position: absolute; visibility: hidden;\" title=\"\u00abYasky: Ficha limpia \u00abno es el mandato de Milei ni de Macri, es el mandato de las corporaciones, de la embajada yanqui y de los grupos empresariales que quieren vaciar la democracia\u00bb\u00bb \u2014 \" src=\"https:\/\/www.enorsai.com\/noticias\/politica\/yasky-ficha-limpia-no-es-el-mandato-de-milei-ni-de-macri-es-el-mandato-de-las-corporaciones-de-la-embajada-yanqui-y-de-los-grupos-empresariales-que-quieren-vaciar-la-democracia\/embed\/#?secret=Sbw70JEjGs#?secret=HPOquRY8vI\" data-secret=\"HPOquRY8vI\" width=\"600\" height=\"338\" frameborder=\"0\" marginwidth=\"0\" marginheight=\"0\" scrolling=\"no\"><\/iframe>\n<\/div><\/figure>\n","protected":false},"excerpt":{"rendered":"<p>El negacionismo en acci\u00f3n: suspendieron el recital del joven artista por orden judicial tras un pedido del Ejecutivo. Una decisi\u00f3n pol\u00edtica que recuerda los peores tiempos de la censura en la Argentina<\/p>\n","protected":false},"author":4,"featured_media":1241,"comment_status":"open","ping_status":"open","sticky":false,"template":"","format":"standard","meta":{"_monsterinsights_skip_tracking":false,"_monsterinsights_sitenote_active":false,"_monsterinsights_sitenote_note":"","_monsterinsights_sitenote_category":0,"footnotes":"","jetpack_publicize_message":"","jetpack_publicize_feature_enabled":true,"jetpack_social_post_already_shared":true,"jetpack_social_options":{"image_generator_settings":{"template":"highway","default_image_id":0,"font":"","enabled":false},"version":2}},"categories":[4],"tags":[504,209,78,501,502,500,505,73,506,499,503],"class_list":["post-1240","post","type-post","status-publish","format-standard","has-post-thumbnail","hentry","category-sociedad","tag-censura","tag-democracia","tag-derechos-humanos","tag-espacio-memoria-show-suspendido","tag-gobierno-milei-prohibicion-cultural","tag-javier-milei-censura-ex-esma","tag-libertad","tag-libertadavanza","tag-milo-j","tag-milo-j-recital-censurado","tag-negacionismo-y-represion-argentina"],"jetpack_publicize_connections":[],"_links":{"self":[{"href":"https:\/\/www.enorsai.com\/noticias\/wp-json\/wp\/v2\/posts\/1240","targetHints":{"allow":["GET"]}}],"collection":[{"href":"https:\/\/www.enorsai.com\/noticias\/wp-json\/wp\/v2\/posts"}],"about":[{"href":"https:\/\/www.enorsai.com\/noticias\/wp-json\/wp\/v2\/types\/post"}],"author":[{"embeddable":true,"href":"https:\/\/www.enorsai.com\/noticias\/wp-json\/wp\/v2\/users\/4"}],"replies":[{"embeddable":true,"href":"https:\/\/www.enorsai.com\/noticias\/wp-json\/wp\/v2\/comments?post=1240"}],"version-history":[{"count":1,"href":"https:\/\/www.enorsai.com\/noticias\/wp-json\/wp\/v2\/posts\/1240\/revisions"}],"predecessor-version":[{"id":1242,"href":"https:\/\/www.enorsai.com\/noticias\/wp-json\/wp\/v2\/posts\/1240\/revisions\/1242"}],"wp:featuredmedia":[{"embeddable":true,"href":"https:\/\/www.enorsai.com\/noticias\/wp-json\/wp\/v2\/media\/1241"}],"wp:attachment":[{"href":"https:\/\/www.enorsai.com\/noticias\/wp-json\/wp\/v2\/media?parent=1240"}],"wp:term":[{"taxonomy":"category","embeddable":true,"href":"https:\/\/www.enorsai.com\/noticias\/wp-json\/wp\/v2\/categories?post=1240"},{"taxonomy":"post_tag","embeddable":true,"href":"https:\/\/www.enorsai.com\/noticias\/wp-json\/wp\/v2\/tags?post=1240"}],"curies":[{"name":"wp","href":"https:\/\/api.w.org\/{rel}","templated":true}]}}