{"id":1235,"date":"2025-02-12T21:08:42","date_gmt":"2025-02-13T00:08:42","guid":{"rendered":"https:\/\/www.enorsai.com\/noticias\/?p=1235"},"modified":"2025-02-12T21:10:44","modified_gmt":"2025-02-13T00:10:44","slug":"acindar-suspende-a-970-trabajadores-el-ajuste-generado-por-milei-y-que-golpea-directamente-a-los-trabajadores","status":"publish","type":"post","link":"https:\/\/www.enorsai.com\/noticias\/economia\/acindar-suspende-a-970-trabajadores-el-ajuste-generado-por-milei-y-que-golpea-directamente-a-los-trabajadores\/","title":{"rendered":"Acindar suspende a 970 trabajadores: El ajuste generado por Milei y que golpea directamente a los trabajadores"},"content":{"rendered":"\n<p><strong><em>La ca\u00edda de la demanda y el ajuste de costos obligan a Acindar a suspender a un tercio de su plantel. Con salarios reducidos y un futuro incierto, los trabajadores denuncian el abandono del gobierno de Milei, que prioriza el ajuste fiscal sobre la industria nacional.<\/em><\/strong><\/p>\n\n\n\n<p>En Villa Constituci\u00f3n, el coraz\u00f3n industrial de Santa Fe, el ajuste no es una palabra vac\u00eda. Es una realidad que golpea con fuerza a los trabajadores de Acindar, la acer\u00eda propiedad del gigante global ArcelorMittal. Este jueves, 970 empleados fueron suspendidos, un tercio del plantel total, en medio de una crisis que parece no tener fin. La medida, anunciada como temporal, es solo la punta del iceberg de un problema mucho m\u00e1s profundo: la desindustrializaci\u00f3n acelerada que vive el pa\u00eds bajo el gobierno de Javier Milei.<\/p>\n\n\n\n<p>Pablo Gonz\u00e1lez, secretario general de la UOM Villa Constituci\u00f3n, no oculta su preocupaci\u00f3n. \u00abUn tercio del plantel sale suspendido, y en el resto de los sectores se va a ir viendo de acuerdo a las necesidades de producci\u00f3n\u00bb, explic\u00f3. Pero las suspensiones no son el \u00fanico problema. A partir del 1\u00ba de marzo, el tren laminador n\u00famero 2 cerrar\u00e1 sus puertas, dejando a decenas de trabajadores en una situaci\u00f3n de incertidumbre total. \u00abEso de alguna manera va a tener de reh\u00e9n a la gente para recibir pensiones rotativas\u00bb, advirti\u00f3 Gonz\u00e1lez.<\/p>\n\n\n\n<p>El dirigente sindical aclar\u00f3 que la situaci\u00f3n actual no est\u00e1 directamente relacionada con los nuevos aranceles impuestos por Estados Unidos a las exportaciones de acero y aluminio. Sin embargo, no descart\u00f3 que, en el mediano plazo, la medida de Donald Trump afecte a\u00fan m\u00e1s a la industria local. \u00abAhora la medida de Trump no nos pega tanto, pero va a afectar sin lugar a dudas en el mediano y largo plazo a Acindar\u00bb, subray\u00f3.<\/p>\n\n\n\n<figure class=\"wp-block-embed is-type-wp-embed is-provider-incrustado wp-block-embed-incrustado\"><div class=\"wp-block-embed__wrapper\">\n<blockquote class=\"wp-embedded-content\" data-secret=\"trslbzrATS\"><a href=\"https:\/\/www.enorsai.com\/noticias\/economia\/topper-en-tucuman-despidos-masivos-y-el-silencio-complice-de-un-gobierno-que-prometio-empleo\/\">Topper en Tucum\u00e1n: Despidos masivos y el silencio c\u00f3mplice de un gobierno que prometi\u00f3 empleo<\/a><\/blockquote><iframe loading=\"lazy\" class=\"wp-embedded-content\" sandbox=\"allow-scripts\" security=\"restricted\" style=\"position: absolute; visibility: hidden;\" title=\"\u00abTopper en Tucum\u00e1n: Despidos masivos y el silencio c\u00f3mplice de un gobierno que prometi\u00f3 empleo\u00bb \u2014 \" src=\"https:\/\/www.enorsai.com\/noticias\/economia\/topper-en-tucuman-despidos-masivos-y-el-silencio-complice-de-un-gobierno-que-prometio-empleo\/embed\/#?secret=ZKmpyWtyq0#?secret=trslbzrATS\" data-secret=\"trslbzrATS\" width=\"600\" height=\"338\" frameborder=\"0\" marginwidth=\"0\" marginheight=\"0\" scrolling=\"no\"><\/iframe>\n<\/div><\/figure>\n\n\n\n<p>El presidente estadounidense fue claro en su postura: no habr\u00e1 excepciones para Argentina. \u00abTenemos un peque\u00f1o d\u00e9ficit con Argentina, como con todos los pa\u00edses\u00bb, afirm\u00f3 Trump, justificando la imposici\u00f3n de aranceles del 25%. La \u00fanica excepci\u00f3n ser\u00e1 Australia, debido a un super\u00e1vit comercial relacionado con la compra de aviones. Para el resto del mundo, el mensaje es contundente: \u00abNo me importan las represalias de los pa\u00edses\u00bb.<\/p>\n\n\n\n<p>Mientras tanto, en Argentina, el gobierno de Milei parece m\u00e1s preocupado por cumplir con las exigencias del Fondo Monetario Internacional que por proteger la industria nacional. El ajuste fiscal, la ca\u00edda del consumo y la falta de pol\u00edticas activas para reactivar la producci\u00f3n han llevado a empresas como Acindar a tomar medidas dr\u00e1sticas. El acuerdo alcanzado entre la empresa y el gremio permite evitar despidos masivos, pero a un costo alt\u00edsimo para los trabajadores.<\/p>\n\n\n\n<figure class=\"wp-block-embed is-type-wp-embed is-provider-incrustado wp-block-embed-incrustado\"><div class=\"wp-block-embed__wrapper\">\n<blockquote class=\"wp-embedded-content\" data-secret=\"qUitVqLSQD\"><a href=\"https:\/\/www.enorsai.com\/noticias\/economia\/nissan-en-cordoba-suspensiones-y-reduccion-de-turnos-en-medio-de-la-incertidumbre-economica-del-gobierno-de-milei\/\">Nissan en C\u00f3rdoba: Suspensiones y reducci\u00f3n de turnos en medio de la incertidumbre econ\u00f3mica del gobierno de Milei<\/a><\/blockquote><iframe loading=\"lazy\" class=\"wp-embedded-content\" sandbox=\"allow-scripts\" security=\"restricted\" style=\"position: absolute; visibility: hidden;\" title=\"\u00abNissan en C\u00f3rdoba: Suspensiones y reducci\u00f3n de turnos en medio de la incertidumbre econ\u00f3mica del gobierno de Milei\u00bb \u2014 \" src=\"https:\/\/www.enorsai.com\/noticias\/economia\/nissan-en-cordoba-suspensiones-y-reduccion-de-turnos-en-medio-de-la-incertidumbre-economica-del-gobierno-de-milei\/embed\/#?secret=bQE3oImWM3#?secret=qUitVqLSQD\" data-secret=\"qUitVqLSQD\" width=\"600\" height=\"338\" frameborder=\"0\" marginwidth=\"0\" marginheight=\"0\" scrolling=\"no\"><\/iframe>\n<\/div><\/figure>\n\n\n\n<p>Los empleados suspendidos cobrar\u00e1n el 80% del salario de febrero, el 78% en marzo y el 75% desde abril a diciembre de 2025. Una reducci\u00f3n salarial que, en un contexto de inflaci\u00f3n galopante, equivale a una condena a la pobreza. \u00abEs menos nocivo que ser bajado de turno y luego dispensado\u00bb, explic\u00f3 Gonz\u00e1lez, intentando encontrar un lado positivo en un panorama desolador. Pero la realidad es que, para muchos trabajadores, esta medida no es m\u00e1s que un parche temporal en una herida que no deja de sangrar.<\/p>\n\n\n\n<p>El ajuste en Acindar no es un caso aislado. Es parte de una tendencia que se repite en todo el pa\u00eds: despidos masivos, suspensiones y cierres de plantas. La industria nacional, otrora motor de la econom\u00eda argentina, est\u00e1 en terapia intensiva. Y el gobierno de Milei, lejos de implementar pol\u00edticas para revertir esta situaci\u00f3n, parece empe\u00f1ado en profundizar el modelo de ajuste y desregulaci\u00f3n que beneficia a unos pocos a costa del sufrimiento de muchos.<\/p>\n\n\n\n<p>En definitiva, la suspensi\u00f3n de 970 trabajadores en Acindar no es solo una tragedia local. Es un s\u00edmbolo de lo que est\u00e1 ocurriendo en todo el pa\u00eds: un gobierno que prioriza los intereses de las corporaciones y el capital financiero por encima de las necesidades de la gente. Mientras los trabajadores de Villa Constituci\u00f3n luchan por mantener sus empleos, Milei sigue adelante con su plan de ajuste, ignorando el drama social que \u00e9l mismo ayud\u00f3 a crear.<\/p>\n\n\n\n<ul class=\"wp-block-list\">\n<li><a href=\"https:\/\/www.lacapital.com.ar\/economia\/villa-constitucion-acindar-suspende-970-trabajadores-medio-la-crisis-del-sector-n10179243.html\">https:\/\/www.lacapital.com.ar\/economia\/villa-constitucion-acindar-suspende-970-trabajadores-medio-la-crisis-del-sector-n10179243.html<\/a><\/li>\n<\/ul>\n\n\n","protected":false},"excerpt":{"rendered":"<p>Acindar suspendi\u00f3 a 970 trabajadores en Villa Constituci\u00f3n por la ca\u00edda de la demanda y el ajuste de costos. Con salarios reducidos y un futuro incierto, los empleados denuncian el abandono del gobierno de Milei, que prioriza el ajuste fiscal sobre la industria nacional.<\/p>\n","protected":false},"author":1,"featured_media":1238,"comment_status":"open","ping_status":"open","sticky":false,"template":"","format":"standard","meta":{"_monsterinsights_skip_tracking":false,"_monsterinsights_sitenote_active":false,"_monsterinsights_sitenote_note":"","_monsterinsights_sitenote_category":0,"footnotes":"","jetpack_publicize_message":"","jetpack_publicize_feature_enabled":true,"jetpack_social_post_already_shared":true,"jetpack_social_options":{"image_generator_settings":{"template":"highway","default_image_id":0,"font":"","enabled":false},"version":2}},"categories":[3],"tags":[58,498,43,15,45],"class_list":["post-1235","post","type-post","status-publish","format-standard","has-post-thumbnail","hentry","category-economia","tag-ajuste","tag-aluar","tag-crisis","tag-economia","tag-milei"],"jetpack_publicize_connections":[],"_links":{"self":[{"href":"https:\/\/www.enorsai.com\/noticias\/wp-json\/wp\/v2\/posts\/1235","targetHints":{"allow":["GET"]}}],"collection":[{"href":"https:\/\/www.enorsai.com\/noticias\/wp-json\/wp\/v2\/posts"}],"about":[{"href":"https:\/\/www.enorsai.com\/noticias\/wp-json\/wp\/v2\/types\/post"}],"author":[{"embeddable":true,"href":"https:\/\/www.enorsai.com\/noticias\/wp-json\/wp\/v2\/users\/1"}],"replies":[{"embeddable":true,"href":"https:\/\/www.enorsai.com\/noticias\/wp-json\/wp\/v2\/comments?post=1235"}],"version-history":[{"count":1,"href":"https:\/\/www.enorsai.com\/noticias\/wp-json\/wp\/v2\/posts\/1235\/revisions"}],"predecessor-version":[{"id":1236,"href":"https:\/\/www.enorsai.com\/noticias\/wp-json\/wp\/v2\/posts\/1235\/revisions\/1236"}],"wp:featuredmedia":[{"embeddable":true,"href":"https:\/\/www.enorsai.com\/noticias\/wp-json\/wp\/v2\/media\/1238"}],"wp:attachment":[{"href":"https:\/\/www.enorsai.com\/noticias\/wp-json\/wp\/v2\/media?parent=1235"}],"wp:term":[{"taxonomy":"category","embeddable":true,"href":"https:\/\/www.enorsai.com\/noticias\/wp-json\/wp\/v2\/categories?post=1235"},{"taxonomy":"post_tag","embeddable":true,"href":"https:\/\/www.enorsai.com\/noticias\/wp-json\/wp\/v2\/tags?post=1235"}],"curies":[{"name":"wp","href":"https:\/\/api.w.org\/{rel}","templated":true}]}}