{"id":11756,"date":"2026-01-28T09:46:02","date_gmt":"2026-01-28T12:46:02","guid":{"rendered":"https:\/\/www.enorsai.com\/noticias\/?p=11756"},"modified":"2026-01-28T09:46:02","modified_gmt":"2026-01-28T12:46:02","slug":"contundente-documento-de-la-iglesia-para-rechazar-la-baja-de-la-edad-de-imputabilidad","status":"publish","type":"post","link":"https:\/\/www.enorsai.com\/noticias\/politica\/congreso\/contundente-documento-de-la-iglesia-para-rechazar-la-baja-de-la-edad-de-imputabilidad\/","title":{"rendered":"Contundente documento de la Iglesia para rechazar la baja de la edad de imputabilidad"},"content":{"rendered":"\n<p><strong><em>La Comisi\u00f3n Episcopal de Pastoral Social cuestion\u00f3 el enfoque punitivo del debate, advirti\u00f3 que no reduce la inseguridad y reclam\u00f3 pol\u00edticas integrales centradas en la educaci\u00f3n y la inclusi\u00f3n social.<\/em><\/strong><\/p>\n\n\n\n<p>Luego de que el gobierno de Javier Milei decidiera sumar al temario de las sesiones extraordinarias del Congreso el debate por la baja de la edad de imputabilidad, la Iglesia Cat\u00f3lica expres\u00f3 un fuerte rechazo a la iniciativa y volvi\u00f3 a poner en circulaci\u00f3n un documento elaborado por la Comisi\u00f3n Episcopal de Pastoral Social en marzo de 2025.<\/p>\n\n\n\n<p>Bajo el t\u00edtulo \u201cNo se trata de bajar la edad de imputabilidad, s\u00ed de asumir cambios profundos\u201d, el texto cuestiona el enfoque punitivo del debate y advierte que reducir la edad penal no resolver\u00e1 el problema de la inseguridad ni de la delincuencia juvenil en la Argentina.<\/p>\n\n\n\n<p>En el documento, la Comisi\u00f3n Episcopal remarca que desde hace a\u00f1os el pa\u00eds arrastra las consecuencias de administraciones que no lograron consolidar una cultura del trabajo ni garantizar condiciones de vida dignas para todas las familias.<\/p>\n\n\n\n<p>Seg\u00fan plantean, esa ausencia de pol\u00edticas estructurales deriv\u00f3 en m\u00faltiples problemas sociales, entre ellos el crecimiento de la inseguridad y de la delincuencia juvenil. En ese marco, advierten que focalizar el debate \u00fanicamente en los menores resulta una simplificaci\u00f3n peligrosa.<\/p>\n\n\n\n<p>Solidaridad con las v\u00edctimas y advertencia sobre el debate p\u00fablico<\/p>\n\n\n\n<p>La Iglesia tambi\u00e9n expres\u00f3 su solidaridad con las personas que fueron v\u00edctimas de hechos de violencia, incluso aquellos cometidos por menores de edad en contextos de extrema brutalidad. Sin embargo, aclar\u00f3 que esos casos no pueden ser utilizados para instalar soluciones que, a su entender, no atacan las causas reales del problema.<\/p>\n\n\n\n<p>En ese sentido, record\u00f3 que las estad\u00edsticas oficiales del Sistema Nacional de Informaci\u00f3n Criminal del Ministerio de Seguridad Nacional muestran que los menores inculpados representan un porcentaje muy bajo del total de delitos registrados en el pa\u00eds.<\/p>\n\n\n\n<p>La iniciativa del Ejecutivo propone modificar el r\u00e9gimen vigente desde la \u00faltima dictadura militar y bajar el piso de punibilidad.<\/p>\n\n\n\n<p>Desde la Comisi\u00f3n Episcopal subrayaron que la delincuencia juvenil est\u00e1 atravesada por m\u00faltiples factores sociales, econ\u00f3micos y culturales, y reclamaron que el debate legislativo incorpore la voz de especialistas como psic\u00f3logos, psiquiatras, psicopedagogos y docentes.<\/p>\n\n\n\n<p>Seg\u00fan sostienen, cuando esas miradas aparecen en la discusi\u00f3n p\u00fablica, la idea de bajar la edad de imputabilidad pierde sustento. \u201cEs una idealizaci\u00f3n creer que la soluci\u00f3n de la inseguridad es bajar la edad de imputabilidad y no considerar sus causas\u201d, advirtieron.<\/p>\n\n\n\n<p>Narcotr\u00e1fico, consumo y violencia juvenil<\/p>\n\n\n\n<p>Otro de los ejes centrales del documento apunta al avance del narcotr\u00e1fico y al consumo problem\u00e1tico de drogas entre adolescentes y j\u00f3venes. La Iglesia alert\u00f3 que las drogas est\u00e1n destruyendo a los j\u00f3venes y que el consumo es una de las principales causas de la violencia.<\/p>\n\n\n\n<p>En ese punto, cuestionaron que el combate al narcotr\u00e1fico tenga escaso lugar en el debate p\u00fablico, pese a su impacto directo en los barrios m\u00e1s vulnerables.<\/p>\n\n\n\n<p>El texto tambi\u00e9n plantea interrogantes concretos frente a una eventual baja de la edad de imputabilidad: d\u00f3nde ser\u00edan alojados los menores condenados, qu\u00e9 dispositivos existen en las provincias y qu\u00e9 posibilidades reales habr\u00eda de educaci\u00f3n y reinserci\u00f3n social.<\/p>\n\n\n\n<p>La Comisi\u00f3n Episcopal record\u00f3 la situaci\u00f3n cr\u00edtica de los establecimientos penitenciarios y puso en duda que ese sea el camino adecuado. Actualmente, la ley prev\u00e9 la imputabilidad desde los 16 y 17 a\u00f1os, un esquema que consideran suficiente si se acompa\u00f1a de un r\u00e9gimen penal juvenil con una mirada humana e integral.<\/p>\n\n\n\n<p>Imputabilidad de menores<\/p>\n\n\n\n<p>En uno de los pasajes m\u00e1s contundentes, el documento plantea una disyuntiva clara: m\u00e1s c\u00e1rceles o m\u00e1s escuelas. M\u00e1s guardiac\u00e1rceles o m\u00e1s docentes capacitados y con salarios dignos.<\/p>\n\n\n\n<p>La Iglesia insiste en que cualquier reforma debe priorizar la educaci\u00f3n y la reinserci\u00f3n social, ofreciendo a los adolescentes un proyecto de vida que les permita imaginar un futuro lejos de la violencia, las drogas o la marginalidad.<\/p>\n\n\n\n<p>Responsabilidad compartida y llamado a la dirigencia<\/p>\n\n\n\n<p>Adem\u00e1s del Estado nacional, provincial y municipal, la Comisi\u00f3n Episcopal convoc\u00f3 a la dirigencia pol\u00edtica, los movimientos sociales, los sindicatos, los clubes, las iglesias, el sector empresario y la sociedad en general a asumir un rol activo en la contenci\u00f3n de los j\u00f3venes m\u00e1s vulnerables.<\/p>\n\n\n\n<p>En l\u00ednea con el pensamiento del papa Francisco, remarcaron que la salida debe ser colectiva: \u201cEstamos todos en la misma barca y nos salvamos juntos o nos hundimos todos\u201d.<\/p>\n\n\n\n<p>El debate se reactiv\u00f3 luego de que el presidente Javier Milei ampliara el temario de las sesiones extraordinarias mediante el Decreto 53\/2026, publicado en el Bolet\u00edn Oficial. La medida habilita el tratamiento de proyectos vinculados al R\u00e9gimen Penal Juvenil a partir del 2 de febrero.<\/p>\n\n\n\n<p>La iniciativa del Ejecutivo propone modificar el r\u00e9gimen vigente desde la \u00faltima dictadura militar y bajar el piso de punibilidad, actualmente fijado en los 16 a\u00f1os, para que menores puedan ser juzgados y condenados por delitos graves.<\/p>\n\n\n\n<p>Por Mariana Portilla para Grupo La Provincia<\/p>\n","protected":false},"excerpt":{"rendered":"<p>La Comisi\u00f3n Episcopal de Pastoral Social cuestion\u00f3 el enfoque punitivo del debate, advirti\u00f3 que no reduce la inseguridad y reclam\u00f3 pol\u00edticas integrales centradas en la educaci\u00f3n y la inclusi\u00f3n social. Luego de que el gobierno de Javier Milei decidiera sumar al temario de las sesiones extraordinarias del Congreso el debate por la baja de la&#8230;<\/p>\n","protected":false},"author":5,"featured_media":11757,"comment_status":"open","ping_status":"open","sticky":false,"template":"","format":"standard","meta":{"_monsterinsights_skip_tracking":false,"_monsterinsights_sitenote_active":false,"_monsterinsights_sitenote_note":"","_monsterinsights_sitenote_category":0,"footnotes":"","jetpack_publicize_message":"","jetpack_publicize_feature_enabled":true,"jetpack_social_post_already_shared":false,"jetpack_social_options":{"image_generator_settings":{"template":"highway","default_image_id":0,"font":"","enabled":false},"version":2}},"categories":[3975],"tags":[43,70],"class_list":["post-11756","post","type-post","status-publish","format-standard","has-post-thumbnail","hentry","category-congreso","tag-crisis","tag-justicia"],"jetpack_publicize_connections":[],"_links":{"self":[{"href":"https:\/\/www.enorsai.com\/noticias\/wp-json\/wp\/v2\/posts\/11756","targetHints":{"allow":["GET"]}}],"collection":[{"href":"https:\/\/www.enorsai.com\/noticias\/wp-json\/wp\/v2\/posts"}],"about":[{"href":"https:\/\/www.enorsai.com\/noticias\/wp-json\/wp\/v2\/types\/post"}],"author":[{"embeddable":true,"href":"https:\/\/www.enorsai.com\/noticias\/wp-json\/wp\/v2\/users\/5"}],"replies":[{"embeddable":true,"href":"https:\/\/www.enorsai.com\/noticias\/wp-json\/wp\/v2\/comments?post=11756"}],"version-history":[{"count":1,"href":"https:\/\/www.enorsai.com\/noticias\/wp-json\/wp\/v2\/posts\/11756\/revisions"}],"predecessor-version":[{"id":11758,"href":"https:\/\/www.enorsai.com\/noticias\/wp-json\/wp\/v2\/posts\/11756\/revisions\/11758"}],"wp:featuredmedia":[{"embeddable":true,"href":"https:\/\/www.enorsai.com\/noticias\/wp-json\/wp\/v2\/media\/11757"}],"wp:attachment":[{"href":"https:\/\/www.enorsai.com\/noticias\/wp-json\/wp\/v2\/media?parent=11756"}],"wp:term":[{"taxonomy":"category","embeddable":true,"href":"https:\/\/www.enorsai.com\/noticias\/wp-json\/wp\/v2\/categories?post=11756"},{"taxonomy":"post_tag","embeddable":true,"href":"https:\/\/www.enorsai.com\/noticias\/wp-json\/wp\/v2\/tags?post=11756"}],"curies":[{"name":"wp","href":"https:\/\/api.w.org\/{rel}","templated":true}]}}