{"id":11752,"date":"2026-01-23T17:58:50","date_gmt":"2026-01-23T20:58:50","guid":{"rendered":"https:\/\/www.enorsai.com\/noticias\/?p=11752"},"modified":"2026-01-23T17:58:51","modified_gmt":"2026-01-23T20:58:51","slug":"el-quinto-caso-en-dos-meses-otra-muerte-sacude-al-ejercito-argentino-y-crece-la-alarma-por-el-silencio-oficial","status":"publish","type":"post","link":"https:\/\/www.enorsai.com\/noticias\/politica\/el-quinto-caso-en-dos-meses-otra-muerte-sacude-al-ejercito-argentino-y-crece-la-alarma-por-el-silencio-oficial\/","title":{"rendered":"El quinto caso en dos meses: otra muerte sacude al Ej\u00e9rcito Argentino y crece la alarma por el silencio oficial"},"content":{"rendered":"\n<p><strong>Un soldado de 25 a\u00f1os fue hallado sin vida en Tartagal. Ten\u00eda esposa e hija. Mientras las causas siguen sin esclarecerse, la seguidilla de muertes dentro de las fuerzas armadas expone una trama de abandono, opacidad y responsabilidad pol\u00edtica.<\/strong><\/p>\n\n\n\n<p><strong>Bajada:<\/strong> La muerte de un joven integrante del Regimiento de Infanter\u00eda de Monte 28 en Salta vuelve a encender las alarmas por la situaci\u00f3n interna en las Fuerzas Armadas. Ya son al menos cinco los fallecimientos en apenas dos meses. Familias que esperan respuestas, investigaciones que avanzan a cuentagotas y un gobierno que mira para otro lado.<\/p>\n\n\n\n<p>La preocupaci\u00f3n por los fallecimientos prematuros de j\u00f3venes soldados en el <strong>Ej\u00e9rcito Argentino<\/strong> volvi\u00f3 a activarse con fuerza este viernes tras confirmarse una nueva muerte en la ciudad salte\u00f1a de Tartagal. El joven, de apenas 25 a\u00f1os, pertenec\u00eda al Regimiento de Infanter\u00eda de Monte 28. Ten\u00eda una esposa y una hija peque\u00f1a. Su muerte no solo enluta a una familia: vuelve a desnudar un problema estructural que el Estado se resiste a mirar de frente.<\/p>\n\n\n\n<p>El soldado no se present\u00f3 a trabajar, algo que \u2014seg\u00fan relataron sus compa\u00f1eros\u2014 no era habitual. Tampoco dio aviso ni dej\u00f3 se\u00f1ales. Esa ausencia encendi\u00f3 las alarmas. Cuando otros efectivos se dirigieron a su domicilio, se encontraron con el peor escenario: el joven estaba muerto. A partir de all\u00ed, el protocolo fue el de siempre. Polic\u00eda provincial, consigna, intervenci\u00f3n federal. Mucho procedimiento, pocas respuestas.<\/p>\n\n\n\n<p>La investigaci\u00f3n qued\u00f3 en manos del fiscal penal Gonzalo Vega, con intervenci\u00f3n del Cuerpo de Investigaciones Fiscales. Hasta el momento, no se inform\u00f3 oficialmente si hubo signos de violencia ni cu\u00e1l fue la causa del fallecimiento. Todo queda, una vez m\u00e1s, bajo la c\u00f3moda etiqueta de \u201caveriguaci\u00f3n de causales de muerte\u201d. Una f\u00f3rmula judicial que se repite y que, en la pr\u00e1ctica, suele diluir responsabilidades.<\/p>\n\n\n\n<p>El padre del soldado fue quien recibi\u00f3 la primera notificaci\u00f3n. Declar\u00f3 que desconoc\u00eda qu\u00e9 pudo haber ocurrido y remarc\u00f3 que su hijo llevaba a\u00f1os en la instituci\u00f3n, con intenci\u00f3n de continuar su carrera militar. Allegados lo describieron como un joven respetuoso, muy vinculado a su familia, que hab\u00eda ingresado al Ej\u00e9rcito siendo apenas un adolescente. No encaja f\u00e1cilmente en el relato r\u00e1pido y tranquilizador del \u201ccaso aislado\u201d.<\/p>\n\n\n\n<p>Su esposa y su hija no se encontraban en la ciudad en los \u00faltimos meses y regresaron a Tartagal tras enterarse de la tragedia. A ellas \u2014como a tantas otras familias\u2014 el Estado les debe algo b\u00e1sico: la verdad.<\/p>\n\n\n\n<p>Esta muerte no ocurre en el vac\u00edo. Se suma a una cadena inquietante de fallecimientos recientes dentro de las fuerzas. Hace apenas d\u00edas, un soldado del Centro Recreativo del Ej\u00e9rcito \u201cH\u00e9roes de Malvinas\u201d fue hallado sin vida en Quilmes. Antes, el 16 de diciembre, el efectivo Rodrigo Andr\u00e9s G\u00f3mez muri\u00f3 mientras cumpl\u00eda tareas de seguridad en la Residencia Presidencial de Olivos, en un caso que qued\u00f3 bajo la \u00f3rbita de la Justicia Federal y sobre el cual se impuso un f\u00e9rreo cerrojo informativo.<\/p>\n\n\n\n<p>El mismo mes, en Santiago del Estero, el gendarme Diego Mat\u00edas Kalilec, de 21 a\u00f1os, fue encontrado ahorcado en la vivienda que alquilaba. Un d\u00eda despu\u00e9s, en Corrientes, el suboficial principal Juan Pereira apareci\u00f3 muerto en el cuartel de la Guarnici\u00f3n de Ej\u00e9rcito Monte Caseros, tras 28 a\u00f1os de servicio. Y el 19 de diciembre, en Mendoza, Facundo Gabriel Lima, soldado voluntario del Liceo Militar General Espejo, muri\u00f3 tras dispararse con un arma.<\/p>\n\n\n\n<p>Cinco muertes. Dos meses. Distintos puntos del pa\u00eds. Diferentes rangos. La coincidencia temporal ya no permite hablar livianamente de hechos inconexos.<\/p>\n\n\n\n<p>Frente a este escenario, la respuesta pol\u00edtica aparece, otra vez, tard\u00eda y defensiva. Seg\u00fan se inform\u00f3, el ministro de Defensa <strong>Carlos Presti<\/strong> impuls\u00f3 un convenio con el Ministerio de Salud para abordar problem\u00e1ticas de salud mental dentro de las Fuerzas Armadas. Se distribuy\u00f3 material audiovisual y se habl\u00f3 de \u201cherramient&#8217;s de detecci\u00f3n temprana\u201d. Suena bien en los comunicados. Suena hueco cuando los muertos se acumulan.<\/p>\n\n\n\n<p>Porque el problema no es solo cl\u00ednico. Es institucional, laboral y pol\u00edtico. J\u00f3venes con salarios bajos, condiciones de vida precarias, exigencias extremas y contenci\u00f3n casi nula. Todo enmarcado en un gobierno que pregona ajuste, recorte y deshumanizaci\u00f3n, incluso dentro de las propias fuerzas que dice reivindicar.<\/p>\n\n\n\n<p>Bajo la administraci\u00f3n de Javier Milei, el discurso de orden y autoridad convive con una peligrosa indiferencia hacia la vida concreta de quienes visten uniforme. No hay conferencias de prensa, no hay explicaciones p\u00fablicas, no hay autocr\u00edtica. Solo expedientes, silencios y familias rotas.<\/p>\n\n\n\n<p>Mientras tanto, las investigaciones avanzan lentamente, las causas se fragmentan y la pregunta de fondo queda sin responder: \u00bfqu\u00e9 est\u00e1 pasando puertas adentro del Ej\u00e9rcito Argentino? La sucesi\u00f3n de muertes ya no admite parches ni spots institucionales. Exige una revisi\u00f3n profunda, transparente y urgente. Porque cada d\u00eda que pasa sin respuestas, el mensaje es claro y brutal: la vida de estos j\u00f3venes vale poco. Y el silencio oficial, demasiado.<\/p>\n\n\n\n<p>Fuente:<\/p>\n\n\n\n<p>.<a href=\"https:\/\/www.pagina12.com.ar\/2026\/01\/23\/encontraron-muerto-a-otro-soldado-del-ejercito-argentino-esta-vez-en-salta\/\">https:\/\/www.pagina12.com.ar\/2026\/01\/23\/encontraron-muerto-a-otro-soldado-del-ejercito-argentino-esta-vez-en-salta\/<\/a><\/p>\n","protected":false},"excerpt":{"rendered":"<p>La muerte de un soldado de 25 a\u00f1os en Tartagal suma un nuevo episodio a una preocupante seguidilla de fallecimientos dentro del Ej\u00e9rcito Argentino. Ya son al menos cinco casos en dos meses. Familias sin respuestas, investigaciones opacas y un Estado que sigue sin dar explicaciones claras.<\/p>\n","protected":false},"author":9,"featured_media":11755,"comment_status":"open","ping_status":"open","sticky":false,"template":"","format":"standard","meta":{"_monsterinsights_skip_tracking":false,"_monsterinsights_sitenote_active":false,"_monsterinsights_sitenote_note":"","_monsterinsights_sitenote_category":0,"footnotes":"","jetpack_publicize_message":"","jetpack_publicize_feature_enabled":true,"jetpack_social_post_already_shared":false,"jetpack_social_options":{"image_generator_settings":{"template":"highway","default_image_id":0,"font":"","enabled":false},"version":2}},"categories":[2],"tags":[4264,1364,4265,538,4266],"class_list":["post-11752","post","type-post","status-publish","format-standard","has-post-thumbnail","hentry","category-politica","tag-ejercito-argentino","tag-fuerzas-armadas","tag-ministerio-de-defensa","tag-salta","tag-tartagal"],"jetpack_publicize_connections":[],"_links":{"self":[{"href":"https:\/\/www.enorsai.com\/noticias\/wp-json\/wp\/v2\/posts\/11752","targetHints":{"allow":["GET"]}}],"collection":[{"href":"https:\/\/www.enorsai.com\/noticias\/wp-json\/wp\/v2\/posts"}],"about":[{"href":"https:\/\/www.enorsai.com\/noticias\/wp-json\/wp\/v2\/types\/post"}],"author":[{"embeddable":true,"href":"https:\/\/www.enorsai.com\/noticias\/wp-json\/wp\/v2\/users\/9"}],"replies":[{"embeddable":true,"href":"https:\/\/www.enorsai.com\/noticias\/wp-json\/wp\/v2\/comments?post=11752"}],"version-history":[{"count":1,"href":"https:\/\/www.enorsai.com\/noticias\/wp-json\/wp\/v2\/posts\/11752\/revisions"}],"predecessor-version":[{"id":11753,"href":"https:\/\/www.enorsai.com\/noticias\/wp-json\/wp\/v2\/posts\/11752\/revisions\/11753"}],"wp:featuredmedia":[{"embeddable":true,"href":"https:\/\/www.enorsai.com\/noticias\/wp-json\/wp\/v2\/media\/11755"}],"wp:attachment":[{"href":"https:\/\/www.enorsai.com\/noticias\/wp-json\/wp\/v2\/media?parent=11752"}],"wp:term":[{"taxonomy":"category","embeddable":true,"href":"https:\/\/www.enorsai.com\/noticias\/wp-json\/wp\/v2\/categories?post=11752"},{"taxonomy":"post_tag","embeddable":true,"href":"https:\/\/www.enorsai.com\/noticias\/wp-json\/wp\/v2\/tags?post=11752"}],"curies":[{"name":"wp","href":"https:\/\/api.w.org\/{rel}","templated":true}]}}