{"id":11746,"date":"2026-01-23T07:56:30","date_gmt":"2026-01-23T10:56:30","guid":{"rendered":"https:\/\/www.enorsai.com\/noticias\/?p=11746"},"modified":"2026-01-23T07:56:33","modified_gmt":"2026-01-23T10:56:33","slug":"una-concejala-de-la-libertad-avanza-de-bahia-blanca-denunciada-por-utilizar-el-padron-de-la-andis-para-hacer-campana","status":"publish","type":"post","link":"https:\/\/www.enorsai.com\/noticias\/politica\/una-concejala-de-la-libertad-avanza-de-bahia-blanca-denunciada-por-utilizar-el-padron-de-la-andis-para-hacer-campana\/","title":{"rendered":"Una concejala de La Libertad Avanza de Bah\u00eda Blanca denunciada por utilizar el padr\u00f3n de la Andis para hacer campa\u00f1a"},"content":{"rendered":"\n<p>La denuncia penal presentada en Tres Arroyos por el uso proselitista del padr\u00f3n de la Agencia Nacional de Discapacidad revela algo m\u00e1s profundo que una irregularidad electoral: exhibe una l\u00f3gica de poder que combina ajuste, crueldad social y apropiaci\u00f3n pol\u00edtica de informaci\u00f3n sensible bajo el paraguas del gobierno de Javier Milei.<\/p>\n\n\n\n<p>Hay esc\u00e1ndalos que no sorprenden por lo inesperado, sino por lo obscenos. El uso presuntamente proselitista del padr\u00f3n de la Agencia Nacional de Discapacidad no irrumpe como una anomal\u00eda dentro del universo libertario, sino como la confirmaci\u00f3n brutal de un m\u00e9todo. Mientras el gobierno nacional somete a auditor\u00edas masivas a personas con discapacidad, poniendo en riesgo su subsistencia, dirigentes de La Libertad Avanza habr\u00edan utilizado esos mismos datos sensibles para \u201chacer territorio\u201d en plena campa\u00f1a electoral. El contraste no es solo pol\u00edtico: es \u00e9tico, humano y profundamente perturbador.<\/p>\n\n\n\n<p>La denuncia penal presentada por el Municipio de Tres Arroyos marca un punto de inflexi\u00f3n. Ya no se trata \u00fanicamente de versiones period\u00edsticas o filtraciones inc\u00f3modas, sino de una investigaci\u00f3n judicial que apunta a una posible comisi\u00f3n de delitos vinculados al acceso ileg\u00edtimo y a la revelaci\u00f3n indebida de datos personales. En el centro de la escena aparece la concejala bahiense Franca Grippo Harrington, referente libertaria en la Sexta Secci\u00f3n Electoral y figura estrechamente ligada al armado pol\u00edtico de Sebasti\u00e1n Pareja en el sur bonaerense.<\/p>\n\n\n\n<p>Los hechos denunciados no dejan demasiado margen para la ambig\u00fcedad. Capturas de un grupo de WhatsApp de dirigentes libertarios muestran a Grippo Harrington afirmando, con entusiasmo, que dispon\u00eda del padr\u00f3n completo del programa Incluir Salud, dividido localidad por localidad, listo para ser utilizado con fines territoriales. No se trataba de un rumor ni de una suposici\u00f3n: la propia dirigente reconoc\u00eda que se trataba de informaci\u00f3n reservada, entregada en papel y destinada a circular de mano en mano para evitar filtraciones. La conciencia de la ilegalidad no aparece como un freno, sino como una precauci\u00f3n log\u00edstica.<\/p>\n\n\n\n<p>El programa Incluir Salud depende de la Agencia Nacional de Discapacidad y est\u00e1 destinado a personas que perciben pensiones por discapacidad, es decir, a uno de los sectores m\u00e1s vulnerables de la sociedad. Que esa base de datos haya sido utilizada \u2014o al menos puesta a disposici\u00f3n\u2014 con fines proselitistas expone una degradaci\u00f3n alarmante del uso de la informaci\u00f3n estatal. No se trata solo de una campa\u00f1a sucia: es la instrumentalizaci\u00f3n de la fragilidad ajena como herramienta pol\u00edtica.<\/p>\n\n\n\n<p>La denuncia fue impulsada por funcionarios municipales de Tres Arroyos, entre ellos Andrea Elgart, coordinadora del \u00c1rea de Discapacidad, y Mart\u00edn Garate, secretario de Desarrollo Social. Ambos aportaron el material a la Justicia y pidieron que se investigue la posible comisi\u00f3n de delitos. Pero m\u00e1s all\u00e1 de la letra penal, sus testimonios revelan un contexto todav\u00eda m\u00e1s grave. Mientras esos chats circulaban entre dirigentes libertarios, m\u00e1s de mil personas con discapacidad en la Sexta Secci\u00f3n eran sometidas a auditor\u00edas nacionales que pon\u00edan en riesgo la continuidad de sus pensiones. Personas obligadas a demostrar, una vez m\u00e1s, que su discapacidad existe, que su derecho no es un privilegio, que su subsistencia no es negociable.<\/p>\n\n\n\n<p>La contradicci\u00f3n es obscena: el mismo Estado que persigue, audita y recorta es el que, a trav\u00e9s de operadores pol\u00edticos, habr\u00eda facilitado datos sensibles para captar votos. El mismo gobierno que habla de eficiencia y meritocracia es el que tolera \u2014cuando no promueve\u2014 pr\u00e1cticas que rozan el clientelismo m\u00e1s descarnado. En palabras de Elgart, mientras miles de personas luchaban por no perder 300 mil pesos esenciales para vivir, otros distribu\u00edan sus datos para sumar adhesiones pol\u00edticas.<\/p>\n\n\n\n<p>Este episodio no puede leerse de manera aislada. Grippo Harrington no es una figura marginal dentro del esquema libertario. Fue responsable de oficinas de PAMI, mantiene influencia sobre delegaciones de ANSES en la regi\u00f3n y responde directamente al armado de Sebasti\u00e1n Pareja. En su trayectoria confluyen poder pol\u00edtico, v\u00ednculos con la Sociedad Rural Argentina y una inserci\u00f3n territorial construida sobre estructuras estatales que hoy, bajo el discurso libertario, son vaciadas y degradadas.<\/p>\n\n\n\n<p>La denuncia tambi\u00e9n pone en evidencia otro elemento inquietante: el control de organismos sensibles del Estado por parte de dirigentes partidarios. Desde 2024, se multiplicaron las quejas por el cierre de delegaciones y la deficiente atenci\u00f3n en PAMI y ANSES en Bah\u00eda Blanca y la regi\u00f3n. En ese contexto, las filtraciones muestran a Grippo proponiendo \u201ccolar gente\u201d en ANSES a trav\u00e9s de una empresa tercerizada, como si el Estado fuera una bolsa de trabajo partidaria y no una herramienta de garant\u00eda de derechos.<\/p>\n\n\n\n<p>El silencio posterior de la dirigente denunciada no hace m\u00e1s que agravar la situaci\u00f3n. Consultada por la prensa, no dio explicaciones. Tampoco hubo, hasta el momento, una respuesta contundente del espacio libertario ni del gobierno nacional. El mutismo contrasta con la verborragia habitual del presidente Javier Milei cuando se trata de atacar a opositores, estigmatizar a sectores vulnerables o denunciar supuestos curros. Aqu\u00ed, donde el olor a irregularidad es fuerte y persistente, el discurso anticasta se evapora.<\/p>\n\n\n\n<p>La posible derivaci\u00f3n de la causa al fuero federal abre un escenario todav\u00eda m\u00e1s delicado. No se trata de datos municipales ni provinciales, sino de una base de datos nacional. Si se comprueba que informaci\u00f3n de la Andis fue utilizada con fines pol\u00edticos, el esc\u00e1ndalo excede largamente a una concejala y compromete a todo un esquema de poder que mezcla ajuste social con oportunismo electoral.<\/p>\n\n\n\n<p>En definitiva, el caso del padr\u00f3n de la discapacidad desnuda una verdad inc\u00f3moda del proyecto libertario. Detr\u00e1s del relato de la libertad y la eficiencia, emerge una pr\u00e1ctica vieja, rancia y profundamente desigual: usar al Estado cuando conviene, desmantelarlo cuando molesta y pisotear derechos cuando estorban. Las personas con discapacidad, convertidas en variable de ajuste y en bot\u00edn pol\u00edtico, pagan el precio m\u00e1s alto de una gesti\u00f3n que confunde crueldad con coraje y cinismo con convicci\u00f3n.<\/p>\n\n\n\n<hr class=\"wp-block-separator has-alpha-channel-opacity\"\/>\n\n\n\n<p><strong>Fuente:<\/strong><br><a href=\"https:\/\/www.lapoliticaonline.com\/provincia\/denuncia-penal-contra-la-armadora-de-pareja-que-uso-datos-de-personas-con-discapacidad-para-la-campana\/\">https:\/\/www.lapoliticaonline.com\/provincia\/denuncia-penal-contra-la-armadora-de-pareja-que-uso-datos-de-personas-con-discapacidad-para-la-campana\/<\/a><br><a href=\"https:\/\/www.tiempoar.com.ar\/ta_article\/una-concejala-de-la-libertad-avanza-denunciada-en-la-justicia-por-utilizar-el-padron-de-la-andis-para-hacer-campana\/\">https:\/\/www.tiempoar.com.ar\/ta_article\/una-concejala-de-la-libertad-avanza-denunciada-en-la-justicia-por-utilizar-el-padron-de-la-andis-para-hacer-campana\/<\/a><\/p>\n","protected":false},"excerpt":{"rendered":"<p>La denuncia por el uso proselitista del padr\u00f3n de la Andis expone una l\u00f3gica de poder donde el ajuste y la crueldad conviven con la apropiaci\u00f3n pol\u00edtica de datos sensibles. Mientras el gobierno de Milei audita y recorta, dirigentes libertarios habr\u00edan usado la discapacidad como herramienta electoral.<\/p>\n","protected":false},"author":2,"featured_media":11749,"comment_status":"open","ping_status":"open","sticky":false,"template":"","format":"standard","meta":{"_monsterinsights_skip_tracking":false,"_monsterinsights_sitenote_active":false,"_monsterinsights_sitenote_note":"","_monsterinsights_sitenote_category":0,"footnotes":"","jetpack_publicize_message":"","jetpack_publicize_feature_enabled":true,"jetpack_social_post_already_shared":true,"jetpack_social_options":{"image_generator_settings":{"template":"highway","default_image_id":0,"font":"","enabled":false},"version":2}},"categories":[2],"tags":[3161,3248,398,4262,4263,106,446,1051,3231],"class_list":["post-11746","post","type-post","status-publish","format-standard","has-post-thumbnail","hentry","category-politica","tag-agencia-nacional-de-discapacidad","tag-andis","tag-anses","tag-franca-grippo-harrington","tag-incluir-salud","tag-javier-milei","tag-la-libertad-avanza","tag-pami","tag-sebastian-pareja"],"jetpack_publicize_connections":[],"_links":{"self":[{"href":"https:\/\/www.enorsai.com\/noticias\/wp-json\/wp\/v2\/posts\/11746","targetHints":{"allow":["GET"]}}],"collection":[{"href":"https:\/\/www.enorsai.com\/noticias\/wp-json\/wp\/v2\/posts"}],"about":[{"href":"https:\/\/www.enorsai.com\/noticias\/wp-json\/wp\/v2\/types\/post"}],"author":[{"embeddable":true,"href":"https:\/\/www.enorsai.com\/noticias\/wp-json\/wp\/v2\/users\/2"}],"replies":[{"embeddable":true,"href":"https:\/\/www.enorsai.com\/noticias\/wp-json\/wp\/v2\/comments?post=11746"}],"version-history":[{"count":1,"href":"https:\/\/www.enorsai.com\/noticias\/wp-json\/wp\/v2\/posts\/11746\/revisions"}],"predecessor-version":[{"id":11750,"href":"https:\/\/www.enorsai.com\/noticias\/wp-json\/wp\/v2\/posts\/11746\/revisions\/11750"}],"wp:featuredmedia":[{"embeddable":true,"href":"https:\/\/www.enorsai.com\/noticias\/wp-json\/wp\/v2\/media\/11749"}],"wp:attachment":[{"href":"https:\/\/www.enorsai.com\/noticias\/wp-json\/wp\/v2\/media?parent=11746"}],"wp:term":[{"taxonomy":"category","embeddable":true,"href":"https:\/\/www.enorsai.com\/noticias\/wp-json\/wp\/v2\/categories?post=11746"},{"taxonomy":"post_tag","embeddable":true,"href":"https:\/\/www.enorsai.com\/noticias\/wp-json\/wp\/v2\/tags?post=11746"}],"curies":[{"name":"wp","href":"https:\/\/api.w.org\/{rel}","templated":true}]}}