{"id":11739,"date":"2026-01-22T18:18:35","date_gmt":"2026-01-22T21:18:35","guid":{"rendered":"https:\/\/www.enorsai.com\/noticias\/?p=11739"},"modified":"2026-01-22T18:18:43","modified_gmt":"2026-01-22T21:18:43","slug":"milei-interviene-el-puerto-de-ushuaia-y-crece-el-temor-de-su-entrega-a-estados-unidos","status":"publish","type":"post","link":"https:\/\/www.enorsai.com\/noticias\/politica\/milei-interviene-el-puerto-de-ushuaia-y-crece-el-temor-de-su-entrega-a-estados-unidos\/","title":{"rendered":"Milei interviene el puerto de Ushuaia y crece el temor de su entrega a Estados Unidos"},"content":{"rendered":"\n<h2 class=\"wp-block-heading\"><strong>Ushuaia bajo intervenci\u00f3n: el puerto, la soberan\u00eda y la sombra de un acuerdo sellado en Davos<\/strong><\/h2>\n\n\n\n<h3 class=\"wp-block-heading\"><strong>La intervenci\u00f3n del puerto fueguino reaviva el temor a una cesi\u00f3n estrat\u00e9gica a Estados Unidos y expone una decisi\u00f3n pol\u00edtica que va mucho m\u00e1s all\u00e1 de una auditor\u00eda administrativa<\/strong><\/h3>\n\n\n\n<p>La decisi\u00f3n del gobierno de Javier Milei de intervenir el puerto de Ushuaia por un a\u00f1o, quitarle su control a la provincia y suspender su habilitaci\u00f3n abre un escenario inquietante: la posibilidad de que una infraestructura estrat\u00e9gica para la soberan\u00eda nacional quede subordinada a intereses militares y comerciales extranjeros, en el marco de un acercamiento expl\u00edcito con Estados Unidos gestado en Davos.<\/p>\n\n\n\n<p>El puerto de Ushuaia no es un muelle m\u00e1s en el mapa argentino. Es una pieza estrat\u00e9gica en el extremo sur del continente, puerta de entrada a la Ant\u00e1rtida, nodo clave para el comercio mar\u00edtimo, el turismo internacional y la log\u00edstica del Atl\u00e1ntico Sur. Por eso, la decisi\u00f3n del gobierno nacional de intervenirlo administrativamente durante doce meses, suspender su habilitaci\u00f3n y quitarle el control a la provincia de Tierra del Fuego no puede leerse como un mero acto t\u00e9cnico o burocr\u00e1tico. Mucho menos cuando esa intervenci\u00f3n ocurre en paralelo con se\u00f1ales pol\u00edticas expl\u00edcitas enviadas por Javier Milei en Davos, donde el presidente ofreci\u00f3 el puerto para uso militar y comercial de los Estados Unidos.<\/p>\n\n\n\n<p>La medida fue oficializada mediante la Resoluci\u00f3n 4\/2026 de la Agencia Nacional de Puertos y Navegaci\u00f3n, publicada en el Bolet\u00edn Oficial, bajo el argumento de supuestas irregularidades financieras y fallas de infraestructura. Seg\u00fan la versi\u00f3n oficial, la provincia habr\u00eda utilizado el super\u00e1vit del puerto para financiar la obra social estatal OSEF, incumpliendo el convenio de transferencia que obliga a reinvertir los ingresos exclusivamente en la actividad portuaria. Adem\u00e1s, una inspecci\u00f3n t\u00e9cnica realizada en 2025 detect\u00f3 deterioro estructural en los muelles, sistemas contra incendios obsoletos y un nivel de ejecuci\u00f3n de obras de apenas el 1,3% del gasto total del ente provincial.<\/p>\n\n\n\n<p>El problema no es solo qu\u00e9 se dice, sino cu\u00e1ndo, c\u00f3mo y para qu\u00e9 se dice. Porque mientras el Gobierno justifica la intervenci\u00f3n en nombre de la eficiencia, la seguridad operativa y la inversi\u00f3n pendiente, el propio presidente avanz\u00f3 en Davos con una propuesta de cesi\u00f3n estrat\u00e9gica: ofrecer el puerto de Ushuaia a Donald Trump para uso militar y comercial, en lugar de aportar los mil millones de d\u00f3lares necesarios para integrar la llamada \u201cJunta de Paz\u201d. No es un dato menor ni un detalle anecd\u00f3tico. Es una se\u00f1al pol\u00edtica de enorme gravedad institucional.<\/p>\n\n\n\n<figure class=\"wp-block-embed is-type-rich is-provider-twitter wp-block-embed-twitter\"><div class=\"wp-block-embed__wrapper\">\n<blockquote class=\"twitter-tweet\" data-width=\"550\" data-dnt=\"true\"><p lang=\"es\" dir=\"ltr\">MILEI MANOTE\u00d3 EL PUERTO DE USHUAIA Y HOY LO PONDR\u00c1 AL SERVICIO DE TRUMP<br><br>Antes de encontrarse con Donald Trump en Davos, el Presidente <a href=\"https:\/\/twitter.com\/JMilei?ref_src=twsrc%5Etfw\">@JMilei<\/a> hizo suspender la habilitaci\u00f3n del Puerto de Ushuaia y dispuso su intervenci\u00f3n administrativa, para que sea manejado directamente por el\u2026 <a href=\"https:\/\/t.co\/yJETqVDVWH\">pic.twitter.com\/yJETqVDVWH<\/a><\/p>&mdash; TOPO Rodr\u00edguez (@TOPOarg) <a href=\"https:\/\/twitter.com\/TOPOarg\/status\/2014304367885558268?ref_src=twsrc%5Etfw\">January 22, 2026<\/a><\/blockquote><script async src=\"https:\/\/platform.twitter.com\/widgets.js\" charset=\"utf-8\"><\/script>\n<\/div><\/figure>\n\n\n\n<p>La intervenci\u00f3n implica que el Estado nacional pasa a controlar de manera directa la maquinaria, las instalaciones y la gesti\u00f3n de los fondos del puerto, con cumplimiento inmediato. Aunque la suspensi\u00f3n total de la habilitaci\u00f3n fue diferida para no afectar la temporada de cruceros 2025-2026 ni el abastecimiento de la regi\u00f3n, el coraz\u00f3n de la decisi\u00f3n ya est\u00e1 en marcha. La Agencia Nacional de Puertos y Navegaci\u00f3n solicit\u00f3, adem\u00e1s, la colaboraci\u00f3n t\u00e9cnica y de recursos de la Administraci\u00f3n General de Puertos, consolidando una centralizaci\u00f3n que vac\u00eda de contenido la autonom\u00eda provincial.<\/p>\n\n\n\n<p>Desde Tierra del Fuego, la respuesta no tard\u00f3 en llegar. El gobernador Gustavo Melella denunci\u00f3 que \u201cno existe una justificaci\u00f3n objetiva\u201d para una decisi\u00f3n de semejante magnitud y advirti\u00f3 que el Gobierno nacional avanza sobre la administraci\u00f3n de un recurso estrat\u00e9gico provincial. M\u00e1s all\u00e1 del di\u00e1logo que asegura mantener con el ministro del Interior, Diego Santilli, el planteo de fondo es pol\u00edtico e institucional: se est\u00e1 sentando un precedente grave contra el federalismo argentino.<\/p>\n\n\n\n<p>Porque si el criterio es que la Naci\u00f3n puede intervenir, suspender y apropiarse de infraestructuras provinciales cada vez que detecta desv\u00edos financieros o d\u00e9ficits de inversi\u00f3n, el problema deja de ser Ushuaia y pasa a ser el modelo de pa\u00eds. En ese esquema, las provincias quedan reducidas a meros administradores precarios, siempre bajo la amenaza de una intervenci\u00f3n discrecional desde Buenos Aires.<\/p>\n\n\n\n<p>La complejidad del caso no puede negarse. Es cierto que existen obligaciones legales sobre el uso de los fondos portuarios. Tambi\u00e9n es cierto que las falencias de infraestructura deben ser atendidas. Pero nada de eso explica por qu\u00e9 la soluci\u00f3n elegida es la intervenci\u00f3n total y no un plan de regularizaci\u00f3n consensuado. Nada de eso explica por qu\u00e9, en paralelo, el presidente ofrece el puerto a una potencia extranjera para fines militares. Y nada de eso explica por qu\u00e9 la discusi\u00f3n sobre soberan\u00eda, defensa y control territorial brilla por su ausencia en el discurso oficial.<\/p>\n\n\n\n<p>La sospecha que recorre Ushuaia y buena parte del pa\u00eds no surge de la nada. Surge de una secuencia pol\u00edtica concreta: suspensi\u00f3n de la habilitaci\u00f3n, intervenci\u00f3n administrativa, desplazamiento de la provincia y, al mismo tiempo, gestos expl\u00edcitos hacia Estados Unidos en un foro internacional donde la Argentina aparece m\u00e1s como oferente de activos estrat\u00e9gicos que como un Estado soberano defendiendo intereses propios.<\/p>\n\n\n\n<p>El puerto de Ushuaia no es intercambiable. No puede ser tratado como una variable de ajuste ni como una ficha de negociaci\u00f3n geopol\u00edtica. Su ubicaci\u00f3n lo convierte en un enclave clave para el control del Atl\u00e1ntico Sur y la proyecci\u00f3n ant\u00e1rtica. Entregar su uso militar a fuerzas extranjeras, aun bajo el eufemismo de la cooperaci\u00f3n o la paz, implica un retroceso hist\u00f3rico en t\u00e9rminos de soberan\u00eda nacional.<\/p>\n\n\n\n<p>La decisi\u00f3n del gobierno de Javier Milei se inscribe en una l\u00f3gica m\u00e1s amplia: la de un Estado que se retira de sus funciones estrat\u00e9gicas, que desconf\u00eda de las provincias y que ve en la subordinaci\u00f3n a potencias extranjeras una salida r\u00e1pida a sus propios l\u00edmites financieros y pol\u00edticos. No es casual que esta intervenci\u00f3n se produzca en un contexto de ajuste, recorte de inversi\u00f3n p\u00fablica y b\u00fasqueda desesperada de respaldo internacional.<\/p>\n\n\n\n<p>Reconocer la complejidad del tema no implica relativizar su gravedad. Al contrario. Justamente porque hay matices, responsabilidades compartidas y problemas reales de gesti\u00f3n, resulta a\u00fan m\u00e1s preocupante que la respuesta elegida sea la concentraci\u00f3n de poder y la apertura a intereses externos. La soberan\u00eda no se defiende con discursos en Davos ni con resoluciones administrativas; se defiende con pol\u00edticas p\u00fablicas que fortalezcan el control nacional y respeten el federalismo.<\/p>\n\n\n\n<p>Hoy, el temor que recorre Tierra del Fuego no es abstracto ni ideol\u00f3gico. Es concreto y fundado: que el puerto de Ushuaia deje de responder a intereses argentinos y pase a formar parte de una arquitectura militar y comercial dise\u00f1ada fuera del pa\u00eds. Y cuando se juega con piezas estrat\u00e9gicas, las consecuencias suelen ser irreversibles.<\/p>\n\n\n\n<p><strong>Fuente:<\/strong><\/p>\n\n\n\n<p>.<a href=\"https:\/\/www.tiempoar.com.ar\/ta_article\/el-gobierno-intervino-el-puerto-de-ushuaia\/\">https:\/\/www.tiempoar.com.ar\/ta_article\/el-gobierno-intervino-el-puerto-de-ushuaia\/<\/a><\/p>\n","protected":false},"excerpt":{"rendered":"<p>La intervenci\u00f3n del puerto de Ushuaia por parte del gobierno de Javier Milei reaviva el temor a una cesi\u00f3n estrat\u00e9gica a Estados Unidos. Bajo argumentos administrativos, la Naci\u00f3n avanza sobre un enclave clave para la soberan\u00eda, debilitando el federalismo y abriendo una peligrosa puerta a intereses militares extranjeros.<\/p>\n","protected":false},"author":2,"featured_media":11740,"comment_status":"open","ping_status":"open","sticky":false,"template":"","format":"standard","meta":{"_monsterinsights_skip_tracking":false,"_monsterinsights_sitenote_active":false,"_monsterinsights_sitenote_note":"","_monsterinsights_sitenote_category":0,"footnotes":"","jetpack_publicize_message":"","jetpack_publicize_feature_enabled":true,"jetpack_social_post_already_shared":true,"jetpack_social_options":{"image_generator_settings":{"template":"highway","default_image_id":0,"font":"","enabled":false},"version":2}},"categories":[2],"tags":[4254,4255,89,2808,4256,106,4251,607,476,3577],"class_list":["post-11739","post","type-post","status-publish","format-standard","has-post-thumbnail","hentry","category-politica","tag-agp","tag-anpyn","tag-davos","tag-donald-trump","tag-gustavo-melella","tag-javier-milei","tag-puertoushuaia","tag-santilli","tag-tierra-del-fuego","tag-ushuaia"],"jetpack_publicize_connections":[],"_links":{"self":[{"href":"https:\/\/www.enorsai.com\/noticias\/wp-json\/wp\/v2\/posts\/11739","targetHints":{"allow":["GET"]}}],"collection":[{"href":"https:\/\/www.enorsai.com\/noticias\/wp-json\/wp\/v2\/posts"}],"about":[{"href":"https:\/\/www.enorsai.com\/noticias\/wp-json\/wp\/v2\/types\/post"}],"author":[{"embeddable":true,"href":"https:\/\/www.enorsai.com\/noticias\/wp-json\/wp\/v2\/users\/2"}],"replies":[{"embeddable":true,"href":"https:\/\/www.enorsai.com\/noticias\/wp-json\/wp\/v2\/comments?post=11739"}],"version-history":[{"count":1,"href":"https:\/\/www.enorsai.com\/noticias\/wp-json\/wp\/v2\/posts\/11739\/revisions"}],"predecessor-version":[{"id":11741,"href":"https:\/\/www.enorsai.com\/noticias\/wp-json\/wp\/v2\/posts\/11739\/revisions\/11741"}],"wp:featuredmedia":[{"embeddable":true,"href":"https:\/\/www.enorsai.com\/noticias\/wp-json\/wp\/v2\/media\/11740"}],"wp:attachment":[{"href":"https:\/\/www.enorsai.com\/noticias\/wp-json\/wp\/v2\/media?parent=11739"}],"wp:term":[{"taxonomy":"category","embeddable":true,"href":"https:\/\/www.enorsai.com\/noticias\/wp-json\/wp\/v2\/categories?post=11739"},{"taxonomy":"post_tag","embeddable":true,"href":"https:\/\/www.enorsai.com\/noticias\/wp-json\/wp\/v2\/tags?post=11739"}],"curies":[{"name":"wp","href":"https:\/\/api.w.org\/{rel}","templated":true}]}}