{"id":11724,"date":"2026-01-20T10:36:54","date_gmt":"2026-01-20T13:36:54","guid":{"rendered":"https:\/\/www.enorsai.com\/noticias\/?p=11724"},"modified":"2026-01-20T10:36:54","modified_gmt":"2026-01-20T13:36:54","slug":"el-colegio-de-farmaceuticos-mantuvo-una-reunion-con-kreplak","status":"publish","type":"post","link":"https:\/\/www.enorsai.com\/noticias\/sociedad\/salud\/el-colegio-de-farmaceuticos-mantuvo-una-reunion-con-kreplak\/","title":{"rendered":"El Colegio de Farmac\u00e9uticos mantuvo una reuni\u00f3n con Kreplak"},"content":{"rendered":"\n<p>La Farm. Alejandra G\u00f3mez, Presidente de COLFARMA y el Farm. Luis Ferrari, Secretario de COLFARMA se reunieron la semana pasada con el Dr. Nicol\u00e1s Kreplak, Ministro de Salud de la provincia de Buenos Aires y con la Lic. Leticia Ceriani, Sub Secretaria de Planificaci\u00f3n Estrat\u00e9gica en Salud.<br>Durante el encuentro se planific\u00f3 una agenda conjunta durante el 2026 para consolidar el trabajo que COLFARMA viene realizando con este Ministerio:<\/p>\n\n\n\n<p><br>ENCUENTRO COLFARMA DE FARMACIA HOSPITALARIA: anticipamos al Ministro que en 2026 realizaremos un Encuentro de Farmac\u00e9uticos Hospitalarios COLFARMA, para conversar sobre la problem\u00e1tica hospitalaria en la provincia de Buenos Aires y aportar experiencias y propuestas de la Red COLFARMA.<br>LABORATORIO DE CONTROL DE CALIDAD COLFARMA: la tarea que realiza el equipo farmac\u00e9uticos del Laboratorio de control de calidad es una herramienta valiosa para las experiencias privadas en el sector farmac\u00e9utico y tambi\u00e9n para la gesti\u00f3n p\u00fablica. En 2026 comenzar\u00e1 una nueva etapa en la historia del laboratorio actuando junto a los laboratorios de producci\u00f3n p\u00fablica en la provincia, como lugar de evaluaci\u00f3n y an\u00e1lisis de algunos productos con demanda sanitaria.<\/p>\n\n\n\n<p><br>CAMPA\u00d1A P\u00daBLICAS CONJUNTAS: en 2026 volveremos a compartir campa\u00f1as de prevenci\u00f3n junto al Ministerio de Salud de la provincia de Buenos Aires: afiches para las campa\u00f1as de vacunaci\u00f3n, la modificaci\u00f3n del calendario y la informaci\u00f3n pertinente para los medios de comunicaci\u00f3n, espacios de difusi\u00f3n y para la comunidad. En particular nos preparamos para \u2060reforzar juntos la campa\u00f1a antigripal, teniendo en cuenta la experiencia europea a comienzos de a\u00f1o.<\/p>\n\n\n\n<p><br>CERTIFICADO INTERNACIONAL DE VACUNACI\u00d3N CONTRA LA FIEBRE AMARILLA EN LA RED COLFARMA: Finalmente se acord\u00f3 con las autoridades sanitarias el procedimiento para que las farmacias de la Red COLFARMA vacunen y puedan entregar el certificado de vacunaci\u00f3n con validez internacional, tal como lo dispone el Reglamento Sanitario Internacional (RSI). De esta manera mantenemos el objetivo de informar sobre la fiebre amarilla y sostener una campa\u00f1a de vacunaci\u00f3n activa, que desataca la importancia de las farmacias comunitarias para prevenir la propagaci\u00f3n internacional de enfermedades infecciosas, proteger los derechos de los viajeros y otras personas en relaci\u00f3n al tratamiento de datos personales y no discriminaci\u00f3n en la aplicaci\u00f3n de medidas de salud. Por eso la vacunaci\u00f3n y el acceso sanitario fueron temas centrales en la reuni\u00f3n, igual que el reconocimiento del trabajo profesional farmac\u00e9utico y los ejes estrat\u00e9gicos vinculados a su rol dentro del sistema de salud.<\/p>\n\n\n\n<p><br>HONORARIOS PROFESIONALES: como parte de la valoraci\u00f3n al rol profesional de los farmac\u00e9uticos, abordamos el valor del honorario profesional, como reconocimiento y respaldo material para la comunidad farmac\u00e9utica. Respecto a los colegas de hospital, solicitamos al Ministro que se agilicen los tiempos de nombramientos y bloqueos, as\u00ed como el reconocimiento de colegas que hace a\u00f1os se desempe\u00f1an en las farmacias de hospital esperando su nombramiento. La noticia trascendente fue la nueva edici\u00f3n del Programa de Pre residencia hospitalarias, una iniciativa para fortalecer los servicios farmac\u00e9uticos en los hospitales. Tambi\u00e9n conversamos sobre las intervenciones de las c\u00e1maras farmac\u00e9uticas, para evitar que su b\u00fasqueda por aliviar la presi\u00f3n impositiva sobre este sector, no afecte la evoluci\u00f3n del honorario farmac\u00e9utico. ni invalide la capacidad institucional de nuestro colegio profesional para proponer su proyecci\u00f3n. A prop\u00f3sito, aprovechamos la ocasi\u00f3n para confirmar que el tr\u00e1mite de actualizaci\u00f3n de honorarios sigue su curso administrativo correspondiente.<\/p>\n\n\n\n<p><br>LA PROBLEM\u00c1TICA DE IOMA MEPPES: Antes de concluir la reuni\u00f3n conversamos con el Ministro sobre la problem\u00e1tica en la dispensa de medicamentos de alto costo, que afecta la accesibilidad y el tratamiento de los pacientes debido a cambios inadecuados implementados por la industria farmac\u00e9utica firmante del convenio. Expusimos las soluciones que surgen desde el Colegio, junto a las farmacias comunitarias prestadoras del convenio. Tambi\u00e9n reiteramos al Ministro nuestra preocupaci\u00f3n por la deuda de IOMA Accesorios y la demora para consolidar la deuda.<\/p>\n\n\n\n<p><br>Desde COLFARMA creemos que fortalecer y profundizar el trabajo conjunto es una exigencia profesional para realizar correcciones y garantizar la accesibilidad, la calidad de las prestaciones y el cuidado de la comunidad.<\/p>\n","protected":false},"excerpt":{"rendered":"<p>La Farm. Alejandra G\u00f3mez, Presidente de COLFARMA y el Farm. Luis Ferrari, Secretario de COLFARMA se reunieron la semana pasada con el Dr. Nicol\u00e1s Kreplak, Ministro de Salud de la provincia de Buenos Aires y con la Lic. Leticia Ceriani, Sub Secretaria de Planificaci\u00f3n Estrat\u00e9gica en Salud.Durante el encuentro se planific\u00f3 una agenda conjunta durante&#8230;<\/p>\n","protected":false},"author":5,"featured_media":4186,"comment_status":"open","ping_status":"open","sticky":false,"template":"","format":"standard","meta":{"_monsterinsights_skip_tracking":false,"_monsterinsights_sitenote_active":false,"_monsterinsights_sitenote_note":"","_monsterinsights_sitenote_category":0,"footnotes":"","jetpack_publicize_message":"","jetpack_publicize_feature_enabled":true,"jetpack_social_post_already_shared":true,"jetpack_social_options":{"image_generator_settings":{"template":"highway","default_image_id":0,"font":"","enabled":false},"version":2}},"categories":[3948],"tags":[],"class_list":["post-11724","post","type-post","status-publish","format-standard","has-post-thumbnail","hentry","category-salud"],"jetpack_publicize_connections":[],"_links":{"self":[{"href":"https:\/\/www.enorsai.com\/noticias\/wp-json\/wp\/v2\/posts\/11724","targetHints":{"allow":["GET"]}}],"collection":[{"href":"https:\/\/www.enorsai.com\/noticias\/wp-json\/wp\/v2\/posts"}],"about":[{"href":"https:\/\/www.enorsai.com\/noticias\/wp-json\/wp\/v2\/types\/post"}],"author":[{"embeddable":true,"href":"https:\/\/www.enorsai.com\/noticias\/wp-json\/wp\/v2\/users\/5"}],"replies":[{"embeddable":true,"href":"https:\/\/www.enorsai.com\/noticias\/wp-json\/wp\/v2\/comments?post=11724"}],"version-history":[{"count":1,"href":"https:\/\/www.enorsai.com\/noticias\/wp-json\/wp\/v2\/posts\/11724\/revisions"}],"predecessor-version":[{"id":11725,"href":"https:\/\/www.enorsai.com\/noticias\/wp-json\/wp\/v2\/posts\/11724\/revisions\/11725"}],"wp:featuredmedia":[{"embeddable":true,"href":"https:\/\/www.enorsai.com\/noticias\/wp-json\/wp\/v2\/media\/4186"}],"wp:attachment":[{"href":"https:\/\/www.enorsai.com\/noticias\/wp-json\/wp\/v2\/media?parent=11724"}],"wp:term":[{"taxonomy":"category","embeddable":true,"href":"https:\/\/www.enorsai.com\/noticias\/wp-json\/wp\/v2\/categories?post=11724"},{"taxonomy":"post_tag","embeddable":true,"href":"https:\/\/www.enorsai.com\/noticias\/wp-json\/wp\/v2\/tags?post=11724"}],"curies":[{"name":"wp","href":"https:\/\/api.w.org\/{rel}","templated":true}]}}