{"id":11591,"date":"2025-12-09T14:44:39","date_gmt":"2025-12-09T17:44:39","guid":{"rendered":"https:\/\/www.enorsai.com\/noticias\/sociedad\/gran-cierre-de-ano-de-liderar-mujer-en-oga-gala-de-reconocimiento-a-mujeres-con-voz\/"},"modified":"2025-12-09T14:44:39","modified_gmt":"2025-12-09T17:44:39","slug":"gran-cierre-de-ano-de-liderar-mujer-en-oga-gala-de-reconocimiento-a-mujeres-con-voz","status":"publish","type":"post","link":"https:\/\/www.enorsai.com\/noticias\/sociedad\/gran-cierre-de-ano-de-liderar-mujer-en-oga-gala-de-reconocimiento-a-mujeres-con-voz\/","title":{"rendered":"Gran Cierre de A\u00f1o de Liderar Mujer en OGA: Gala de Reconocimiento a Mujeres con Voz"},"content":{"rendered":"\n<p>Cierre de A\u00f1o y Reconocimiento a Mujeres L\u00edderes por la Asociaci\u00f3n Civil Liderar Mujer.<\/p>\n\n\n\n<figure class=\"wp-block-image size-large\"><img loading=\"lazy\" decoding=\"async\" width=\"1004\" height=\"861\" src=\"https:\/\/www.enorsai.com\/noticias\/wp-content\/uploads\/2025\/12\/image_editor_output_image-1339845020-1765299768919955299476176939094.jpg\" alt=\"\" class=\"wp-image-11576\" srcset=\"https:\/\/www.enorsai.com\/noticias\/wp-content\/uploads\/2025\/12\/image_editor_output_image-1339845020-1765299768919955299476176939094.jpg 1004w, https:\/\/www.enorsai.com\/noticias\/wp-content\/uploads\/2025\/12\/image_editor_output_image-1339845020-1765299768919955299476176939094-300x257.jpg 300w, https:\/\/www.enorsai.com\/noticias\/wp-content\/uploads\/2025\/12\/image_editor_output_image-1339845020-1765299768919955299476176939094-768x659.jpg 768w\" sizes=\"auto, (max-width: 1004px) 100vw, 1004px\" \/><\/figure>\n\n\n\n<p>La Asociaci\u00f3n Civil Liderar Mujer, una organizaci\u00f3n sin fines de lucro conformada por mujeres profesionales, empresarias, comerciantes y un gran n\u00famero de emprendedoras empoderadas, celebr\u00f3 su cierre de a\u00f1o con una emotiva gala que tuvo lugar el pasado viernes 28 de noviembre en el centro cultural OGA, ubicado en el barrio de Villa Luro. El evento tambi\u00e9n sirvi\u00f3 como marco para distinguir la trayectoria y el liderazgo de mujeres referentes en diversas organizaciones y \u00e1mbitos de la sociedad.<\/p>\n\n\n\n<p><br>La asociaci\u00f3n, que surgi\u00f3 en 2019, tiene como objetivo principal empoderar a las mujeres en el siglo XXI para achicar la brecha de la desigualdad estructural a la hora de acceder a los mercados productivo, laboral y comercial, valorizando el trabajo que realizan a partir de sus emprendimientos. Fieles a esta misi\u00f3n, su labor se centra en visibilizar el aporte fundamental de las mujeres, generar y revalorizar su propio liderazgo, y ser un espacio que da voz a aquellas que tradicionalmente no la tienen.<\/p>\n\n\n\n<p><strong>Mujeres Referentes Reconocidas<\/strong><\/p>\n\n\n\n<figure class=\"wp-block-image size-large\"><img loading=\"lazy\" decoding=\"async\" width=\"1024\" height=\"819\" src=\"https:\/\/www.enorsai.com\/noticias\/wp-content\/uploads\/2025\/12\/gridart_20251209_1411009425311029974681405822-1024x819.jpg\" alt=\"\" class=\"wp-image-11579\" srcset=\"https:\/\/www.enorsai.com\/noticias\/wp-content\/uploads\/2025\/12\/gridart_20251209_1411009425311029974681405822-1024x819.jpg 1024w, https:\/\/www.enorsai.com\/noticias\/wp-content\/uploads\/2025\/12\/gridart_20251209_1411009425311029974681405822-300x240.jpg 300w, https:\/\/www.enorsai.com\/noticias\/wp-content\/uploads\/2025\/12\/gridart_20251209_1411009425311029974681405822-768x614.jpg 768w, https:\/\/www.enorsai.com\/noticias\/wp-content\/uploads\/2025\/12\/gridart_20251209_1411009425311029974681405822-1536x1229.jpg 1536w, https:\/\/www.enorsai.com\/noticias\/wp-content\/uploads\/2025\/12\/gridart_20251209_1411009425311029974681405822.jpg 2000w\" sizes=\"auto, (max-width: 1024px) 100vw, 1024px\" \/><\/figure>\n\n\n\n<p>Las distinciones fueron entregadas a l\u00edderes que se han destacado por su influencia y trabajo, siendo reconocidas por tal motivo<br><strong>In\u00e9s Maldonado<\/strong><br><strong>Victoria Tesoriero<\/strong><br><strong>Mar\u00eda Jos\u00e9 Lubertino<\/strong><br><strong>Laura Velasco<\/strong> (Debido a que Laura Velasco no pudo asistir a la celebraci\u00f3n, la premiaci\u00f3n fue recibida en su nombre por Claudia Rizzo.)<\/p>\n\n\n\n<p><strong>Reconocimiento al Liderazgo Interno<\/strong><\/p>\n\n\n\n<figure class=\"wp-block-image size-large\"><img loading=\"lazy\" decoding=\"async\" width=\"768\" height=\"1024\" src=\"https:\/\/www.enorsai.com\/noticias\/wp-content\/uploads\/2025\/12\/img-20251129-wa0087281296985961688167390063-768x1024.jpg\" alt=\"\" class=\"wp-image-11582\" srcset=\"https:\/\/www.enorsai.com\/noticias\/wp-content\/uploads\/2025\/12\/img-20251129-wa0087281296985961688167390063-768x1024.jpg 768w, https:\/\/www.enorsai.com\/noticias\/wp-content\/uploads\/2025\/12\/img-20251129-wa0087281296985961688167390063-225x300.jpg 225w, https:\/\/www.enorsai.com\/noticias\/wp-content\/uploads\/2025\/12\/img-20251129-wa0087281296985961688167390063.jpg 960w\" sizes=\"auto, (max-width: 768px) 100vw, 768px\" \/><\/figure>\n\n\n\n<p>Fieles a su esp\u00edritu de reconocimiento mutuo y empoderamiento interno, la Asociaci\u00f3n Civil Liderar Mujer quiso destacar la labor y el compromiso dentro de su propia estructura. Por ello, se hizo una premiaci\u00f3n especial a la compa\u00f1era <strong>Norma Farutt<\/strong>, reconociendo su dedicaci\u00f3n en el proceso de generar el liderazgo de las mujeres internamente.<\/p>\n\n\n\n<p><strong>Premios con Sello Emprendedor<\/strong><\/p>\n\n\n\n<figure class=\"wp-block-image size-large\"><img loading=\"lazy\" decoding=\"async\" width=\"1024\" height=\"776\" src=\"https:\/\/www.enorsai.com\/noticias\/wp-content\/uploads\/2025\/12\/img-20251119-wa00193202547575678362267-1024x776.jpg\" alt=\"\" class=\"wp-image-11586\" srcset=\"https:\/\/www.enorsai.com\/noticias\/wp-content\/uploads\/2025\/12\/img-20251119-wa00193202547575678362267-1024x776.jpg 1024w, https:\/\/www.enorsai.com\/noticias\/wp-content\/uploads\/2025\/12\/img-20251119-wa00193202547575678362267-300x227.jpg 300w, https:\/\/www.enorsai.com\/noticias\/wp-content\/uploads\/2025\/12\/img-20251119-wa00193202547575678362267-768x582.jpg 768w, https:\/\/www.enorsai.com\/noticias\/wp-content\/uploads\/2025\/12\/img-20251119-wa00193202547575678362267.jpg 1280w\" sizes=\"auto, (max-width: 1024px) 100vw, 1024px\" \/><figcaption class=\"wp-element-caption\">Premios realizados en Vitrofusi\u00f3n <\/figcaption><\/figure>\n\n\n\n<p>Un aspecto destacado de la ceremonia fue la naturaleza de los premios entregados. Las distinciones fueron especialmente dise\u00f1adas y confeccionadas por <strong>Alejandra<\/strong> <strong>Belmonte<\/strong>, una emprendedora que trabaja con la t\u00e9cnica de vitrofusi\u00f3n y forma parte de la colectiva de la Asociaci\u00f3n Liderar Mujer.<\/p>\n\n\n\n<figure class=\"wp-block-image size-large\"><img loading=\"lazy\" decoding=\"async\" width=\"814\" height=\"1024\" src=\"https:\/\/www.enorsai.com\/noticias\/wp-content\/uploads\/2025\/12\/img-20251129-wa00974899335684807380843-814x1024.jpg\" alt=\"\" class=\"wp-image-11587\" srcset=\"https:\/\/www.enorsai.com\/noticias\/wp-content\/uploads\/2025\/12\/img-20251129-wa00974899335684807380843-814x1024.jpg 814w, https:\/\/www.enorsai.com\/noticias\/wp-content\/uploads\/2025\/12\/img-20251129-wa00974899335684807380843-238x300.jpg 238w, https:\/\/www.enorsai.com\/noticias\/wp-content\/uploads\/2025\/12\/img-20251129-wa00974899335684807380843-768x967.jpg 768w, https:\/\/www.enorsai.com\/noticias\/wp-content\/uploads\/2025\/12\/img-20251129-wa00974899335684807380843.jpg 1017w\" sizes=\"auto, (max-width: 814px) 100vw, 814px\" \/><\/figure>\n\n\n\n<p>De esta manera, la asociaci\u00f3n no solo reconoci\u00f3 el liderazgo externo e interno, sino que tambi\u00e9n puso en valor el trabajo artesanal y el talento de las emprendedoras que participan en la Asociaci\u00f3n Civil Liderar Mujer, promoviendo su desarrollo y visibilidad.<\/p>\n\n\n\n<p><strong>Del encuentro y la celebraci\u00f3n <\/strong><\/p>\n\n\n\n<figure class=\"wp-block-image size-large\"><img loading=\"lazy\" decoding=\"async\" width=\"1024\" height=\"768\" src=\"https:\/\/www.enorsai.com\/noticias\/wp-content\/uploads\/2025\/12\/img-20251129-wa00234375783064519052807-1024x768.jpg\" alt=\"\" class=\"wp-image-11589\" srcset=\"https:\/\/www.enorsai.com\/noticias\/wp-content\/uploads\/2025\/12\/img-20251129-wa00234375783064519052807-1024x768.jpg 1024w, https:\/\/www.enorsai.com\/noticias\/wp-content\/uploads\/2025\/12\/img-20251129-wa00234375783064519052807-300x225.jpg 300w, https:\/\/www.enorsai.com\/noticias\/wp-content\/uploads\/2025\/12\/img-20251129-wa00234375783064519052807-768x576.jpg 768w, https:\/\/www.enorsai.com\/noticias\/wp-content\/uploads\/2025\/12\/img-20251129-wa00234375783064519052807-1536x1152.jpg 1536w, https:\/\/www.enorsai.com\/noticias\/wp-content\/uploads\/2025\/12\/img-20251129-wa00234375783064519052807.jpg 1600w\" sizes=\"auto, (max-width: 1024px) 100vw, 1024px\" \/><\/figure>\n\n\n\n<p>La fiesta de celebraci\u00f3n se desarroll\u00f3 en las instalaciones de OGA, un conocido centro cultural que proporcion\u00f3 el ambiente ideal para un encuentro de camarader\u00eda y reconocimiento.<\/p>\n\n\n\n<figure class=\"wp-block-image size-large\"><img loading=\"lazy\" decoding=\"async\" width=\"960\" height=\"762\" src=\"https:\/\/www.enorsai.com\/noticias\/wp-content\/uploads\/2025\/12\/img-20251129-wa01413924297879690205716.jpg\" alt=\"\" class=\"wp-image-11590\" srcset=\"https:\/\/www.enorsai.com\/noticias\/wp-content\/uploads\/2025\/12\/img-20251129-wa01413924297879690205716.jpg 960w, https:\/\/www.enorsai.com\/noticias\/wp-content\/uploads\/2025\/12\/img-20251129-wa01413924297879690205716-300x238.jpg 300w, https:\/\/www.enorsai.com\/noticias\/wp-content\/uploads\/2025\/12\/img-20251129-wa01413924297879690205716-768x610.jpg 768w\" sizes=\"auto, (max-width: 960px) 100vw, 960px\" \/><\/figure>\n\n\n\n<p>La velada cont\u00f3 con la presencia de miembros de la asociaci\u00f3n y allegados, y fue un honor compartir el evento con representantes del Movimiento Productivo 25 de Mayo (MP25M), organizaci\u00f3n de la que Liderar Mujer forma parte. Su participaci\u00f3n reforz\u00f3 los lazos y el compromiso conjunto, cerrando el a\u00f1o de manera inspiradora y festiva.<\/p>\n\n\n\n<p id=\"Sitio-web-de-la-asociaci\u00f3n:-[liderarmujer.org.ar]-(https:\/\/www.google.com\/search?q=http:\/\/liderarmujer.org.ar\/)\">Sitio web<\/p>\n\n\n\n<p id=\"liderarmujer.org.ar\"><a href=\"https:\/\/www.google.com\/search?q=http:\/\/liderarmujer.org.ar\/)\">https:\/\/www.google.com\/search?q=http:\/\/liderarmujer.org.ar\/<\/a><\/p>\n","protected":false},"excerpt":{"rendered":"<p>Cierre de A\u00f1o y Reconocimiento a Mujeres L\u00edderes por la Asociaci\u00f3n Civil Liderar Mujer. La Asociaci\u00f3n Civil Liderar Mujer, una organizaci\u00f3n sin fines de lucro conformada por mujeres profesionales, empresarias, comerciantes y un gran n\u00famero de emprendedoras empoderadas, celebr\u00f3 su cierre de a\u00f1o con una emotiva gala que tuvo lugar el pasado viernes 28 de&#8230;<\/p>\n","protected":false},"author":15,"featured_media":0,"comment_status":"open","ping_status":"open","sticky":false,"template":"","format":"standard","meta":{"_monsterinsights_skip_tracking":false,"_monsterinsights_sitenote_active":false,"_monsterinsights_sitenote_note":"","_monsterinsights_sitenote_category":0,"footnotes":"","jetpack_publicize_message":"","jetpack_publicize_feature_enabled":true,"jetpack_social_post_already_shared":true,"jetpack_social_options":{"image_generator_settings":{"template":"highway","default_image_id":0,"font":"","enabled":false},"version":2}},"categories":[5,1583,4],"tags":[4227,4225,4224,4226],"class_list":["post-11591","post","type-post","status-publish","format-standard","hentry","category-cultura","category-cultura_destacada","category-sociedad","tag-cierre-de-ano","tag-fiesta","tag-liderar-mujer","tag-reconocimientos"],"jetpack_publicize_connections":[],"_links":{"self":[{"href":"https:\/\/www.enorsai.com\/noticias\/wp-json\/wp\/v2\/posts\/11591","targetHints":{"allow":["GET"]}}],"collection":[{"href":"https:\/\/www.enorsai.com\/noticias\/wp-json\/wp\/v2\/posts"}],"about":[{"href":"https:\/\/www.enorsai.com\/noticias\/wp-json\/wp\/v2\/types\/post"}],"author":[{"embeddable":true,"href":"https:\/\/www.enorsai.com\/noticias\/wp-json\/wp\/v2\/users\/15"}],"replies":[{"embeddable":true,"href":"https:\/\/www.enorsai.com\/noticias\/wp-json\/wp\/v2\/comments?post=11591"}],"version-history":[{"count":0,"href":"https:\/\/www.enorsai.com\/noticias\/wp-json\/wp\/v2\/posts\/11591\/revisions"}],"wp:attachment":[{"href":"https:\/\/www.enorsai.com\/noticias\/wp-json\/wp\/v2\/media?parent=11591"}],"wp:term":[{"taxonomy":"category","embeddable":true,"href":"https:\/\/www.enorsai.com\/noticias\/wp-json\/wp\/v2\/categories?post=11591"},{"taxonomy":"post_tag","embeddable":true,"href":"https:\/\/www.enorsai.com\/noticias\/wp-json\/wp\/v2\/tags?post=11591"}],"curies":[{"name":"wp","href":"https:\/\/api.w.org\/{rel}","templated":true}]}}