{"id":11544,"date":"2025-12-02T09:45:31","date_gmt":"2025-12-02T12:45:31","guid":{"rendered":"https:\/\/www.enorsai.com\/noticias\/?p=11544"},"modified":"2025-12-02T09:45:36","modified_gmt":"2025-12-02T12:45:36","slug":"alerta-en-la-region-chile-activa-vigilancia-epidemiologica-por-casos-de-sarampion-en-argentina","status":"publish","type":"post","link":"https:\/\/www.enorsai.com\/noticias\/politica\/alerta-en-la-region-chile-activa-vigilancia-epidemiologica-por-casos-de-sarampion-en-argentina\/","title":{"rendered":"Alerta en la regi\u00f3n: Chile activa vigilancia epidemiol\u00f3gica por casos de sarampi\u00f3n en Argentina"},"content":{"rendered":"\n<p><strong>La ca\u00edda hist\u00f3rica en la vacunaci\u00f3n, el rebrote en Buenos Aires y una jornada antivacunas autorizada por Mart\u00edn Menem reavivan un riesgo epidemiol\u00f3gico que ya encendi\u00f3 las alarmas en Chile y en toda la regi\u00f3n.<\/strong><\/p>\n\n\n\n<p>El sarampi\u00f3n, enfermedad que Argentina hab\u00eda eliminado hace m\u00e1s de dos d\u00e9cadas, reaparece con fuerza en 2025 en un escenario donde confluyen la baja cobertura de la vacuna triple viral, la circulaci\u00f3n regional del virus y la validaci\u00f3n institucional del negacionismo cient\u00edfico. El brote expone las consecuencias de un Estado debilitado, pol\u00edticas sanitarias fragmentadas y discursos irresponsables que erosionan la confianza p\u00fablica en la vacunaci\u00f3n.<\/p>\n\n\n\n<p>El sarampi\u00f3n no vuelve solo: vuelve cuando una sociedad baja la guardia. La Argentina de 2025 es el escenario perfecto para ese retorno indeseado. La vacunaci\u00f3n infantil cay\u00f3 a niveles in\u00e9ditos en treinta a\u00f1os, las campa\u00f1as p\u00fablicas quedaron relegadas a esfuerzos focalizados y la desinformaci\u00f3n sanitaria \u2014hasta hace poco confinada a los m\u00e1rgenes digitales\u2014 encontr\u00f3 eco dentro del propio Congreso de la Naci\u00f3n. El resultado es el que los epidemi\u00f3logos anticiparon durante meses: un brote que comenz\u00f3 como un pu\u00f1ado de casos importados y hoy representa una amenaza real para miles de ni\u00f1os, especialmente los menores de cinco a\u00f1os y los inmunocomprometidos.<\/p>\n\n\n\n<p>Seg\u00fan datos del Ministerio de Salud, hasta julio se hab\u00edan registrado 2.477 casos sospechosos de enfermedad febril exantem\u00e1tica, de los cuales 34 fueron confirmados como sarampi\u00f3n, con un pico en las semanas epidemiol\u00f3gicas 12 y 13. La provincia de Buenos Aires concentr\u00f3 la mayor\u00eda: 21 casos hasta noviembre. Con el cierre temporal del brote el 5 de ese mes, parec\u00eda que la situaci\u00f3n estaba bajo control. Pero apenas dos semanas despu\u00e9s, el 25 de noviembre, se confirmaron cuatro nuevos casos, obligando a reinstalar la alerta epidemiol\u00f3gica nacional y provincial. El virus mostr\u00f3 que no se hab\u00eda ido: solo esperaba la oportunidad.<\/p>\n\n\n\n<figure class=\"wp-block-embed is-type-rich is-provider-twitter wp-block-embed-twitter\"><div class=\"wp-block-embed__wrapper\">\n<blockquote class=\"twitter-tweet\" data-width=\"550\" data-dnt=\"true\"><p lang=\"es\" dir=\"ltr\">Hay alarma en el pa\u00eds vecino de Chile por el brote de Sarampi\u00f3n Argentina. Hay que avisarle a Mart\u00edn Menem que est\u00e1 ren un cumple, organizando charlas antivacunas en el Congreso. Esto es cada vez m\u00e1s grave \ud83d\udc89\u2757\ufe0f <a href=\"https:\/\/t.co\/iOTxRoSaRD\">https:\/\/t.co\/iOTxRoSaRD<\/a><\/p>&mdash; Todo Negativo (@TodoNegativo) <a href=\"https:\/\/twitter.com\/TodoNegativo\/status\/1995827600535572709?ref_src=twsrc%5Etfw\">December 2, 2025<\/a><\/blockquote><script async src=\"https:\/\/platform.twitter.com\/widgets.js\" charset=\"utf-8\"><\/script>\n<\/div><\/figure>\n\n\n\n<p>Esa oportunidad tiene una explicaci\u00f3n concreta: la ca\u00edda estrepitosa de la vacunaci\u00f3n. La triple viral, que protege contra sarampi\u00f3n, rub\u00e9ola y paperas, requiere dos dosis, a los 12 meses y a los 5 a\u00f1os. Durante casi todo el per\u00edodo 2015-2019, la cobertura rond\u00f3 el 90%. En 2024 cay\u00f3 a un <strong>46,7%<\/strong>, una cifra que ning\u00fan pa\u00eds con control epidemiol\u00f3gico puede permitirse. Y ninguna provincia argentina alcanza hoy el 95% necesario para garantizar la inmunidad colectiva. Dicho sin rodeos: en Argentina, el sarampi\u00f3n encuentra m\u00e1s personas susceptibles que en cualquier momento de las \u00faltimas dos d\u00e9cadas.<\/p>\n\n\n\n<p>La reintroducci\u00f3n del virus vino, como suele ocurrir, por la v\u00eda del turismo. En noviembre, un grupo de visitantes uruguayos contagiados en Bolivia recorri\u00f3 distintos puntos del pa\u00eds. Se trat\u00f3 de casos importados, pero llegaron a un territorio donde casi la mitad de los ni\u00f1os no tienen la primera dosis al d\u00eda. La Sociedad Argentina de Pediatr\u00eda (SAP) y organizaciones como SAVE advirtieron que este escenario es de alt\u00edsimo riesgo: el sarampi\u00f3n es tan contagioso que una sola persona puede infectar a nueve de cada diez no vacunados. Y, a diferencia de otras enfermedades virales, no tiene tratamiento espec\u00edfico; s\u00f3lo existe la prevenci\u00f3n.<\/p>\n\n\n\n<p>Mientras Argentina lidia con su propio brote, la situaci\u00f3n continental agrava el panorama. La Organizaci\u00f3n Panamericana de la Salud (OPS) inform\u00f3 m\u00e1s de 10.000 casos y 18 muertes por sarampi\u00f3n en las Am\u00e9ricas en 2025, un aumento del 34% respecto de 2024. Diez pa\u00edses se vieron afectados, entre ellos Argentina, Brasil, Bolivia y Paraguay. El rebrote no es un fen\u00f3meno aislado: es la consecuencia de la ca\u00edda coordinada en las coberturas vacunales tras la pandemia, en paralelo con la expansi\u00f3n de discursos conspirativos que erosionan d\u00e9cadas de confianza p\u00fablica.<\/p>\n\n\n\n<p>La respuesta local lleg\u00f3 desde mayo con una campa\u00f1a focalizada en el \u00c1rea Metropolitana de Buenos Aires. Se aplicaron miles de dosis extras, incluyendo la llamada \u201cdosis 0\u201d \u2014para ni\u00f1os de entre 6 y 11 meses\u2014, destinada a proteger m\u00e1s temprano a los beb\u00e9s en contextos de alta circulaci\u00f3n viral. Solo en Buenos Aires se colocaron 47.981 dosis 0 y 155.616 adicionales a distintos grupos etarios. La SAP fue contundente: \u201cVacunarse protege individual y colectivamente; el negacionismo es un riesgo epidemiol\u00f3gico\u201d.<\/p>\n\n\n\n<p>La preocupaci\u00f3n cruz\u00f3 los Andes. El 1 de diciembre, Chile activ\u00f3 una alerta epidemiol\u00f3gica para reforzar controles fronterizos, testeos y campa\u00f1as internas. La ministra Camila Vallejo record\u00f3 un dato clave: \u201cHemos presenciado aumentos en los casos de sarampi\u00f3n en Argentina. Reforzaremos el sistema de vigilancia para evitar que llegue a nuestro pa\u00eds. No caigan en campa\u00f1as antivacunas: las vacunas salvan vidas\u201d. Chile mantiene coberturas superiores al 90%, pero sabe \u2014como toda autoridad sanitaria seria\u2014 que el virus no reconoce l\u00edmites geopol\u00edticos. Con el flujo tur\u00edstico del verano austral, cualquier relajamiento puede derivar en transmisi\u00f3n interna.<\/p>\n\n\n\n<p>Pero mientras el sistema de salud intenta contener el brote, un episodio pol\u00edtico encendi\u00f3 a\u00fan m\u00e1s la pol\u00e9mica. El 27 de noviembre, el presidente de la C\u00e1mara de Diputados, Mart\u00edn Menem, autoriz\u00f3 en el Anexo A del Congreso una jornada antivacunas que llev\u00f3 como t\u00edtulo \u201c\u00bfQu\u00e9 contienen realmente las vacunas?\u201d. Dur\u00f3 m\u00e1s de seis horas y reuni\u00f3 a exponentes de la pseudociencia, entre ellos Oscar Botta, referente de \u201cM\u00e9dicos por la Verdad\u201d, con una charla que volv\u00eda a vincular \u201cvacunas de calendario y autismo\u201d \u2014un mito desacreditado hace m\u00e1s de veinte a\u00f1os\u2014, y Viviana Lens, que present\u00f3 una exposici\u00f3n titulada \u201cSangre de vacunados al microscopio\u201d.<\/p>\n\n\n\n<p>El punto m\u00e1s ins\u00f3lito lo protagoniz\u00f3 Jos\u00e9 Daniel Fabi\u00e1n, conocido como \u201cel hombre im\u00e1n\u201d, quien afirm\u00f3 que los objetos met\u00e1licos se adhieren a su cuerpo desde que recibi\u00f3 las vacunas contra la COVID-19. No es la primera vez que realiza este truco, basado en t\u00e9cnicas f\u00edsicas elementales, pero su presencia en un evento oficial empuj\u00f3 la jornada al terreno del grotesco. Lo que podr\u00eda haber sido un episodio menor en un sal\u00f3n de convenciones se convirti\u00f3 en un esc\u00e1ndalo institucional: la validaci\u00f3n, desde uno de los poderes del Estado, de teor\u00edas conspirativas que ponen en riesgo la salud p\u00fablica.<\/p>\n\n\n\n<p>La reacci\u00f3n cient\u00edfica fue inmediata. Sociedades m\u00e9dicas como la SAP, SADI, SADIP y SAVE enviaron un petitorio a Menem exigiendo cancelar la actividad. Denunciaron \u201cdesinformaci\u00f3n sanitaria incompatible con la salud p\u00fablica\u201d y advirtieron que esta clase de eventos alimenta la vacilaci\u00f3n vacunal justo cuando el pa\u00eds enfrenta varios brotes simult\u00e1neos. Legisladores como Pablo Yedlin y M\u00f3nica Fein calificaron la jornada como \u201ccirco rid\u00edculo\u201d, una expresi\u00f3n que se volvi\u00f3 tendencia en redes sociales. Desde el PRO, partido al que pertenece la organizadora Maril\u00fa Quir\u00f3z, se despegaron con rapidez, llam\u00e1ndolo \u201cacto bizarro\u201d y aclarando que sus posiciones son contrarias al negacionismo.<\/p>\n\n\n\n<p>Quir\u00f3z, en cambio, sostuvo otra postura: defendi\u00f3 la actividad como \u201cpuntapi\u00e9\u201d para revisar la obligatoriedad de las vacunas en Argentina. Su intento de instalar el debate fue le\u00eddo como una se\u00f1al de alarma por especialistas y comunicadores. El periodista Pablo Duggan fue directo: \u201cMenem abri\u00f3 la puerta a que los chicos no se vacunen, se enfermen y mueran\u201d. Puede sonar duro, pero es el tipo de advertencia que se vuelve necesaria cuando los riesgos son concretos. Argentina ya registr\u00f3 este a\u00f1o 600 casos de coqueluche y siete muertes infantiles. No hay margen para errores.<\/p>\n\n\n\n<p>La crisis del sarampi\u00f3n exhibe un problema que excede este brote puntual: la desprotecci\u00f3n creciente de la salud p\u00fablica en un contexto econ\u00f3mico y pol\u00edtico que erosiona pol\u00edticas sanitarias b\u00e1sicas. La vacunaci\u00f3n, que deber\u00eda ser un pilar incuestionable, se convierte en un campo de disputa ideol\u00f3gica donde la evidencia se relativiza y lo opinable reemplaza a lo verificable. El resultado no es abstracto ni filos\u00f3fico: es epidemiol\u00f3gico.<\/p>\n\n\n\n<p>La recomendaci\u00f3n final es clara, sencilla y urgente: revisar el carnet de vacunaci\u00f3n y aplicarse las dosis correspondientes. El Ministerio de Salud mantiene actualizada la informaci\u00f3n en argentina.gob.ar\/salud\/sarampion. Las vacunas del calendario son gratuitas en todos los centros de salud y hospitales p\u00fablicos del pa\u00eds. En un contexto donde la desinformaci\u00f3n gana terreno y la pol\u00edtica juega con fuego, la vacunaci\u00f3n se vuelve el \u00fanico dique real para frenar al virus.<\/p>\n\n\n\n<p>No hay grieta posible contra una enfermedad que puede causar neumon\u00eda, encefalitis o incluso ceguera. El sarampi\u00f3n ya no es un recuerdo del pasado: es un riesgo presente. Y lo \u00fanico que puede evitar que se convierta en tragedia es exactamente lo que algunos eligieron cuestionar: la ciencia, la prevenci\u00f3n y la responsabilidad colectiva.<\/p>\n\n\n\n<p><\/p>\n","protected":false},"excerpt":{"rendered":"<p>La ca\u00edda hist\u00f3rica en la vacunaci\u00f3n, el rebrote en Buenos Aires y una jornada antivacunas autorizada por Mart\u00edn Menem reavivan un riesgo epidemiol\u00f3gico que ya encendi\u00f3 las alarmas en Chile y en toda la regi\u00f3n. El sarampi\u00f3n, enfermedad que Argentina hab\u00eda eliminado hace m\u00e1s de dos d\u00e9cadas, reaparece con fuerza en 2025 en un escenario&#8230;<\/p>\n","protected":false},"author":11,"featured_media":11545,"comment_status":"open","ping_status":"open","sticky":false,"template":"","format":"standard","meta":{"_monsterinsights_skip_tracking":false,"_monsterinsights_sitenote_active":false,"_monsterinsights_sitenote_note":"","_monsterinsights_sitenote_category":0,"footnotes":"","jetpack_publicize_message":"","jetpack_publicize_feature_enabled":true,"jetpack_social_post_already_shared":true,"jetpack_social_options":{"image_generator_settings":{"template":"highway","default_image_id":0,"font":"","enabled":false},"version":2}},"categories":[2,3948,4],"tags":[],"class_list":["post-11544","post","type-post","status-publish","format-standard","has-post-thumbnail","hentry","category-politica","category-salud","category-sociedad"],"jetpack_publicize_connections":[],"_links":{"self":[{"href":"https:\/\/www.enorsai.com\/noticias\/wp-json\/wp\/v2\/posts\/11544","targetHints":{"allow":["GET"]}}],"collection":[{"href":"https:\/\/www.enorsai.com\/noticias\/wp-json\/wp\/v2\/posts"}],"about":[{"href":"https:\/\/www.enorsai.com\/noticias\/wp-json\/wp\/v2\/types\/post"}],"author":[{"embeddable":true,"href":"https:\/\/www.enorsai.com\/noticias\/wp-json\/wp\/v2\/users\/11"}],"replies":[{"embeddable":true,"href":"https:\/\/www.enorsai.com\/noticias\/wp-json\/wp\/v2\/comments?post=11544"}],"version-history":[{"count":1,"href":"https:\/\/www.enorsai.com\/noticias\/wp-json\/wp\/v2\/posts\/11544\/revisions"}],"predecessor-version":[{"id":11546,"href":"https:\/\/www.enorsai.com\/noticias\/wp-json\/wp\/v2\/posts\/11544\/revisions\/11546"}],"wp:featuredmedia":[{"embeddable":true,"href":"https:\/\/www.enorsai.com\/noticias\/wp-json\/wp\/v2\/media\/11545"}],"wp:attachment":[{"href":"https:\/\/www.enorsai.com\/noticias\/wp-json\/wp\/v2\/media?parent=11544"}],"wp:term":[{"taxonomy":"category","embeddable":true,"href":"https:\/\/www.enorsai.com\/noticias\/wp-json\/wp\/v2\/categories?post=11544"},{"taxonomy":"post_tag","embeddable":true,"href":"https:\/\/www.enorsai.com\/noticias\/wp-json\/wp\/v2\/tags?post=11544"}],"curies":[{"name":"wp","href":"https:\/\/api.w.org\/{rel}","templated":true}]}}