{"id":11505,"date":"2025-12-01T06:11:07","date_gmt":"2025-12-01T09:11:07","guid":{"rendered":"https:\/\/www.enorsai.com\/noticias\/?p=11505"},"modified":"2025-12-01T06:11:10","modified_gmt":"2025-12-01T09:11:10","slug":"renuncio-la-peor-ministra-de-seguridad-de-todos-los-tiempos","status":"publish","type":"post","link":"https:\/\/www.enorsai.com\/noticias\/politica\/renuncio-la-peor-ministra-de-seguridad-de-todos-los-tiempos\/","title":{"rendered":"Renunci\u00f3 la peor Ministra de Seguridad de todos los tiempos"},"content":{"rendered":"\n<p>La renuncia de Patricia Bullrich al Ministerio de Seguridad no es un mero tr\u00e1mite administrativo ni un cambio ordinario dentro de un gabinete desgastado. Es, por el contrario, el cierre de una de las gestiones m\u00e1s represivas, controversiales y regresivas en materia de derechos civiles desde la recuperaci\u00f3n democr\u00e1tica. Su salida sintetiza el fracaso de un modelo de \u201corden\u201d que nunca mejor\u00f3 la seguridad real de la poblaci\u00f3n pero s\u00ed multiplic\u00f3 los episodios de violencia institucional, la criminalizaci\u00f3n de la protesta y el uso pol\u00edtico de las fuerzas policiales como herramienta de disciplinamiento social. Bullrich se despidi\u00f3 con tono celebratorio, agradeciendo la \u201cconfianza\u201d del presidente Javier Milei y reivindicando la \u201cdoctrina de seguridad y orden\u201d que, seg\u00fan ella, habr\u00eda devuelto estabilidad al pa\u00eds. Lo que omite es que dicha doctrina dej\u00f3 como saldo un deterioro profundo de la convivencia democr\u00e1tica, una escalada represiva sin precedentes en tiempos recientes y una serie de hechos que hoy constituyen el fundamento m\u00e1s s\u00f3lido para afirmar que se trata de la peor ministra de Seguridad de todos los tiempos.<\/p>\n\n\n\n<p>Las im\u00e1genes hablan solas. En marzo de 2025, la represi\u00f3n a jubilados frente al Congreso se convirti\u00f3 en un s\u00edmbolo del desquicio represivo que su gesti\u00f3n hab\u00eda impuesto como norma. Balas de goma, gases lacrim\u00f3genos, camiones hidrantes y detenciones arbitrarias se desplegaron contra adultos mayores que reclamaban por haberes pulverizados por la inflaci\u00f3n. La escena recorri\u00f3 el mundo a trav\u00e9s de medios internacionales, como <em>The Guardian<\/em>, que describi\u00f3 la violencia policial como desmedida, innecesaria y contraria a cualquier est\u00e1ndar democr\u00e1tico. No fue un hecho aislado: docentes, movimientos sociales, sindicatos, trabajadores estatales y periodistas fueron v\u00edctimas reiteradas de operativos desproporcionados dise\u00f1ados para enviar un mensaje claro: en el pa\u00eds de Bullrich, protestar es un delito.<\/p>\n\n\n\n<p>Durante su gesti\u00f3n, la seguridad dej\u00f3 de ser un campo de pol\u00edticas p\u00fablicas para transformarse en un laboratorio de militarizaci\u00f3n interna. Bullrich impuls\u00f3 un enfoque basado en el paradigma de \u201cseguridad como guerra\u201d, donde el ciudadano cr\u00edtico se convert\u00eda en enemigo interno. Aument\u00f3 el uso de armas letales y no letales, promovi\u00f3 la compra de equipamiento para vigilancia y control social, habilit\u00f3 las pistolas Taser en entornos urbanos y expandi\u00f3 capacidades de inteligencia que, seg\u00fan organismos como el CELS, atentaban contra la privacidad y las libertades fundamentales. El presupuesto en seguridad creci\u00f3 de manera desproporcionada mientras \u00e1reas esenciales como educaci\u00f3n, salud y pol\u00edticas sociales sufr\u00edan recortes brutales. Nada expresaba mejor el esp\u00edritu de su gesti\u00f3n que la idea \u2014repetida en foros nacionales e internacionales\u2014 de que \u201csin seguridad no hay libertad\u201d. Una frase peligrosa: cuando la seguridad se define desde la represi\u00f3n, la libertad se convierte en un privilegio para unos pocos.<\/p>\n\n\n\n<p>La violencia institucional se dispar\u00f3. Las denuncias por abusos policiales, detenciones arbitrarias y uso excesivo de la fuerza aumentaron de manera sostenida, seg\u00fan informes de organizaciones de derechos humanos. Lo llamativo es que, pese a esta escalada represiva, los resultados en materia de seguridad ciudadana distaron enormemente de las promesas de campa\u00f1a. No hubo reducci\u00f3n significativa del delito, tampoco una mejora estructural en las zonas urbanas m\u00e1s afectadas, y en provincias como C\u00f3rdoba, Chubut o Buenos Aires las estad\u00edsticas de robos y homicidios mostraron variaciones err\u00e1ticas que desmienten cualquier relato triunfalista. La narrativa de \u201corden recuperado\u201d funcion\u00f3 como consigna pol\u00edtica, pero no como pol\u00edtica p\u00fablica efectiva.<\/p>\n\n\n\n<p>La defensa cerrada del modelo represivo se sosten\u00eda en una l\u00f3gica ideol\u00f3gica que conceb\u00eda la protesta social como un ataque al Estado y la disidencia pol\u00edtica como una amenaza al orden. Bullrich convirti\u00f3 la represi\u00f3n en un gesto de identidad pol\u00edtica, un sello distintivo de su liderazgo. Esto se vio reforzado por su constante enfrentamiento con organismos de derechos humanos, su desprecio expl\u00edcito hacia sectores movilizados y su obsesi\u00f3n por mostrar autoridad aun a costa de violar est\u00e1ndares internacionales. Bajo su conducci\u00f3n, el Ministerio de Seguridad dej\u00f3 de proteger a la ciudadan\u00eda y pas\u00f3 a proteger un proyecto pol\u00edtico basado en el miedo.<\/p>\n\n\n\n<p>A lo largo de su gesti\u00f3n, los errores, excesos y desviaciones institucionales jam\u00e1s fueron reconocidos. Por el contrario, se festejaban como demostraciones de firmeza. Pero la acumulaci\u00f3n de esc\u00e1ndalos, el rechazo social creciente y la imposibilidad de exhibir logros concretos terminaron por corroer su figura incluso dentro del propio oficialismo. Bullrich abandona su cargo para asumir como senadora, pero no se va en un clima de triunfo: se va escapando del peso de su propio legado. Deja atr\u00e1s una cartera marcada por el desgaste, la conflictividad, la incapacidad de construir consensos, los abusos policiales y la ausencia de pol\u00edticas integrales para enfrentar los problemas reales del delito.<\/p>\n\n\n\n<p>Lo que hereda Alejandra Monteoliva no es simplemente un ministerio; es un esquema de militarizaci\u00f3n, una cultura institucional que naturaliz\u00f3 la violencia y una relaci\u00f3n rota entre el Estado y sectores enteros de la sociedad civil. La renuncia de Bullrich deber\u00eda abrir un debate profundo sobre el rumbo de la seguridad en Argentina, porque no hay futuro posible si el Estado persiste en la l\u00f3gica de la mano dura como respuesta a problemas que son esencialmente sociales, econ\u00f3micos y estructurales.<\/p>\n\n\n\n<p>Renunci\u00f3 la peor ministra de Seguridad de todos los tiempos porque deja un pa\u00eds m\u00e1s asustado, m\u00e1s dividido, m\u00e1s violento y menos democr\u00e1tico. Porque confundi\u00f3 autoridad con autoritarismo. Porque convirti\u00f3 la fuerza en su primer recurso y no en el \u00faltimo. Porque gobern\u00f3 con el garrote y no con la ley. Porque prometi\u00f3 orden y dej\u00f3 caos. Su salida no cierra un cap\u00edtulo: evidencia la urgencia de cambiar un modelo que fracas\u00f3 en todo lo que dec\u00eda defender. El desaf\u00edo ahora es reconstruir desde cero una pol\u00edtica de seguridad democr\u00e1tica, efectiva y respetuosa de los derechos humanos. S\u00f3lo entonces ser\u00e1 posible dejar atr\u00e1s la sombra de una gesti\u00f3n que pasar\u00e1 a la historia por todo lo que destruy\u00f3 y por nada de lo que construy\u00f3.<\/p>\n","protected":false},"excerpt":{"rendered":"<p>La renuncia de Patricia Bullrich al Ministerio de Seguridad no es un mero tr\u00e1mite administrativo ni un cambio ordinario dentro de un gabinete desgastado. Es, por el contrario, el cierre de una de las gestiones m\u00e1s represivas, controversiales y regresivas en materia de derechos civiles desde la recuperaci\u00f3n democr\u00e1tica. Su salida sintetiza el fracaso de&#8230;<\/p>\n","protected":false},"author":1,"featured_media":11506,"comment_status":"open","ping_status":"open","sticky":false,"template":"","format":"standard","meta":{"_monsterinsights_skip_tracking":false,"_monsterinsights_sitenote_active":false,"_monsterinsights_sitenote_note":"","_monsterinsights_sitenote_category":0,"footnotes":"","jetpack_publicize_message":"","jetpack_publicize_feature_enabled":true,"jetpack_social_post_already_shared":true,"jetpack_social_options":{"image_generator_settings":{"template":"highway","default_image_id":0,"font":"","enabled":false},"version":2}},"categories":[2],"tags":[431],"class_list":["post-11505","post","type-post","status-publish","format-standard","has-post-thumbnail","hentry","category-politica","tag-patricia-bullrich"],"jetpack_publicize_connections":[],"_links":{"self":[{"href":"https:\/\/www.enorsai.com\/noticias\/wp-json\/wp\/v2\/posts\/11505","targetHints":{"allow":["GET"]}}],"collection":[{"href":"https:\/\/www.enorsai.com\/noticias\/wp-json\/wp\/v2\/posts"}],"about":[{"href":"https:\/\/www.enorsai.com\/noticias\/wp-json\/wp\/v2\/types\/post"}],"author":[{"embeddable":true,"href":"https:\/\/www.enorsai.com\/noticias\/wp-json\/wp\/v2\/users\/1"}],"replies":[{"embeddable":true,"href":"https:\/\/www.enorsai.com\/noticias\/wp-json\/wp\/v2\/comments?post=11505"}],"version-history":[{"count":1,"href":"https:\/\/www.enorsai.com\/noticias\/wp-json\/wp\/v2\/posts\/11505\/revisions"}],"predecessor-version":[{"id":11507,"href":"https:\/\/www.enorsai.com\/noticias\/wp-json\/wp\/v2\/posts\/11505\/revisions\/11507"}],"wp:featuredmedia":[{"embeddable":true,"href":"https:\/\/www.enorsai.com\/noticias\/wp-json\/wp\/v2\/media\/11506"}],"wp:attachment":[{"href":"https:\/\/www.enorsai.com\/noticias\/wp-json\/wp\/v2\/media?parent=11505"}],"wp:term":[{"taxonomy":"category","embeddable":true,"href":"https:\/\/www.enorsai.com\/noticias\/wp-json\/wp\/v2\/categories?post=11505"},{"taxonomy":"post_tag","embeddable":true,"href":"https:\/\/www.enorsai.com\/noticias\/wp-json\/wp\/v2\/tags?post=11505"}],"curies":[{"name":"wp","href":"https:\/\/api.w.org\/{rel}","templated":true}]}}