{"id":11501,"date":"2025-12-01T05:42:06","date_gmt":"2025-12-01T08:42:06","guid":{"rendered":"https:\/\/www.enorsai.com\/noticias\/?p=11501"},"modified":"2025-12-01T05:42:35","modified_gmt":"2025-12-01T08:42:35","slug":"presti-designa-como-jefe-de-gabinete-a-un-funcionario-con-trayectoria-negacionista-proteccion-de-represores-y-hostilidad-a-los-organismos-de-ddhh","status":"publish","type":"post","link":"https:\/\/www.enorsai.com\/noticias\/politica\/presti-designa-como-jefe-de-gabinete-a-un-funcionario-con-trayectoria-negacionista-proteccion-de-represores-y-hostilidad-a-los-organismos-de-ddhh\/","title":{"rendered":"Presti designa como jefe de gabinete a un funcionario con trayectoria negacionista, protecci\u00f3n de represores y hostilidad a los organismos de DDHH"},"content":{"rendered":"\n<p>Carlos Presti ni siquiera asumi\u00f3 como ministro de Defensa y ya dej\u00f3 en claro cu\u00e1l ser\u00e1 el ADN pol\u00edtico de su gesti\u00f3n: nombrar como jefe de gabinete a Guillermo Madero, un funcionario con trayectoria marcada por el negacionismo, la protecci\u00f3n de represores y la hostilidad hacia los organismos de derechos humanos. Madero celebr\u00f3 su ascenso en redes sociales, agradeciendo las felicitaciones tras la primicia que adelant\u00f3 el periodista Eduardo Feinmann, como si la designaci\u00f3n fuera un premio merecido y no el s\u00edntoma de una deriva peligrosa del Estado.<\/p>\n\n\n\n<p>Que Presti \u2014hijo de un represor procesado y detenido por secuestros y desapariciones durante la dictadura\u2014 elija como mano derecha a un hombre que obstaculiz\u00f3 investigaciones clave sobre beb\u00e9s robados durante el terrorismo de Estado, no es una casualidad: es una definici\u00f3n pol\u00edtica. Una se\u00f1al inequ\u00edvoca de hacia d\u00f3nde se orienta el Ministerio de Defensa bajo el gobierno de Javier Milei, ya decidido a reinterpretar la historia argentina desde una perspectiva negacionista que busca borrar responsabilidades y reinstalar la narrativa de la \u201cmemoria completa\u201d.<\/p>\n\n\n\n<p>El prontuario institucional de Madero es contundente. Durante su paso por la Subsecretar\u00eda de Planeamiento Estrat\u00e9gico, en febrero de 2024 rechaz\u00f3 enviar la historia cl\u00ednica requerida por la Comisi\u00f3n Nacional por el Derecho a la Identidad (Conadi), el organismo que trabaja junto a Abuelas de Plaza de Mayo para encontrar a los nietos apropiados. Su negativa \u2014difundida con entusiasmo en redes vinculadas al lobby pro-impunidad\u2014 no solo fue un golpe a la b\u00fasqueda de identidad, sino un mensaje directo: desde el Estado ya no habr\u00eda colaboraci\u00f3n con las investigaciones contra los cr\u00edmenes de la dictadura.<\/p>\n\n\n\n<p>Ese no fue un hecho aislado. Madero visit\u00f3 en marzo de 2024 a los represores alojados en la Unidad 34 de Campo de Mayo, junto al entonces director nacional de Derechos Humanos, Lucas Miles Erbes. El Ministerio lo justific\u00f3 como un \u201crecorrido t\u00e9cnico\u201d para evaluar instalaciones, pero distintas fuentes aseguraron que los represores quedaron esperanzados tras la charla con los funcionarios. Pocas semanas m\u00e1s tarde, el entonces ministro Luis Petri decidi\u00f3 echar a los equipos de relevamiento y an\u00e1lisis (ERyA), que aportaban informaci\u00f3n vital a la justicia en causas por cr\u00edmenes de lesa humanidad. Treinta y seis fiscales denunciaron p\u00fablicamente el impacto devastador de esa decisi\u00f3n.<\/p>\n\n\n\n<p>Cuando el fiscal Miguel Palazzani pidi\u00f3 al Ministerio de Defensa que preservara los archivos hist\u00f3ricos, Madero le respondi\u00f3 con una nota al procurador interino Eduardo Casal acus\u00e1ndolo de una supuesta \u201ccomunicaci\u00f3n indebida\u201d. El resultado fue grotesco: Casal llam\u00f3 la atenci\u00f3n al fiscal cuyo \u00fanico objetivo era evitar que se destruyeran documentos esenciales para investigar delitos de terrorismo de Estado. La fricci\u00f3n con el Ministerio se agrav\u00f3 tras la denuncia del fiscal F\u00e9lix Crous por la tentativa de destruir informaci\u00f3n en el Archivo General de la Armada. Para Crous, ese episodio deb\u00eda leerse como parte de un \u201cesfuerzo persistente y coordinado\u201d para borrar pruebas de la represi\u00f3n ilegal. \u00bfQui\u00e9n aparec\u00eda en primer lugar en esa lista de hechos? La negativa de Madero a entregar los legajos solicitados por Conadi.<\/p>\n\n\n\n<p>La trayectoria pol\u00edtica de Madero tambi\u00e9n explica el gui\u00f1o de su nombramiento. Proveniente del ri\u00f1\u00f3n del PRO, fue designado durante el macrismo por Patricia Bullrich como director nacional de Seguridad en Espect\u00e1culos Futbol\u00edsticos, apadrinado por Guillermo Montenegro, hoy intendente de General Pueyrred\u00f3n y aliado entusiasta de La Libertad Avanza. Su llegada a Defensa se consolid\u00f3 bajo la gesti\u00f3n de Petri, primero en Planeamiento Estrat\u00e9gico y luego como subsecretario de Defensa Civil y Protecci\u00f3n Humanitaria.<\/p>\n\n\n\n<p>En art\u00edculos publicados recientemente \u2014como en el portal Infobae\u2014 Madero defendi\u00f3 la llamada \u201cdoctrina Petri\u201d, que propone ampliar el rol de las Fuerzas Armadas hacia tareas de seguridad interior, en oposici\u00f3n a la doctrina Garr\u00e9, que limitaba su actuaci\u00f3n a escenarios estrictamente militares. All\u00ed tambi\u00e9n repiti\u00f3 conceptos propios de la ultraderecha militarista, como la supuesta \u201cindustria de los juicios de derechos humanos\u201d, una ret\u00f3rica que Victoria Villarruel convirti\u00f3 en bandera durante la campa\u00f1a. Para Madero, los juicios por delitos de lesa humanidad no fueron parte de un proceso ejemplar de justicia, sino un mecanismo persecutorio contra militares.<\/p>\n\n\n\n<p>El nombramiento del funcionario se suma a un clima general en la Casa Rosada, que presenta la llegada de Presti \u2014un militar en actividad\u2014 como el fin de la \u201cdemonizaci\u00f3n\u201d de las Fuerzas Armadas. Sin embargo, para amplios sectores de los organismos de derechos humanos, el mensaje es exactamente el contrario: la validaci\u00f3n del negacionismo, la protecci\u00f3n pol\u00edtica a condenados y procesados por secuestros y desapariciones, y el inicio de una etapa donde los controles, archivos y registros que posibilitaron la rendici\u00f3n de cuentas durante cuatro d\u00e9cadas quedan en riesgo de desmantelamiento.<\/p>\n\n\n\n<p>Mientras el gobierno avanza bajo la bandera de \u201cmemoria completa\u201d, lo que se perfila es una ofensiva clara contra la justicia, la verdad hist\u00f3rica y los pilares que hicieron de Argentina un ejemplo mundial en la lucha contra la impunidad. Con Madero como jefe de gabinete de Defensa, la pregunta ya no es si habr\u00e1 retrocesos en materia de derechos humanos, sino cu\u00e1n profundos ser\u00e1n y cu\u00e1nta informaci\u00f3n cr\u00edtica puede perderse antes de que sea demasiado tarde.<\/p>\n\n\n\n<p>Fuente:<\/p>\n\n\n\n<p>.<a href=\"https:\/\/www.pagina12.com.ar\/2025\/11\/30\/presti-ascendera-a-un-funcionario-que-obstaculizo-la-busqueda-de-los-bebes-robados-y-visito-represores\/\">https:\/\/www.pagina12.com.ar\/2025\/11\/30\/presti-ascendera-a-un-funcionario-que-obstaculizo-la-busqueda-de-los-bebes-robados-y-visito-represores\/<\/a><\/p>\n","protected":false},"excerpt":{"rendered":"<p>Carlos Presti ni siquiera asumi\u00f3 como ministro de Defensa y ya dej\u00f3 en claro cu\u00e1l ser\u00e1 el ADN pol\u00edtico de su gesti\u00f3n: nombrar como jefe de gabinete a Guillermo Madero, un funcionario con trayectoria marcada por el negacionismo, la protecci\u00f3n de represores y la hostilidad hacia los organismos de derechos humanos. Madero celebr\u00f3 su ascenso&#8230;<\/p>\n","protected":false},"author":13,"featured_media":11502,"comment_status":"open","ping_status":"open","sticky":false,"template":"","format":"standard","meta":{"_monsterinsights_skip_tracking":false,"_monsterinsights_sitenote_active":false,"_monsterinsights_sitenote_note":"","_monsterinsights_sitenote_category":0,"footnotes":"","jetpack_publicize_message":"","jetpack_publicize_feature_enabled":true,"jetpack_social_post_already_shared":true,"jetpack_social_options":{"image_generator_settings":{"template":"highway","default_image_id":0,"font":"","enabled":false},"version":2}},"categories":[2],"tags":[],"class_list":["post-11501","post","type-post","status-publish","format-standard","has-post-thumbnail","hentry","category-politica"],"jetpack_publicize_connections":[],"_links":{"self":[{"href":"https:\/\/www.enorsai.com\/noticias\/wp-json\/wp\/v2\/posts\/11501","targetHints":{"allow":["GET"]}}],"collection":[{"href":"https:\/\/www.enorsai.com\/noticias\/wp-json\/wp\/v2\/posts"}],"about":[{"href":"https:\/\/www.enorsai.com\/noticias\/wp-json\/wp\/v2\/types\/post"}],"author":[{"embeddable":true,"href":"https:\/\/www.enorsai.com\/noticias\/wp-json\/wp\/v2\/users\/13"}],"replies":[{"embeddable":true,"href":"https:\/\/www.enorsai.com\/noticias\/wp-json\/wp\/v2\/comments?post=11501"}],"version-history":[{"count":2,"href":"https:\/\/www.enorsai.com\/noticias\/wp-json\/wp\/v2\/posts\/11501\/revisions"}],"predecessor-version":[{"id":11504,"href":"https:\/\/www.enorsai.com\/noticias\/wp-json\/wp\/v2\/posts\/11501\/revisions\/11504"}],"wp:featuredmedia":[{"embeddable":true,"href":"https:\/\/www.enorsai.com\/noticias\/wp-json\/wp\/v2\/media\/11502"}],"wp:attachment":[{"href":"https:\/\/www.enorsai.com\/noticias\/wp-json\/wp\/v2\/media?parent=11501"}],"wp:term":[{"taxonomy":"category","embeddable":true,"href":"https:\/\/www.enorsai.com\/noticias\/wp-json\/wp\/v2\/categories?post=11501"},{"taxonomy":"post_tag","embeddable":true,"href":"https:\/\/www.enorsai.com\/noticias\/wp-json\/wp\/v2\/tags?post=11501"}],"curies":[{"name":"wp","href":"https:\/\/api.w.org\/{rel}","templated":true}]}}