{"id":11495,"date":"2025-11-30T19:09:25","date_gmt":"2025-11-30T22:09:25","guid":{"rendered":"https:\/\/www.enorsai.com\/noticias\/politica\/peron-en-caracas-4\/"},"modified":"2025-11-30T19:09:25","modified_gmt":"2025-11-30T22:09:25","slug":"peron-en-caracas-4","status":"publish","type":"post","link":"https:\/\/www.enorsai.com\/noticias\/politica\/peron-en-caracas-4\/","title":{"rendered":"Per\u00f3n en Caracas"},"content":{"rendered":"\n<p> \ud83c\udfad La obra teatral \u00abPer\u00f3n en Caracas\u00bb de Le\u00f3nidas Lamborghini es una profunda e incisiva invitaci\u00f3n a la reflexi\u00f3n hist\u00f3rica y pol\u00edtica de Argentina y Latinoam\u00e9rica. <\/p>\n\n\n\n<figure class=\"wp-block-image size-large\"><img loading=\"lazy\" decoding=\"async\" width=\"1024\" height=\"742\" src=\"https:\/\/www.enorsai.com\/noticias\/wp-content\/uploads\/2025\/11\/img-20251130-wa02097178497331096819079-1024x742.jpg\" alt=\"\" class=\"wp-image-11480\" srcset=\"https:\/\/www.enorsai.com\/noticias\/wp-content\/uploads\/2025\/11\/img-20251130-wa02097178497331096819079-1024x742.jpg 1024w, https:\/\/www.enorsai.com\/noticias\/wp-content\/uploads\/2025\/11\/img-20251130-wa02097178497331096819079-300x218.jpg 300w, https:\/\/www.enorsai.com\/noticias\/wp-content\/uploads\/2025\/11\/img-20251130-wa02097178497331096819079-768x557.jpg 768w, https:\/\/www.enorsai.com\/noticias\/wp-content\/uploads\/2025\/11\/img-20251130-wa02097178497331096819079-1536x1114.jpg 1536w, https:\/\/www.enorsai.com\/noticias\/wp-content\/uploads\/2025\/11\/img-20251130-wa02097178497331096819079.jpg 1600w\" sizes=\"auto, (max-width: 1024px) 100vw, 1024px\" \/><\/figure>\n\n\n\n<p>Apoyada por Proteatro de la Ciudad Aut\u00f3noma de Buenos Aires, esta puesta en escena utiliza una combinaci\u00f3n de actuaci\u00f3n y cine documental para cuestionar y cuestionarnos como sociedad.<\/p>\n\n\n\n<p> <strong>El Coraz\u00f3n de la Obra: Per\u00f3n en la Intimidad del Exilio<\/strong><br><br>El montaje sit\u00faa al ex-presidente Juan Domingo Per\u00f3n en Caracas, Venezuela, en 1956, apenas un a\u00f1o despu\u00e9s del golpe militar que lo derroc\u00f3. La intimidad de un \u00abtriste y solitario departamento\u00bb se convierte en el escenario donde se revela tanto al ser humano como al ser pol\u00edtico detr\u00e1s del mito.<\/p>\n\n\n\n<figure class=\"wp-block-image size-large\"><img loading=\"lazy\" decoding=\"async\" width=\"648\" height=\"768\" src=\"https:\/\/www.enorsai.com\/noticias\/wp-content\/uploads\/2025\/11\/image_editor_output_image1540284426-17645383167273423437298042877746.jpg\" alt=\"\" class=\"wp-image-11486\" srcset=\"https:\/\/www.enorsai.com\/noticias\/wp-content\/uploads\/2025\/11\/image_editor_output_image1540284426-17645383167273423437298042877746.jpg 648w, https:\/\/www.enorsai.com\/noticias\/wp-content\/uploads\/2025\/11\/image_editor_output_image1540284426-17645383167273423437298042877746-253x300.jpg 253w\" sizes=\"auto, (max-width: 648px) 100vw, 648px\" \/><\/figure>\n\n\n\n<p>Motivado por la inminente publicaci\u00f3n de su libro \u201cLos Vendepatria\u201d, Per\u00f3n inicia una reflexi\u00f3n que abarca la historia pol\u00edtica argentina desde 1945 hasta la actualidad. El texto resalta que esta meditaci\u00f3n, concebida por el autor, adquiere una \u00abvigencia que no deja de sorprender y no deja de lastimar\u00bb en los tiempos actuales, si bien est\u00e1 siempre acompa\u00f1ada por la \u00abinevitable esperanza\u00bb del pueblo argentino.<\/p>\n\n\n\n<figure class=\"wp-block-image size-large\"><img loading=\"lazy\" decoding=\"async\" width=\"1024\" height=\"768\" src=\"https:\/\/www.enorsai.com\/noticias\/wp-content\/uploads\/2025\/11\/img_20251129_2133196508886912276401963761-1024x768.jpg\" alt=\"\" class=\"wp-image-11488\" srcset=\"https:\/\/www.enorsai.com\/noticias\/wp-content\/uploads\/2025\/11\/img_20251129_2133196508886912276401963761-1024x768.jpg 1024w, https:\/\/www.enorsai.com\/noticias\/wp-content\/uploads\/2025\/11\/img_20251129_2133196508886912276401963761-300x225.jpg 300w, https:\/\/www.enorsai.com\/noticias\/wp-content\/uploads\/2025\/11\/img_20251129_2133196508886912276401963761-768x576.jpg 768w, https:\/\/www.enorsai.com\/noticias\/wp-content\/uploads\/2025\/11\/img_20251129_2133196508886912276401963761-1536x1152.jpg 1536w, https:\/\/www.enorsai.com\/noticias\/wp-content\/uploads\/2025\/11\/img_20251129_2133196508886912276401963761.jpg 2000w\" sizes=\"auto, (max-width: 1024px) 100vw, 1024px\" \/><\/figure>\n\n\n\n<p>El dramaturgo, Le\u00f3nidas Lamborghini, asume una postura provocadora sobre su propia creaci\u00f3n al citar: \u00abSi esta obrita mereciera el calificativo de deleznable la culpa es del General.\u00bb<\/p>\n\n\n\n<figure class=\"wp-block-image size-large\"><img loading=\"lazy\" decoding=\"async\" width=\"420\" height=\"263\" src=\"https:\/\/www.enorsai.com\/noticias\/wp-content\/uploads\/2025\/11\/f6mjsciq6rdpjlvwqzldgnzusm8127624350677049603.jpg\" alt=\"\" class=\"wp-image-11487\" srcset=\"https:\/\/www.enorsai.com\/noticias\/wp-content\/uploads\/2025\/11\/f6mjsciq6rdpjlvwqzldgnzusm8127624350677049603.jpg 420w, https:\/\/www.enorsai.com\/noticias\/wp-content\/uploads\/2025\/11\/f6mjsciq6rdpjlvwqzldgnzusm8127624350677049603-300x188.jpg 300w\" sizes=\"auto, (max-width: 420px) 100vw, 420px\" \/><\/figure>\n\n\n\n<p>Le\u00f3nidas Lamborghini fue una figura central de la literatura argentina, cuya vida y obra estuvieron \u00edntimamente ligadas a los avatares pol\u00edticos del pa\u00eds.<br>Naci\u00f3 en Villa del Parque, Buenos Aires, el 10 de enero de 1927. Tras trabajar en la industria textil, se dedic\u00f3 de lleno al periodismo como redactor del diario Cr\u00edtica y tambi\u00e9n a la poes\u00eda. Su debut fue con \u00abEl saboteador arrepentido\u00bb en 1955.<br> La dictadura autodenominada \u00abRevoluci\u00f3n Libertadora\u00bb (1955) lo llev\u00f3 a asumir una \u00abpol\u00edtica de la Resistencia\u00bb. Entre sus obras destacadas se encuentran \u00abAl p\u00fablico\u00bb (1957) y \u00abLas patas en las fuentes\u00bb (1965).<br>\u00a0\u00a0 Fue integrante de la Secretar\u00eda de Cultura de la Provincia de Buenos Aires durante el gobierno de H\u00e9ctor C\u00e1mpora.<br>\u00a0 Vivi\u00f3 exiliado en M\u00e9xico entre 1977 y 1990.<br>\u00a0 Muri\u00f3 en Buenos Aires el 13 de noviembre de 2009.<\/p>\n\n\n\n<figure class=\"wp-block-image size-large\"><img loading=\"lazy\" decoding=\"async\" width=\"1024\" height=\"576\" src=\"https:\/\/www.enorsai.com\/noticias\/wp-content\/uploads\/2025\/11\/img-20251130-wa02087990147436248968288-1024x576.jpg\" alt=\"\" class=\"wp-image-11489\" srcset=\"https:\/\/www.enorsai.com\/noticias\/wp-content\/uploads\/2025\/11\/img-20251130-wa02087990147436248968288-1024x576.jpg 1024w, https:\/\/www.enorsai.com\/noticias\/wp-content\/uploads\/2025\/11\/img-20251130-wa02087990147436248968288-300x169.jpg 300w, https:\/\/www.enorsai.com\/noticias\/wp-content\/uploads\/2025\/11\/img-20251130-wa02087990147436248968288-768x432.jpg 768w, https:\/\/www.enorsai.com\/noticias\/wp-content\/uploads\/2025\/11\/img-20251130-wa02087990147436248968288-1536x864.jpg 1536w, https:\/\/www.enorsai.com\/noticias\/wp-content\/uploads\/2025\/11\/img-20251130-wa02087990147436248968288.jpg 1600w\" sizes=\"auto, (max-width: 1024px) 100vw, 1024px\" \/><figcaption class=\"wp-element-caption\">La obra \u00abPer\u00f3n en Caracas\u00bb se consolida as\u00ed como un testimonio cultural que, desde la voz de Per\u00f3n en su momento m\u00e1s vulnerable, permite a los espectadores y lectores revisar y pensar hechos y situaciones de la historia argentina reciente.<\/figcaption><\/figure>\n\n\n\n<p>La vigencia de la obra de Lamborghini se siente con particular intensidad al observar el panorama pol\u00edtico actual. La reflexi\u00f3n de Per\u00f3n en 1956, motivada por su libro \u00abLos Vendepatria\u00bb, traza un puente inevitable con las pol\u00edticas implementadas por la administraci\u00f3n actual.<br>Si la obra de Lamborghini es una denuncia literaria de aquellos que, a lo largo de la historia, atentaron contra la soberan\u00eda y el proyecto nacional, muchos observadores y cr\u00edticos del espectro popular encuentran hoy en el gobierno actual una resonancia contempor\u00e1nea de ese esp\u00edritu. La profunda desregulaci\u00f3n, la apertura irrestricta a capitales externos, y el desmantelamiento de empresas e instituciones estatales son interpretados por estos sectores como un eco del pasado.<br>As\u00ed, la obra ofrece un marco de cr\u00edtica hist\u00f3rica para aquellos que ven en las acciones del gobierno actual una entrega de activos nacionales y una visi\u00f3n subordinada a intereses for\u00e1neos, calific\u00e1ndolas, sin rodeos, como actos de la pol\u00edtica \u00abcipaya\u00bb y \u00abvende patria\u00bb que el mismo Per\u00f3n se propon\u00eda desenmascarar desde su exilio. La confrontaci\u00f3n ideol\u00f3gica actual, entre la soberan\u00eda nacional y el libre mercado, se ve entonces reflejada en el eterno debate planteado por la pluma de Le\u00f3nidas Lamborghini.<\/p>\n\n\n\n<figure class=\"wp-block-image size-large\"><img loading=\"lazy\" decoding=\"async\" width=\"768\" height=\"1024\" src=\"https:\/\/www.enorsai.com\/noticias\/wp-content\/uploads\/2025\/11\/img_20251129_2203271291558025716420585306-768x1024.jpg\" alt=\"\" class=\"wp-image-11490\" srcset=\"https:\/\/www.enorsai.com\/noticias\/wp-content\/uploads\/2025\/11\/img_20251129_2203271291558025716420585306-768x1024.jpg 768w, https:\/\/www.enorsai.com\/noticias\/wp-content\/uploads\/2025\/11\/img_20251129_2203271291558025716420585306-225x300.jpg 225w, https:\/\/www.enorsai.com\/noticias\/wp-content\/uploads\/2025\/11\/img_20251129_2203271291558025716420585306-1152x1536.jpg 1152w, https:\/\/www.enorsai.com\/noticias\/wp-content\/uploads\/2025\/11\/img_20251129_2203271291558025716420585306.jpg 1500w\" sizes=\"auto, (max-width: 768px) 100vw, 768px\" \/><\/figure>\n\n\n\n<p>La emotividad que ya impregna una obra sobre el exilio y la resistencia se vio profundamente multiplicada en su \u00faltima funci\u00f3n por la presencia en la sala de la familia del autor: su compa\u00f1era de vida Graciela Adelma Torrecillas y su hija, Eva Luc\u00eda Lamborghini Torrecillas. Este hecho no solo honra la memoria de Le\u00f3nidas Lamborghini, sino que tambi\u00e9n desarroll\u00f3 un v\u00ednculo tangible entre el esp\u00edritu de la obra, la biograf\u00eda pol\u00edtica del autor y el p\u00fablico presente, creando un momento de intimidad y sensaci\u00f3n clausura.<\/p>\n\n\n\n<figure class=\"wp-block-image size-large\"><img loading=\"lazy\" decoding=\"async\" width=\"1024\" height=\"576\" src=\"https:\/\/www.enorsai.com\/noticias\/wp-content\/uploads\/2025\/11\/img-20251130-wa0204281291957589744448760289-1024x576.jpg\" alt=\"\" class=\"wp-image-11491\" srcset=\"https:\/\/www.enorsai.com\/noticias\/wp-content\/uploads\/2025\/11\/img-20251130-wa0204281291957589744448760289-1024x576.jpg 1024w, https:\/\/www.enorsai.com\/noticias\/wp-content\/uploads\/2025\/11\/img-20251130-wa0204281291957589744448760289-300x169.jpg 300w, https:\/\/www.enorsai.com\/noticias\/wp-content\/uploads\/2025\/11\/img-20251130-wa0204281291957589744448760289-768x432.jpg 768w, https:\/\/www.enorsai.com\/noticias\/wp-content\/uploads\/2025\/11\/img-20251130-wa0204281291957589744448760289-1536x864.jpg 1536w, https:\/\/www.enorsai.com\/noticias\/wp-content\/uploads\/2025\/11\/img-20251130-wa0204281291957589744448760289.jpg 1600w\" sizes=\"auto, (max-width: 1024px) 100vw, 1024px\" \/><\/figure>\n\n\n\n<p><strong>Ficha t\u00e9cnico art\u00edstica<\/strong><\/p>\n\n\n\n<p>Autor\u00eda: Le\u00f3nidas Lamborghini<br>Versi\u00f3n Esc\u00e9nica: Guillermo Ghio<br>Act\u00faan: Marcelo Rodriguez<br>Vestuario: Marcela Basso<br>Dise\u00f1o De Proyecci\u00f3n: Juli\u00e1n Cavero<br>Espacio esc\u00e9nico:<br>Guillermo Ghio<br>Dise\u00f1o de luces: Tamara Josefina Turczyn<br>Dise\u00f1o sonoro: Rony Keselman<br>Redes Sociales: Las Maiselman<br>Realizaci\u00f3n de pelucas: Soraya Ceccherelli<br>Realizaci\u00f3n de video: Ignacio Verguilla<br>M\u00fasica original: Rony Keselman<br>Fotograf\u00eda: Ignacio Verguilla<br>Dise\u00f1o gr\u00e1fico: Nahuel Lamoglia<br>Asesoramiento art\u00edstico: Pheon\u00eda Veloz<br>Asistencia de direcci\u00f3n: Iranda Acosta Toloza<br>Producci\u00f3n ejecutiva: Gisella Sirera<br>Direcci\u00f3n general: Guillermo Ghio<\/p>\n","protected":false},"excerpt":{"rendered":"<p>\ud83c\udfad La obra teatral \u00abPer\u00f3n en Caracas\u00bb de Le\u00f3nidas Lamborghini es una profunda e incisiva invitaci\u00f3n a la reflexi\u00f3n hist\u00f3rica y pol\u00edtica de Argentina y Latinoam\u00e9rica. Apoyada por Proteatro de la Ciudad Aut\u00f3noma de Buenos Aires, esta puesta en escena utiliza una combinaci\u00f3n de actuaci\u00f3n y cine documental para cuestionar y cuestionarnos como sociedad. El&#8230;<\/p>\n","protected":false},"author":15,"featured_media":0,"comment_status":"open","ping_status":"open","sticky":false,"template":"","format":"standard","meta":{"_monsterinsights_skip_tracking":false,"_monsterinsights_sitenote_active":false,"_monsterinsights_sitenote_note":"","_monsterinsights_sitenote_category":0,"footnotes":"","jetpack_publicize_message":"","jetpack_publicize_feature_enabled":true,"jetpack_social_post_already_shared":true,"jetpack_social_options":{"image_generator_settings":{"template":"highway","default_image_id":0,"font":"","enabled":false},"version":2}},"categories":[5,2,1585],"tags":[3434,3541,663,363,72,907],"class_list":["post-11495","post","type-post","status-publish","format-standard","hentry","category-cultura","category-politica","category-cultura-teatro","tag-batalla-cultural","tag-batalla-cultural-argentina","tag-cultura","tag-peronismo","tag-politica","tag-teatro"],"jetpack_publicize_connections":[],"_links":{"self":[{"href":"https:\/\/www.enorsai.com\/noticias\/wp-json\/wp\/v2\/posts\/11495","targetHints":{"allow":["GET"]}}],"collection":[{"href":"https:\/\/www.enorsai.com\/noticias\/wp-json\/wp\/v2\/posts"}],"about":[{"href":"https:\/\/www.enorsai.com\/noticias\/wp-json\/wp\/v2\/types\/post"}],"author":[{"embeddable":true,"href":"https:\/\/www.enorsai.com\/noticias\/wp-json\/wp\/v2\/users\/15"}],"replies":[{"embeddable":true,"href":"https:\/\/www.enorsai.com\/noticias\/wp-json\/wp\/v2\/comments?post=11495"}],"version-history":[{"count":0,"href":"https:\/\/www.enorsai.com\/noticias\/wp-json\/wp\/v2\/posts\/11495\/revisions"}],"wp:attachment":[{"href":"https:\/\/www.enorsai.com\/noticias\/wp-json\/wp\/v2\/media?parent=11495"}],"wp:term":[{"taxonomy":"category","embeddable":true,"href":"https:\/\/www.enorsai.com\/noticias\/wp-json\/wp\/v2\/categories?post=11495"},{"taxonomy":"post_tag","embeddable":true,"href":"https:\/\/www.enorsai.com\/noticias\/wp-json\/wp\/v2\/tags?post=11495"}],"curies":[{"name":"wp","href":"https:\/\/api.w.org\/{rel}","templated":true}]}}