{"id":11460,"date":"2025-11-29T23:33:00","date_gmt":"2025-11-30T02:33:00","guid":{"rendered":"https:\/\/www.enorsai.com\/noticias\/?p=11460"},"modified":"2025-11-29T23:49:16","modified_gmt":"2025-11-30T02:49:16","slug":"jorge-macri-pierde-el-control-y-deja-expuesta-su-incomodidad-ante-los-reclamos-de-los-vecinos","status":"publish","type":"post","link":"https:\/\/www.enorsai.com\/noticias\/politica\/jorge-macri-pierde-el-control-y-deja-expuesta-su-incomodidad-ante-los-reclamos-de-los-vecinos\/","title":{"rendered":"Jorge Macri pierde el control y deja expuesta su incomodidad ante los reclamos de los vecinos"},"content":{"rendered":"\n<p>En una escena que refleja a la perfecci\u00f3n el clima de tensi\u00f3n que atraviesa la Ciudad de Buenos Aires, Jorge Macri protagoniz\u00f3 un episodio de maltrato y destrato hacia vecinos y vecinas de Liniers durante una reuni\u00f3n barrial. <\/p>\n\n\n\n<p>El posteo del Profe Javier Romero encendi\u00f3 las alarmas: \u201cEl jefe de gobierno Jorge Macri maltratando a los vecinos de Liniers en una reuni\u00f3n donde no le gust\u00f3 que le digan la verdad. \u00bfAndaba nervioso? Maltrat\u00f3 a todos los vecinos, neg\u00f3 la inseguridad, bolude\u00f3 a todas las mujeres, solo demostr\u00f3 ser un violento\u201d, escribi\u00f3 el comunicador, anticipando incluso que no sorprender\u00eda una futura denuncia.<\/p>\n\n\n\n<figure class=\"wp-block-embed is-type-rich is-provider-twitter wp-block-embed-twitter\"><div class=\"wp-block-embed__wrapper\">\n<blockquote class=\"twitter-tweet\" data-width=\"550\" data-dnt=\"true\"><p lang=\"es\" dir=\"ltr\">El jefe de gobierno Jorge Macri maltratando a los vecinos de Liniers en una reuni\u00f3n donde no le gust\u00f3 que le digan la verdad. Andaba nervioso?<br>Maltrat\u00f3 a todos los vecinos, neg\u00f3 la inseguridad, bolude\u00f3 a todas las mujeres, solo demostr\u00f3 ser un violento, que no nos sorprenda una\u2026 <a href=\"https:\/\/t.co\/sAytQgbnYQ\">pic.twitter.com\/sAytQgbnYQ<\/a><\/p>&mdash; El Profe Romero (@romerodiario) <a href=\"https:\/\/twitter.com\/romerodiario\/status\/1994952621707100630?ref_src=twsrc%5Etfw\">November 30, 2025<\/a><\/blockquote><script async src=\"https:\/\/platform.twitter.com\/widgets.js\" charset=\"utf-8\"><\/script>\n<\/div><\/figure>\n\n\n\n<p><br><br>La escena, seg\u00fan coinciden asistentes y testimonios en redes, expuso a un jefe de Gobierno visiblemente inc\u00f3modo ante los planteos por la creciente inseguridad en la zona. En lugar de escuchar, Macri eligi\u00f3 el camino de la negaci\u00f3n, desestimando cada reclamo y reaccionando con gestos y palabras que varios describen como soberbios y agresivos. El episodio dej\u00f3 al descubierto la fragilidad de un mandatario que parece no tolerar que le expongan la realidad que viven los porte\u00f1os fuera de la burbuja del marketing oficial.<br><br>Mientras los vecinos buscaban respuestas concretas, Macri, lejos de transmitir calma o empat\u00eda, cay\u00f3 en el maltrato directo, con especial violencia simb\u00f3lica hacia las mujeres presentes. El deterioro del v\u00ednculo entre la gesti\u00f3n porte\u00f1a y los barrios m\u00e1s castigados por el avance del delito no es nuevo, pero el episodio de Liniers muestra un salto cualitativo: la autoridad pol\u00edtica que deber\u00eda garantizar seguridad y contenci\u00f3n se muestra alterada, defensiva y hostil.<br><br>En tiempos en los que la inseguridad golpea con crudeza a la Ciudad y la confianza en las instituciones se erosiona, el comportamiento de Jorge Macri no s\u00f3lo preocupa, sino que proyecta un mensaje peligroso. Si el jefe de Gobierno reacciona con violencia ante una reuni\u00f3n vecinal, \u00bfqu\u00e9 se puede esperar cuando los cuestionamientos crezcan? El episodio de Liniers es un s\u00edntoma claro de una gesti\u00f3n que, lejos de asumir responsabilidades, prefiere atacar a quienes se animan a decirle la verdad.<\/p>\n","protected":false},"excerpt":{"rendered":"<p>En una escena que refleja a la perfecci\u00f3n el clima de tensi\u00f3n que atraviesa la Ciudad de Buenos Aires, Jorge Macri protagoniz\u00f3 un episodio de maltrato y destrato hacia vecinos y vecinas de Liniers durante una reuni\u00f3n barrial. El posteo del Profe Javier Romero encendi\u00f3 las alarmas: \u201cEl jefe de gobierno Jorge Macri maltratando a&#8230;<\/p>\n","protected":false},"author":12,"featured_media":11459,"comment_status":"open","ping_status":"open","sticky":false,"template":"","format":"standard","meta":{"_monsterinsights_skip_tracking":false,"_monsterinsights_sitenote_active":false,"_monsterinsights_sitenote_note":"","_monsterinsights_sitenote_category":0,"footnotes":"","jetpack_publicize_message":"","jetpack_publicize_feature_enabled":true,"jetpack_social_post_already_shared":true,"jetpack_social_options":{"image_generator_settings":{"template":"highway","default_image_id":0,"font":"","enabled":false},"version":2}},"categories":[2],"tags":[],"class_list":["post-11460","post","type-post","status-publish","format-standard","has-post-thumbnail","hentry","category-politica"],"jetpack_publicize_connections":[],"_links":{"self":[{"href":"https:\/\/www.enorsai.com\/noticias\/wp-json\/wp\/v2\/posts\/11460","targetHints":{"allow":["GET"]}}],"collection":[{"href":"https:\/\/www.enorsai.com\/noticias\/wp-json\/wp\/v2\/posts"}],"about":[{"href":"https:\/\/www.enorsai.com\/noticias\/wp-json\/wp\/v2\/types\/post"}],"author":[{"embeddable":true,"href":"https:\/\/www.enorsai.com\/noticias\/wp-json\/wp\/v2\/users\/12"}],"replies":[{"embeddable":true,"href":"https:\/\/www.enorsai.com\/noticias\/wp-json\/wp\/v2\/comments?post=11460"}],"version-history":[{"count":1,"href":"https:\/\/www.enorsai.com\/noticias\/wp-json\/wp\/v2\/posts\/11460\/revisions"}],"predecessor-version":[{"id":11461,"href":"https:\/\/www.enorsai.com\/noticias\/wp-json\/wp\/v2\/posts\/11460\/revisions\/11461"}],"wp:featuredmedia":[{"embeddable":true,"href":"https:\/\/www.enorsai.com\/noticias\/wp-json\/wp\/v2\/media\/11459"}],"wp:attachment":[{"href":"https:\/\/www.enorsai.com\/noticias\/wp-json\/wp\/v2\/media?parent=11460"}],"wp:term":[{"taxonomy":"category","embeddable":true,"href":"https:\/\/www.enorsai.com\/noticias\/wp-json\/wp\/v2\/categories?post=11460"},{"taxonomy":"post_tag","embeddable":true,"href":"https:\/\/www.enorsai.com\/noticias\/wp-json\/wp\/v2\/tags?post=11460"}],"curies":[{"name":"wp","href":"https:\/\/api.w.org\/{rel}","templated":true}]}}