{"id":11443,"date":"2025-11-29T20:13:06","date_gmt":"2025-11-29T23:13:06","guid":{"rendered":"https:\/\/www.enorsai.com\/noticias\/?p=11443"},"modified":"2025-11-29T20:13:11","modified_gmt":"2025-11-29T23:13:11","slug":"la-corte-suprema-avala-el-espionaje-ilegal-y-le-entrega-otro-favor-a-patricia-bullrich","status":"publish","type":"post","link":"https:\/\/www.enorsai.com\/noticias\/politica\/la-corte-suprema-avala-el-espionaje-ilegal-y-le-entrega-otro-favor-a-patricia-bullrich\/","title":{"rendered":"La corte Suprema avala el espionaje ilegal y le entrega otro favor a Patricia Bullrich"},"content":{"rendered":"\n<p>La Corte Suprema de Justicia cerr\u00f3 de un portazo la causa que investigaba el espionaje ilegal cometido mientras <strong>Santiago Maldonado estaba desaparecido<\/strong>, una denuncia impulsada por <strong>Myriam Bregman<\/strong> (PTS\u2013Frente de Izquierda), abogada de derechos humanos y defensora de las libertades democr\u00e1ticas. El m\u00e1ximo tribunal recurri\u00f3 nuevamente al controvertido <strong>art\u00edculo 280 del C\u00f3digo Procesal Civil y Comercial<\/strong>, una herramienta que le permite desechar recursos sin explicaciones y que, en los hechos, opera como un mecanismo de impunidad expr\u00e9s.<\/p>\n\n\n\n<p>Seg\u00fan denunci\u00f3 Bregman, el fallo constituye una aut\u00e9ntica <strong>\u201cofrenda a Patricia Bullrich\u201d<\/strong>, quien en aquel momento comandaba el Ministerio de Seguridad y estuvo al frente del operativo represivo en la Patagonia. La Corte no solo se desentiende de la investigaci\u00f3n, sino que <strong>avala de hecho las maniobras ilegales que se desplegaron sobre familiares, organismos de derechos humanos y comunidades originarias<\/strong> durante los d\u00edas en que Maldonado estaba desaparecido.<\/p>\n\n\n\n<p>La decisi\u00f3n se inscribe en una secuencia inquietante: hace apenas unos d\u00edas, el mismo tribunal hab\u00eda cerrado la causa por espionaje sobre los <strong>familiares del ARA San Juan<\/strong>, beneficiando nuevamente a Bullrich y a su estructura de inteligencia clandestina.<\/p>\n\n\n\n<p>El mensaje pol\u00edtico es claro y alarmante: <strong>el espionaje estatal en contextos de violaciones grav\u00edsimas de derechos humanos queda convalidado<\/strong>. La Corte elige mirar hacia otro lado, desentenderse y dejar sin justicia a quienes fueron v\u00edctimas del aparato de inteligencia ilegal del Estado. Un nuevo cap\u00edtulo en la construcci\u00f3n de impunidad para los responsables de pr\u00e1cticas que deber\u00edan ser impensables en democracia.<\/p>\n\n\n\n<figure class=\"wp-block-embed is-type-rich is-provider-twitter wp-block-embed-twitter\"><div class=\"wp-block-embed__wrapper\">\n<blockquote class=\"twitter-tweet\" data-width=\"550\" data-dnt=\"true\"><p lang=\"es\" dir=\"ltr\">LA CORTE SUPREMA AVALA EL ESPIONAJE ILEGAL<br><br>Lo hace en la causa en la que denunciamos el espionaje que se llev\u00f3 adelante mientras Santiago Maldonado estaba desaparecido.<br><br>La Corte Suprema, haciendo uso abusivo del art. 280, se saca la causa de encima. Le hace una ofrenda a\u2026 <a href=\"https:\/\/t.co\/g8hHvspNE2\">pic.twitter.com\/g8hHvspNE2<\/a><\/p>&mdash; Myriam Bregman (@myriambregman) <a href=\"https:\/\/twitter.com\/myriambregman\/status\/1994211369839673844?ref_src=twsrc%5Etfw\">November 28, 2025<\/a><\/blockquote><script async src=\"https:\/\/platform.twitter.com\/widgets.js\" charset=\"utf-8\"><\/script>\n<\/div><\/figure>\n","protected":false},"excerpt":{"rendered":"<p>La Corte Suprema de Justicia cerr\u00f3 de un portazo la causa que investigaba el espionaje ilegal cometido mientras Santiago Maldonado estaba desaparecido, una denuncia impulsada por Myriam Bregman (PTS\u2013Frente de Izquierda), abogada de derechos humanos y defensora de las libertades democr\u00e1ticas. El m\u00e1ximo tribunal recurri\u00f3 nuevamente al controvertido art\u00edculo 280 del C\u00f3digo Procesal Civil y&#8230;<\/p>\n","protected":false},"author":13,"featured_media":11444,"comment_status":"open","ping_status":"open","sticky":false,"template":"","format":"standard","meta":{"_monsterinsights_skip_tracking":false,"_monsterinsights_sitenote_active":false,"_monsterinsights_sitenote_note":"","_monsterinsights_sitenote_category":0,"footnotes":"","jetpack_publicize_message":"","jetpack_publicize_feature_enabled":true,"jetpack_social_post_already_shared":true,"jetpack_social_options":{"image_generator_settings":{"template":"highway","default_image_id":0,"font":"","enabled":false},"version":2}},"categories":[2],"tags":[745,431],"class_list":["post-11443","post","type-post","status-publish","format-standard","has-post-thumbnail","hentry","category-politica","tag-corte-suprema","tag-patricia-bullrich"],"jetpack_publicize_connections":[],"_links":{"self":[{"href":"https:\/\/www.enorsai.com\/noticias\/wp-json\/wp\/v2\/posts\/11443","targetHints":{"allow":["GET"]}}],"collection":[{"href":"https:\/\/www.enorsai.com\/noticias\/wp-json\/wp\/v2\/posts"}],"about":[{"href":"https:\/\/www.enorsai.com\/noticias\/wp-json\/wp\/v2\/types\/post"}],"author":[{"embeddable":true,"href":"https:\/\/www.enorsai.com\/noticias\/wp-json\/wp\/v2\/users\/13"}],"replies":[{"embeddable":true,"href":"https:\/\/www.enorsai.com\/noticias\/wp-json\/wp\/v2\/comments?post=11443"}],"version-history":[{"count":1,"href":"https:\/\/www.enorsai.com\/noticias\/wp-json\/wp\/v2\/posts\/11443\/revisions"}],"predecessor-version":[{"id":11445,"href":"https:\/\/www.enorsai.com\/noticias\/wp-json\/wp\/v2\/posts\/11443\/revisions\/11445"}],"wp:featuredmedia":[{"embeddable":true,"href":"https:\/\/www.enorsai.com\/noticias\/wp-json\/wp\/v2\/media\/11444"}],"wp:attachment":[{"href":"https:\/\/www.enorsai.com\/noticias\/wp-json\/wp\/v2\/media?parent=11443"}],"wp:term":[{"taxonomy":"category","embeddable":true,"href":"https:\/\/www.enorsai.com\/noticias\/wp-json\/wp\/v2\/categories?post=11443"},{"taxonomy":"post_tag","embeddable":true,"href":"https:\/\/www.enorsai.com\/noticias\/wp-json\/wp\/v2\/tags?post=11443"}],"curies":[{"name":"wp","href":"https:\/\/api.w.org\/{rel}","templated":true}]}}