{"id":11430,"date":"2025-11-29T09:23:58","date_gmt":"2025-11-29T12:23:58","guid":{"rendered":"https:\/\/www.enorsai.com\/noticias\/?p=11430"},"modified":"2025-11-29T09:24:03","modified_gmt":"2025-11-29T12:24:03","slug":"seis-veces-mas-despidos-en-el-sector-privado-y-un-salario-minimo-en-caida-libre-el-fracasado-experimento-de-milei-caputo","status":"publish","type":"post","link":"https:\/\/www.enorsai.com\/noticias\/economia\/seis-veces-mas-despidos-en-el-sector-privado-y-un-salario-minimo-en-caida-libre-el-fracasado-experimento-de-milei-caputo\/","title":{"rendered":"Seis veces m\u00e1s despidos en el sector privado y un salario m\u00ednimo en ca\u00edda libre: el fracasado experimento de Milei-Caputo"},"content":{"rendered":"\n<p>La postal econ\u00f3mica de la Argentina bajo el gobierno de Javier Milei vuelve a acomodarse sobre una l\u00ednea que ya dej\u00f3 de sorprender pero no de alarmar: ca\u00edda del empleo formal, destrucci\u00f3n acelerada de puestos en el sector privado y un salario m\u00ednimo que perfora incluso el umbral hist\u00f3rico de la crisis del 2001. Esta vez, el diagn\u00f3stico no proviene de consultoras opositoras ni de proyecciones sindicales, sino de un nuevo estudio del Instituto Interdisciplinario de Econom\u00eda Pol\u00edtica (IIEP) de la UBA, que confirma que el ajuste libertario golpea con una intensidad extraordinaria a las empresas, mientras el Estado, pese a su ret\u00f3rica de \u201cmotosierra\u201d, se contrae a un ritmo mucho menor.<\/p>\n\n\n\n<p>Seg\u00fan el relevamiento al que accedi\u00f3 Noticias Argentinas, desde mayo el empleo asalariado formal no dej\u00f3 de caer. Los datos de agosto exponen con crudeza la magnitud del deterioro: se perdieron 13.100 puestos de trabajo registrados en total, de los cuales 10.600 corresponden al sector privado y apenas 1.700 al sector p\u00fablico. Dicho de otro modo: por cada puesto estatal perdido, el mercado laboral privado destruy\u00f3 seis. Lejos de la promesa de dinamizaci\u00f3n econ\u00f3mica, la contracci\u00f3n del empleo en las empresas dibuja una econom\u00eda paralizada, donde ni siquiera los nichos tradicionales de absorci\u00f3n laboral logran sostenerse. Solo el empleo en casas particulares permanece estable, un dato que habla m\u00e1s de la precariedad estructural que de un logro del modelo.<\/p>\n\n\n\n<p>Mientras el mercado laboral se achica, el derrumbe del salario m\u00ednimo vital y m\u00f3vil (SMVM) coloca a la Argentina en un retroceso hist\u00f3rico pocas veces visto. El informe del IIEP detalla que entre noviembre de 2023 y octubre de 2025 el SMVM perdi\u00f3 un <strong>35% de su poder adquisitivo real<\/strong>, una ca\u00edda que lo sit\u00faa por debajo del nivel del a\u00f1o 2001, en la antesala del colapso de la convertibilidad. El salario m\u00ednimo real actual equivale a apenas el <strong>36% del valor m\u00e1ximo alcanzado en septiembre de 2011<\/strong>, es decir, un desplome del 64% respecto de su pico hist\u00f3rico.<\/p>\n\n\n\n<p>La erosi\u00f3n, lejos de desacelerar, se intensific\u00f3 en los \u00faltimos meses: julio y agosto mostraron ca\u00eddas del 0,5%, septiembre cay\u00f3 2% y octubre profundiz\u00f3 la tendencia con un derrumbe del 2,3%. El patr\u00f3n es inequ\u00edvoco: el ajuste sobre los ingresos se volvi\u00f3 la regla estructural de la pol\u00edtica econ\u00f3mica libertaria desde la aceleraci\u00f3n inflacionaria iniciada a fines de 2023.<\/p>\n\n\n\n<p>El doble deterioro \u2014empleo formal privado y salario m\u00ednimo\u2014 compone una escena que desmiente de manera directa los relatos triunfalistas que circulan desde el oficialismo. Si el sector privado deb\u00eda ser el motor de la recuperaci\u00f3n, hoy aparece como la primera v\u00edctima del experimento. Si el salario m\u00ednimo deb\u00eda \u201cacomodarse\u201d para dar se\u00f1ales al mercado, hoy se encuentra en su m\u00ednima expresi\u00f3n en casi un cuarto de siglo. Y si la motosierra promet\u00eda achicar al Estado, los n\u00fameros demuestran que quien est\u00e1 pagando el costo m\u00e1s alto no es la administraci\u00f3n p\u00fablica sino la estructura productiva y los trabajadores formales.<\/p>\n\n\n\n<p>La econom\u00eda real, esa que se mide en recibos de sueldo, changas que no alcanzan, persianas que bajan y bolsillos exhaustos, sigue devolviendo la misma sentencia: el ajuste libertario est\u00e1 destruyendo capacidades, pulverizando ingresos y empujando al pa\u00eds hacia un retroceso que ya no se compara con 2018 o 2002, sino directamente con el derrumbe de 2001. La discusi\u00f3n ya no es ideol\u00f3gica; es emp\u00edrica. Y las cifras, como siempre, hablan solas.<\/p>\n\n\n\n<p>Fuente:<\/p>\n\n\n\n<p>.<a href=\"https:\/\/noticiasargentinas.com\/economia\/empleo-formal--la-caida-en-el-sector-privado-fue-seis-veces-mayor-que-el-publico_a692a09cf6e84eec671150a9e\">https:\/\/noticiasargentinas.com\/economia\/empleo-formal&#8211;la-caida-en-el-sector-privado-fue-seis-veces-mayor-que-el-publico_a692a09cf6e84eec671150a9e<\/a><\/p>\n","protected":false},"excerpt":{"rendered":"<p>La postal econ\u00f3mica de la Argentina bajo el gobierno de Javier Milei vuelve a acomodarse sobre una l\u00ednea que ya dej\u00f3 de sorprender pero no de alarmar: ca\u00edda del empleo formal, destrucci\u00f3n acelerada de puestos en el sector privado y un salario m\u00ednimo que perfora incluso el umbral hist\u00f3rico de la crisis del 2001. Esta&#8230;<\/p>\n","protected":false},"author":9,"featured_media":11431,"comment_status":"open","ping_status":"open","sticky":false,"template":"","format":"standard","meta":{"_monsterinsights_skip_tracking":false,"_monsterinsights_sitenote_active":false,"_monsterinsights_sitenote_note":"","_monsterinsights_sitenote_category":0,"footnotes":"","jetpack_publicize_message":"","jetpack_publicize_feature_enabled":true,"jetpack_social_post_already_shared":true,"jetpack_social_options":{"image_generator_settings":{"template":"highway","default_image_id":0,"font":"","enabled":false},"version":2}},"categories":[3],"tags":[4197,4196,106,4114,4198,1382],"class_list":["post-11430","post","type-post","status-publish","format-standard","has-post-thumbnail","hentry","category-economia","tag-iiep","tag-instituto-interdisciplinario-de-economia-politica","tag-javier-milei","tag-noticias-argentinas","tag-smvm","tag-uba"],"jetpack_publicize_connections":[],"_links":{"self":[{"href":"https:\/\/www.enorsai.com\/noticias\/wp-json\/wp\/v2\/posts\/11430","targetHints":{"allow":["GET"]}}],"collection":[{"href":"https:\/\/www.enorsai.com\/noticias\/wp-json\/wp\/v2\/posts"}],"about":[{"href":"https:\/\/www.enorsai.com\/noticias\/wp-json\/wp\/v2\/types\/post"}],"author":[{"embeddable":true,"href":"https:\/\/www.enorsai.com\/noticias\/wp-json\/wp\/v2\/users\/9"}],"replies":[{"embeddable":true,"href":"https:\/\/www.enorsai.com\/noticias\/wp-json\/wp\/v2\/comments?post=11430"}],"version-history":[{"count":1,"href":"https:\/\/www.enorsai.com\/noticias\/wp-json\/wp\/v2\/posts\/11430\/revisions"}],"predecessor-version":[{"id":11432,"href":"https:\/\/www.enorsai.com\/noticias\/wp-json\/wp\/v2\/posts\/11430\/revisions\/11432"}],"wp:featuredmedia":[{"embeddable":true,"href":"https:\/\/www.enorsai.com\/noticias\/wp-json\/wp\/v2\/media\/11431"}],"wp:attachment":[{"href":"https:\/\/www.enorsai.com\/noticias\/wp-json\/wp\/v2\/media?parent=11430"}],"wp:term":[{"taxonomy":"category","embeddable":true,"href":"https:\/\/www.enorsai.com\/noticias\/wp-json\/wp\/v2\/categories?post=11430"},{"taxonomy":"post_tag","embeddable":true,"href":"https:\/\/www.enorsai.com\/noticias\/wp-json\/wp\/v2\/tags?post=11430"}],"curies":[{"name":"wp","href":"https:\/\/api.w.org\/{rel}","templated":true}]}}