{"id":11422,"date":"2025-11-28T09:13:09","date_gmt":"2025-11-28T12:13:09","guid":{"rendered":"https:\/\/www.enorsai.com\/noticias\/?p=11422"},"modified":"2025-11-28T09:13:09","modified_gmt":"2025-11-28T12:13:09","slug":"estadista-javier-milei-se-arrepintio-y-no-viajara-al-sorteo-del-mundial","status":"publish","type":"post","link":"https:\/\/www.enorsai.com\/noticias\/politica\/estadista-javier-milei-se-arrepintio-y-no-viajara-al-sorteo-del-mundial\/","title":{"rendered":"Estadista: Javier Milei se arrepinti\u00f3 y no viajar\u00e1 al sorteo del Mundial"},"content":{"rendered":"\n<p><strong><em>El presidente Javier Milei cancel\u00f3 su viaje a Washington para asistir al sorteo del Mundial 2026, lo que fue confirmado por el jefe de Gabinete, Manuel Adorni. La decisi\u00f3n ocurre en medio de un creciente conflicto con la AFA y su titular, Claudio \u00abChiqui\u00bb Tapia.<\/em><\/strong><\/p>\n\n\n\n<p>El presidente Javier Milei finalmente no asistir\u00e1 al sorteo de la Copa del Mundo, evento programado para el pr\u00f3ximo viernes 5 de diciembre en Washington D.C. Esta decisi\u00f3n se produce en un contexto de escalada en el enfrentamiento con la Asociaci\u00f3n del F\u00fatbol Argentino (AFA).<\/p>\n\n\n\n<p>La noticia fue confirmada p\u00fablicamente por el jefe de Gabinete, Manuel Adorni, a trav\u00e9s de una publicaci\u00f3n en sus cuentas de redes sociales. El ministro coordinador comunic\u00f3 en X: \u201cEl Presidente de la Naci\u00f3n ha decidido no realizar el viaje previsto para presenciar sorteo del mundial de f\u00fatbol a realizarse el pr\u00f3ximo 5 de diciembre en Washington DC\u201d.<\/p>\n\n\n\n<p>La anulaci\u00f3n de la visita a este evento \u2014donde la selecci\u00f3n argentina, cabeza de serie, conocer\u00e1 a sus rivales de grupo para la fase inicial del Mundial 2026\u2014 ocurre en medio del creciente conflicto con el ente rector del f\u00fatbol argentino. Fuentes sugieren que esta medida constituye una respuesta t\u00e1cita que el mandatario ha dirigido al titular de la AFA, Claudio \u201cChiqui\u201d Tapia.<\/p>\n\n\n\n<p>Este es el gesto m\u00e1s reciente que el presidente ha tenido en contra de Tapia, luego del incidente conocido como \u00abel pasillo\u00bb que el equipo de Estudiantes de La Plata realiz\u00f3 para recibir a Rosario Central, declarado ganador de la Liga Argentina la semana pasada.<\/p>\n\n\n\n<p>En d\u00edas recientes, Milei ha estado utilizando sus redes sociales para respaldar al club Pincha, que mantiene una disputa abierta entre Tapia y Juan Sebasti\u00e1n Ver\u00f3n, presidente de la instituci\u00f3n platense. El mandatario escribi\u00f3 en su cuenta de X, junto a una camiseta albirroja: \u00abHonor a la Escuela de Don Osvaldo\u201d.<\/p>\n\n\n\n<p>Con esta frase, hizo una clara referencia a Osvaldo Zubeld\u00eda, el DT hist\u00f3rico del conjunto pincharata que logr\u00f3 la triple corona de Copa Libertadores y la memorable Copa Intercontinental de 1968 contra el Manchester United. Es un detalle significativo que ese equipo multicampe\u00f3n contaba en sus filas con Carlos Bilardo \u2014uno de los \u00eddolos del jefe de Estado, quien se define constantemente como \u201cbilardista\u201d\u2014, y con Juan Ram\u00f3n Ver\u00f3n, padre de \u00abLa Brujita\u00bb.<\/p>\n\n\n\n<p>De hecho, la noticia de la cancelaci\u00f3n de su viaje fue seguida por otra publicaci\u00f3n del Presidente, quien volvi\u00f3 a compartir una imagen de Zubeld\u00eda y Bilardo en sus redes.<\/p>\n\n\n\n<p>Precisamente hoy se hicieron p\u00fablicas las sanciones impuestas por el Tribunal de Disciplina de la AFA a jugadores y directivos del club de La Plata. Lo m\u00e1s sorprendente fue la suspensi\u00f3n de Juan Sebasti\u00e1n Ver\u00f3n por seis meses de \u201ctoda actividad relacionada con el f\u00fatbol\u201d.<\/p>\n\n\n\n<p>Por Data Diario<\/p>\n","protected":false},"excerpt":{"rendered":"<p>El presidente Javier Milei cancel\u00f3 su viaje a Washington para asistir al sorteo del Mundial 2026, lo que fue confirmado por el jefe de Gabinete, Manuel Adorni. La decisi\u00f3n ocurre en medio de un creciente conflicto con la AFA y su titular, Claudio \u00abChiqui\u00bb Tapia. El presidente Javier Milei finalmente no asistir\u00e1 al sorteo de&#8230;<\/p>\n","protected":false},"author":5,"featured_media":7990,"comment_status":"open","ping_status":"open","sticky":false,"template":"","format":"standard","meta":{"_monsterinsights_skip_tracking":false,"_monsterinsights_sitenote_active":false,"_monsterinsights_sitenote_note":"","_monsterinsights_sitenote_category":0,"footnotes":"","jetpack_publicize_message":"","jetpack_publicize_feature_enabled":true,"jetpack_social_post_already_shared":true,"jetpack_social_options":{"image_generator_settings":{"template":"highway","default_image_id":0,"font":"","enabled":false},"version":2}},"categories":[2],"tags":[43,45,4195],"class_list":["post-11422","post","type-post","status-publish","format-standard","has-post-thumbnail","hentry","category-politica","tag-crisis","tag-milei","tag-mundial"],"jetpack_publicize_connections":[],"_links":{"self":[{"href":"https:\/\/www.enorsai.com\/noticias\/wp-json\/wp\/v2\/posts\/11422","targetHints":{"allow":["GET"]}}],"collection":[{"href":"https:\/\/www.enorsai.com\/noticias\/wp-json\/wp\/v2\/posts"}],"about":[{"href":"https:\/\/www.enorsai.com\/noticias\/wp-json\/wp\/v2\/types\/post"}],"author":[{"embeddable":true,"href":"https:\/\/www.enorsai.com\/noticias\/wp-json\/wp\/v2\/users\/5"}],"replies":[{"embeddable":true,"href":"https:\/\/www.enorsai.com\/noticias\/wp-json\/wp\/v2\/comments?post=11422"}],"version-history":[{"count":1,"href":"https:\/\/www.enorsai.com\/noticias\/wp-json\/wp\/v2\/posts\/11422\/revisions"}],"predecessor-version":[{"id":11423,"href":"https:\/\/www.enorsai.com\/noticias\/wp-json\/wp\/v2\/posts\/11422\/revisions\/11423"}],"wp:featuredmedia":[{"embeddable":true,"href":"https:\/\/www.enorsai.com\/noticias\/wp-json\/wp\/v2\/media\/7990"}],"wp:attachment":[{"href":"https:\/\/www.enorsai.com\/noticias\/wp-json\/wp\/v2\/media?parent=11422"}],"wp:term":[{"taxonomy":"category","embeddable":true,"href":"https:\/\/www.enorsai.com\/noticias\/wp-json\/wp\/v2\/categories?post=11422"},{"taxonomy":"post_tag","embeddable":true,"href":"https:\/\/www.enorsai.com\/noticias\/wp-json\/wp\/v2\/tags?post=11422"}],"curies":[{"name":"wp","href":"https:\/\/api.w.org\/{rel}","templated":true}]}}