{"id":11410,"date":"2025-11-27T12:05:09","date_gmt":"2025-11-27T15:05:09","guid":{"rendered":"https:\/\/www.enorsai.com\/noticias\/?p=11410"},"modified":"2025-11-27T12:09:39","modified_gmt":"2025-11-27T15:09:39","slug":"siete-muertes-por-tos-convulsa-el-brote-que-crece-mientras-cae-la-vacunacion","status":"publish","type":"post","link":"https:\/\/www.enorsai.com\/noticias\/sociedad\/siete-muertes-por-tos-convulsa-el-brote-que-crece-mientras-cae-la-vacunacion\/","title":{"rendered":"Siete muertes por tos convulsa: el brote que crece mientras cae la vacunaci\u00f3n"},"content":{"rendered":"\n<p>La actualizaci\u00f3n de la cuenta especializada <em>Coronavirus Argentina<\/em> volvi\u00f3 a encender las alarmas sanitarias: ya son <strong>7 los ni\u00f1os fallecidos por tos convulsa (coqueluche)<\/strong> en el pa\u00eds. Las cifras son estremecedoras no solo por el n\u00famero, sino por lo que revelan:<br><strong>ninguna de las v\u00edctimas ten\u00eda antecedente de vacunaci\u00f3n<\/strong>, ni por edad ni por falta de vacunaci\u00f3n materna durante el embarazo.<\/p>\n\n\n\n<p>Los datos desglosados muestran el impacto directo sobre los m\u00e1s vulnerables:<br><strong>4 beb\u00e9s menores de 6 meses<\/strong>,<br><strong>1 ni\u00f1o entre 6 y 11 meses<\/strong>,<br><strong>2 entre 12 y 23 meses<\/strong>.<br>En todos los casos, la ausencia de inmunizaci\u00f3n dej\u00f3 a los chicos completamente expuestos a una enfermedad que la ciencia controla desde hace d\u00e9cadas.<\/p>\n\n\n\n<p>La periodista cient\u00edfica <strong>Nora B\u00e4r<\/strong> reforz\u00f3 el diagn\u00f3stico con una advertencia tan simple como contundente:<\/p>\n\n\n\n<blockquote class=\"wp-block-quote is-layout-flow wp-block-quote-is-layout-flow\">\n<p>\u201cYa murieron SIETE chicos por tos convulsa, una enfermedad <strong>prevenible por vacunaci\u00f3n<\/strong>\u201d.<\/p>\n<\/blockquote>\n\n\n\n<p>En un pa\u00eds donde los especialistas vienen alertando sobre la ca\u00edda hist\u00f3rica en las coberturas de vacunas obligatorias, cada muerte es una se\u00f1al urgente. La tos convulsa no es una fatalidad inevitable: es el resultado directo de <strong>un retroceso en pol\u00edticas p\u00fablicas de prevenci\u00f3n, campa\u00f1as de vacunaci\u00f3n discontinuadas y un Estado que hoy se corre del rol activo en salud<\/strong>.<\/p>\n\n\n\n<p>Mientras las autoridades siguen sin desplegar una estrategia clara para revertir el desplome de la vacunaci\u00f3n infantil, el brote avanza. La ciencia es tajante: <strong>la \u00fanica barrera efectiva es la vacuna<\/strong>. Y hoy, esa barrera est\u00e1 rota.<\/p>\n\n\n\n<figure class=\"wp-block-embed is-type-rich is-provider-twitter wp-block-embed-twitter\"><div class=\"wp-block-embed__wrapper\">\n<blockquote class=\"twitter-tweet\" data-width=\"550\" data-dnt=\"true\"><p lang=\"es\" dir=\"ltr\">Ya murieron SIETE chicos por tos convulsa \ud83d\udc47una enfermedad prevenible por vacunaci\u00f3n \ud83d\udc47 <a href=\"https:\/\/t.co\/Qp66D3dRES\">https:\/\/t.co\/Qp66D3dRES<\/a><\/p>&mdash; Nora B\u00e4r (@norabar) <a href=\"https:\/\/twitter.com\/norabar\/status\/1993676335101931818?ref_src=twsrc%5Etfw\">November 26, 2025<\/a><\/blockquote><script async src=\"https:\/\/platform.twitter.com\/widgets.js\" charset=\"utf-8\"><\/script>\n<\/div><\/figure>\n","protected":false},"excerpt":{"rendered":"<p>La actualizaci\u00f3n de la cuenta especializada Coronavirus Argentina volvi\u00f3 a encender las alarmas sanitarias: ya son 7 los ni\u00f1os fallecidos por tos convulsa (coqueluche) en el pa\u00eds. Las cifras son estremecedoras no solo por el n\u00famero, sino por lo que revelan:ninguna de las v\u00edctimas ten\u00eda antecedente de vacunaci\u00f3n, ni por edad ni por falta de&#8230;<\/p>\n","protected":false},"author":5,"featured_media":11411,"comment_status":"open","ping_status":"open","sticky":false,"template":"","format":"standard","meta":{"_monsterinsights_skip_tracking":false,"_monsterinsights_sitenote_active":false,"_monsterinsights_sitenote_note":"","_monsterinsights_sitenote_category":0,"footnotes":"","jetpack_publicize_message":"","jetpack_publicize_feature_enabled":true,"jetpack_social_post_already_shared":true,"jetpack_social_options":{"image_generator_settings":{"template":"highway","default_image_id":0,"font":"","enabled":false},"version":2}},"categories":[3948,4],"tags":[],"class_list":["post-11410","post","type-post","status-publish","format-standard","has-post-thumbnail","hentry","category-salud","category-sociedad"],"jetpack_publicize_connections":[],"_links":{"self":[{"href":"https:\/\/www.enorsai.com\/noticias\/wp-json\/wp\/v2\/posts\/11410","targetHints":{"allow":["GET"]}}],"collection":[{"href":"https:\/\/www.enorsai.com\/noticias\/wp-json\/wp\/v2\/posts"}],"about":[{"href":"https:\/\/www.enorsai.com\/noticias\/wp-json\/wp\/v2\/types\/post"}],"author":[{"embeddable":true,"href":"https:\/\/www.enorsai.com\/noticias\/wp-json\/wp\/v2\/users\/5"}],"replies":[{"embeddable":true,"href":"https:\/\/www.enorsai.com\/noticias\/wp-json\/wp\/v2\/comments?post=11410"}],"version-history":[{"count":1,"href":"https:\/\/www.enorsai.com\/noticias\/wp-json\/wp\/v2\/posts\/11410\/revisions"}],"predecessor-version":[{"id":11412,"href":"https:\/\/www.enorsai.com\/noticias\/wp-json\/wp\/v2\/posts\/11410\/revisions\/11412"}],"wp:featuredmedia":[{"embeddable":true,"href":"https:\/\/www.enorsai.com\/noticias\/wp-json\/wp\/v2\/media\/11411"}],"wp:attachment":[{"href":"https:\/\/www.enorsai.com\/noticias\/wp-json\/wp\/v2\/media?parent=11410"}],"wp:term":[{"taxonomy":"category","embeddable":true,"href":"https:\/\/www.enorsai.com\/noticias\/wp-json\/wp\/v2\/categories?post=11410"},{"taxonomy":"post_tag","embeddable":true,"href":"https:\/\/www.enorsai.com\/noticias\/wp-json\/wp\/v2\/tags?post=11410"}],"curies":[{"name":"wp","href":"https:\/\/api.w.org\/{rel}","templated":true}]}}