{"id":11404,"date":"2025-11-27T11:02:43","date_gmt":"2025-11-27T14:02:43","guid":{"rendered":"https:\/\/www.enorsai.com\/noticias\/?p=11404"},"modified":"2025-11-27T11:02:49","modified_gmt":"2025-11-27T14:02:49","slug":"el-hospital-eva-peron-de-san-martin-incorporo-un-nuevo-tomografo-y-duplico-su-capacidad-de-atencion","status":"publish","type":"post","link":"https:\/\/www.enorsai.com\/noticias\/politica\/el-hospital-eva-peron-de-san-martin-incorporo-un-nuevo-tomografo-y-duplico-su-capacidad-de-atencion\/","title":{"rendered":"El Hospital Eva Per\u00f3n de San Mart\u00edn incorpor\u00f3 un nuevo tom\u00f3grafo y duplic\u00f3 su capacidad de atenci\u00f3n"},"content":{"rendered":"\n<p>El ministro de Salud bonaerense, Nicol\u00e1s Kreplak, anunci\u00f3 este mi\u00e9rcoles la incorporaci\u00f3n de un nuevo tom\u00f3grafo en el Hospital Eva Per\u00f3n, ubicado en el municipio de San Mart\u00edn. La medida forma parte del plan provincial para fortalecer la Red de Im\u00e1genes y mejorar la capacidad diagn\u00f3stica en los centros de salud p\u00fablicos.<\/p>\n\n\n\n<p>Seg\u00fan explic\u00f3 Kreplak en un posteo en X, la adquisici\u00f3n es una <strong>\u201cincorporaci\u00f3n estrat\u00e9gica\u201d<\/strong>, ya que el hospital pasa a contar con <strong>dos tom\u00f3grafos<\/strong>, lo que permitir\u00e1 <strong>diferenciar la demanda urgente de la programada<\/strong>, <strong>duplicar la capacidad de estudios<\/strong> y <strong>reducir de manera significativa los tiempos de espera<\/strong> para pacientes que requieren diagn\u00f3sticos por im\u00e1genes.<\/p>\n\n\n\n<p>La instalaci\u00f3n del nuevo equipo se enmarca en la pol\u00edtica provincial de modernizaci\u00f3n tecnol\u00f3gica en hospitales, con el objetivo de mejorar la eficacia, la precisi\u00f3n de los estudios y la calidad de atenci\u00f3n en el sistema de salud bonaerense.<\/p>\n\n\n\n<figure class=\"wp-block-embed is-type-rich is-provider-twitter wp-block-embed-twitter\"><div class=\"wp-block-embed__wrapper\">\n<blockquote class=\"twitter-tweet\" data-width=\"550\" data-dnt=\"true\"><p lang=\"es\" dir=\"ltr\">\u00a1Seguimos sumando tecnolog\u00eda a la Red de Im\u00e1genes en los Hospitales! \u26a1<br><br>\ud83c\udfe5 Hoy en el Eva Per\u00f3n del municipio de <a href=\"https:\/\/twitter.com\/hashtag\/SanMart%C3%ADn?src=hash&amp;ref_src=twsrc%5Etfw\">#SanMart\u00edn<\/a> inauguramos un nuevo tom\u00f3grafo para garantizar m\u00e1s eficacia, mayor precisi\u00f3n y mejores diagn\u00f3sticos.<br><br>Fue una incorporaci\u00f3n estrat\u00e9gica: ahora el hospital\u2026 <a href=\"https:\/\/t.co\/y26O5Q36VE\">pic.twitter.com\/y26O5Q36VE<\/a><\/p>&mdash; Nicol\u00e1s Kreplak (@nkreplak) <a href=\"https:\/\/twitter.com\/nkreplak\/status\/1994035115052171585?ref_src=twsrc%5Etfw\">November 27, 2025<\/a><\/blockquote><script async src=\"https:\/\/platform.twitter.com\/widgets.js\" charset=\"utf-8\"><\/script>\n<\/div><\/figure>\n","protected":false},"excerpt":{"rendered":"<p>El ministro de Salud bonaerense, Nicol\u00e1s Kreplak, anunci\u00f3 este mi\u00e9rcoles la incorporaci\u00f3n de un nuevo tom\u00f3grafo en el Hospital Eva Per\u00f3n, ubicado en el municipio de San Mart\u00edn. La medida forma parte del plan provincial para fortalecer la Red de Im\u00e1genes y mejorar la capacidad diagn\u00f3stica en los centros de salud p\u00fablicos. Seg\u00fan explic\u00f3 Kreplak&#8230;<\/p>\n","protected":false},"author":12,"featured_media":11405,"comment_status":"open","ping_status":"open","sticky":false,"template":"","format":"standard","meta":{"_monsterinsights_skip_tracking":false,"_monsterinsights_sitenote_active":false,"_monsterinsights_sitenote_note":"","_monsterinsights_sitenote_category":0,"footnotes":"","jetpack_publicize_message":"","jetpack_publicize_feature_enabled":true,"jetpack_social_post_already_shared":true,"jetpack_social_options":{"image_generator_settings":{"template":"highway","default_image_id":0,"font":"","enabled":false},"version":2}},"categories":[2],"tags":[],"class_list":["post-11404","post","type-post","status-publish","format-standard","has-post-thumbnail","hentry","category-politica"],"jetpack_publicize_connections":[],"_links":{"self":[{"href":"https:\/\/www.enorsai.com\/noticias\/wp-json\/wp\/v2\/posts\/11404","targetHints":{"allow":["GET"]}}],"collection":[{"href":"https:\/\/www.enorsai.com\/noticias\/wp-json\/wp\/v2\/posts"}],"about":[{"href":"https:\/\/www.enorsai.com\/noticias\/wp-json\/wp\/v2\/types\/post"}],"author":[{"embeddable":true,"href":"https:\/\/www.enorsai.com\/noticias\/wp-json\/wp\/v2\/users\/12"}],"replies":[{"embeddable":true,"href":"https:\/\/www.enorsai.com\/noticias\/wp-json\/wp\/v2\/comments?post=11404"}],"version-history":[{"count":1,"href":"https:\/\/www.enorsai.com\/noticias\/wp-json\/wp\/v2\/posts\/11404\/revisions"}],"predecessor-version":[{"id":11406,"href":"https:\/\/www.enorsai.com\/noticias\/wp-json\/wp\/v2\/posts\/11404\/revisions\/11406"}],"wp:featuredmedia":[{"embeddable":true,"href":"https:\/\/www.enorsai.com\/noticias\/wp-json\/wp\/v2\/media\/11405"}],"wp:attachment":[{"href":"https:\/\/www.enorsai.com\/noticias\/wp-json\/wp\/v2\/media?parent=11404"}],"wp:term":[{"taxonomy":"category","embeddable":true,"href":"https:\/\/www.enorsai.com\/noticias\/wp-json\/wp\/v2\/categories?post=11404"},{"taxonomy":"post_tag","embeddable":true,"href":"https:\/\/www.enorsai.com\/noticias\/wp-json\/wp\/v2\/tags?post=11404"}],"curies":[{"name":"wp","href":"https:\/\/api.w.org\/{rel}","templated":true}]}}