{"id":11398,"date":"2025-11-27T10:25:43","date_gmt":"2025-11-27T13:25:43","guid":{"rendered":"https:\/\/www.enorsai.com\/noticias\/?p=11398"},"modified":"2025-11-27T10:25:49","modified_gmt":"2025-11-27T13:25:49","slug":"la-doble-vara-de-la-policia-de-la-ciudad-nicole-veron-expone-el-entramado-de-castigos-selectivos-y-silencio-corporativo","status":"publish","type":"post","link":"https:\/\/www.enorsai.com\/noticias\/sociedad\/la-doble-vara-de-la-policia-de-la-ciudad-nicole-veron-expone-el-entramado-de-castigos-selectivos-y-silencio-corporativo\/","title":{"rendered":"La doble vara de la Polic\u00eda de la Ciudad: Nicole Ver\u00f3n expone el entramado de castigos selectivos y silencio corporativo"},"content":{"rendered":"\n<p>Nicole Ver\u00f3n, la oficial de la Polic\u00eda de la Ciudad que se volvi\u00f3 viral por sus videos en TikTok e Instagram, reapareci\u00f3 en redes sociales despu\u00e9s de semanas de silencio obligado. Suspendida por publicar contenido er\u00f3tico \u2014no pornogr\u00e1fico\u2014 utilizando su uniforme, la joven polic\u00eda finalmente rompi\u00f3 la cautela y apunt\u00f3 directamente contra la instituci\u00f3n en la que trabaja. Lo hizo sin eufemismos, sin maquillaje discursivo y con una pregunta que resuena inc\u00f3moda en un cuerpo policial acostumbrado a la impunidad selectiva: <strong>\u201c\u00bfCu\u00e1l es la vara que usan para juzgarme? \u00bfPor qu\u00e9 a m\u00ed s\u00ed y a otros no?\u201d<\/strong><\/p>\n\n\n\n<p>Porque lo de Ver\u00f3n no es solo un caso disciplinario. Es una radiograf\u00eda en tiempo real del doble est\u00e1ndar con el que la Polic\u00eda de la Ciudad sanciona a sus agentes. Por un lado, la exhibici\u00f3n p\u00fablica de una mujer joven en redes sociales \u2014algo que podr\u00eda debatirse en t\u00e9rminos de \u00e9tica profesional o uso del uniforme\u2014 se convierte en motivo de escarnio medi\u00e1tico, suspensi\u00f3n inmediata y persecuci\u00f3n judicial. Por el otro, los casos estructurales de corrupci\u00f3n, coimas, abuso de recursos estatales, hostigamiento laboral y pr\u00e1cticas extorsivas dentro de la fuerza se diluyen en la nada: se cajonean, se ralentizan o se tapan entre jefes, fiscales amigos y un sistema disciplinario que funciona como mecanismo de autoprotecci\u00f3n corporativa.<\/p>\n\n\n\n<p>En el centro de la denuncia p\u00fablica de Ver\u00f3n aparece un caso que la propia fuerza intent\u00f3 mantener fuera de agenda: el esc\u00e1ndalo en la Divisi\u00f3n K9, donde \u2014seg\u00fan consta en una causa judicial\u2014 oficiales utilizaban instalaciones, autos, perros entrenados y recursos pagados por el Estado para dar clases particulares cobradas en efectivo. No s\u00f3lo eso: tambi\u00e9n se investigan pedidos de coimas y pagos para acceder a entrenamientos y certificaciones internas. Sin embargo, como se\u00f1ala Ver\u00f3n, aquellos protagonistas de maniobras concretas, tipificables y probadas dentro de un expediente judicial siguen trabajando sin mayores sobresaltos. Sin sanciones. Sin suspensi\u00f3n. Sin que la fiscal\u00eda especializada mueva un dedo.<\/p>\n\n\n\n<p>Ella, en cambio, fue apartada de sus funciones por filmarse con su uniforme. \u201cMe sorprende la persecuci\u00f3n de la Polic\u00eda de la Ciudad as\u00ed como de la justicia, por filmarme uniformada sin cometer delito alguno. Mientras los poderosos siguen tranquilos y la fiscal\u00eda mira para otro lado\u201d, escribi\u00f3 en una historia que se propag\u00f3 r\u00e1pidamente por redes. Su mensaje expone lo que muchos agentes callan: adentro de la fuerza, la vara disciplinaria es pol\u00edtica, selectiva, mis\u00f3gina y revanchista.<\/p>\n\n\n\n<p>En otro tramo de su descargo, Ver\u00f3n se pregunta si la sanci\u00f3n existe porque es mujer, porque no tiene cargo jer\u00e1rquico o porque se atrevi\u00f3 a denunciar las conductas inapropiadas de superiores que \u2014seg\u00fan afirma\u2014 le ped\u00edan \u201ctener relaci\u00f3n a cambio de dinero\u201d. Es decir: un intento de coacci\u00f3n sexual dentro de la instituci\u00f3n. Esa parte, la m\u00e1s grave, es la que la Polic\u00eda busc\u00f3 minimizar. Porque tocar esa tecla implica admitir que la violencia machista y el abuso de poder no son casos aislados sino pr\u00e1cticas arraigadas, funcionales y cubiertas por la cadena de mando.<\/p>\n\n\n\n<figure class=\"wp-block-image size-full\"><img loading=\"lazy\" decoding=\"async\" width=\"368\" height=\"720\" src=\"https:\/\/www.enorsai.com\/noticias\/wp-content\/uploads\/2025\/11\/G6sGwtqW0AAbkAv.png\" alt=\"\" class=\"wp-image-11400\" srcset=\"https:\/\/www.enorsai.com\/noticias\/wp-content\/uploads\/2025\/11\/G6sGwtqW0AAbkAv.png 368w, https:\/\/www.enorsai.com\/noticias\/wp-content\/uploads\/2025\/11\/G6sGwtqW0AAbkAv-153x300.png 153w\" sizes=\"auto, (max-width: 368px) 100vw, 368px\" \/><\/figure>\n\n\n\n<p>El caso de Nicole Ver\u00f3n ya trasciende su perfil de tiktoker, su est\u00e9tica de redes y su presencia medi\u00e1tica. Lo que expone es el coraz\u00f3n de una fuerza que, en pleno gobierno de Javier Milei y en sinton\u00eda con la mano dura de Patricia Bullrich, opera bajo un esquema donde la disciplina interna funciona m\u00e1s como arma pol\u00edtica que como herramienta institucional. Se castiga al d\u00e9bil, a la mujer, a la que se expone, a la que \u201crompe c\u00f3digos\u201d. Se protege al que maneja caja, favores, contactos y silencios.<\/p>\n\n\n\n<p>El aparato de control interno de la Polic\u00eda de la Ciudad vuelve a mostrar su l\u00f3gica de siempre: el verdugo elegido es quien m\u00e1s f\u00e1cil se puede reemplazar. As\u00ed, una agente que filma videos se transforma en enemigo p\u00fablico, mientras que los responsables de desviar recursos estatales, cobrar coimas y manipular espacios de formaci\u00f3n policial siguen operando como si nada.<\/p>\n\n\n\n<p>Nicole Ver\u00f3n golpe\u00f3 donde m\u00e1s duele: en la hipocres\u00eda institucional. Por eso la persiguen. Y por eso su caso ya no es solo un conflicto laboral, sino un s\u00edntoma del modo en que la fuerza se disciplin\u00f3 hacia adentro: <strong>tolerancia cero para quien cuestiona; impunidad infinita para quien pertenece al c\u00edrculo de protecci\u00f3n<\/strong>.<\/p>\n\n\n\n<p>Su mensaje final \u2014\u201c\u00bfCu\u00e1l es la vara?\u201d\u2014 resume la discusi\u00f3n que la Polic\u00eda de la Ciudad y la Justicia porte\u00f1a no quieren tener. La vara es el poder. La vara es el silencio. La vara es el g\u00e9nero, la subordinaci\u00f3n y la posibilidad de disciplinar con rapidez a quien no tiene espalda pol\u00edtica. La vara, en definitiva, es la manera en que el Estado porte\u00f1o decide qu\u00e9 esc\u00e1ndalos investiga y cu\u00e1les prefiere ocultar bajo la alfombra.<\/p>\n","protected":false},"excerpt":{"rendered":"<p>Nicole Ver\u00f3n, la oficial de la Polic\u00eda de la Ciudad que se volvi\u00f3 viral por sus videos en TikTok e Instagram, reapareci\u00f3 en redes sociales despu\u00e9s de semanas de silencio obligado. Suspendida por publicar contenido er\u00f3tico \u2014no pornogr\u00e1fico\u2014 utilizando su uniforme, la joven polic\u00eda finalmente rompi\u00f3 la cautela y apunt\u00f3 directamente contra la instituci\u00f3n en&#8230;<\/p>\n","protected":false},"author":13,"featured_media":11399,"comment_status":"open","ping_status":"open","sticky":false,"template":"","format":"standard","meta":{"_monsterinsights_skip_tracking":false,"_monsterinsights_sitenote_active":false,"_monsterinsights_sitenote_note":"","_monsterinsights_sitenote_category":0,"footnotes":"","jetpack_publicize_message":"","jetpack_publicize_feature_enabled":true,"jetpack_social_post_already_shared":true,"jetpack_social_options":{"image_generator_settings":{"template":"highway","default_image_id":0,"font":"","enabled":false},"version":2}},"categories":[4],"tags":[],"class_list":["post-11398","post","type-post","status-publish","format-standard","has-post-thumbnail","hentry","category-sociedad"],"jetpack_publicize_connections":[],"_links":{"self":[{"href":"https:\/\/www.enorsai.com\/noticias\/wp-json\/wp\/v2\/posts\/11398","targetHints":{"allow":["GET"]}}],"collection":[{"href":"https:\/\/www.enorsai.com\/noticias\/wp-json\/wp\/v2\/posts"}],"about":[{"href":"https:\/\/www.enorsai.com\/noticias\/wp-json\/wp\/v2\/types\/post"}],"author":[{"embeddable":true,"href":"https:\/\/www.enorsai.com\/noticias\/wp-json\/wp\/v2\/users\/13"}],"replies":[{"embeddable":true,"href":"https:\/\/www.enorsai.com\/noticias\/wp-json\/wp\/v2\/comments?post=11398"}],"version-history":[{"count":1,"href":"https:\/\/www.enorsai.com\/noticias\/wp-json\/wp\/v2\/posts\/11398\/revisions"}],"predecessor-version":[{"id":11401,"href":"https:\/\/www.enorsai.com\/noticias\/wp-json\/wp\/v2\/posts\/11398\/revisions\/11401"}],"wp:featuredmedia":[{"embeddable":true,"href":"https:\/\/www.enorsai.com\/noticias\/wp-json\/wp\/v2\/media\/11399"}],"wp:attachment":[{"href":"https:\/\/www.enorsai.com\/noticias\/wp-json\/wp\/v2\/media?parent=11398"}],"wp:term":[{"taxonomy":"category","embeddable":true,"href":"https:\/\/www.enorsai.com\/noticias\/wp-json\/wp\/v2\/categories?post=11398"},{"taxonomy":"post_tag","embeddable":true,"href":"https:\/\/www.enorsai.com\/noticias\/wp-json\/wp\/v2\/tags?post=11398"}],"curies":[{"name":"wp","href":"https:\/\/api.w.org\/{rel}","templated":true}]}}