{"id":11392,"date":"2025-11-27T09:00:21","date_gmt":"2025-11-27T12:00:21","guid":{"rendered":"https:\/\/www.enorsai.com\/noticias\/?p=11392"},"modified":"2025-11-27T09:00:40","modified_gmt":"2025-11-27T12:00:40","slug":"escandalo-en-tucuman-el-influencer-numero-1-fue-golpeado-por-el-padre-de-una-alumna-tras-comentarios-desubicados-en-un-evento-escolar","status":"publish","type":"post","link":"https:\/\/www.enorsai.com\/noticias\/sociedad\/escandalo-en-tucuman-el-influencer-numero-1-fue-golpeado-por-el-padre-de-una-alumna-tras-comentarios-desubicados-en-un-evento-escolar\/","title":{"rendered":"Esc\u00e1ndalo en Tucum\u00e1n: el influencer \u201cN\u00famero 1\u201d fue golpeado por el padre de una alumna tras comentarios desubicados en un evento escolar"},"content":{"rendered":"\n<p><strong><em>El episodio ocurri\u00f3 en la Expo Futuro Alderetes 2025 y abri\u00f3 un debate urgente sobre la protecci\u00f3n de menores en actividades educativas, el rol de los influencers en espacios p\u00fablicos y los l\u00edmites de la exposici\u00f3n medi\u00e1tica.<\/em><\/strong><\/p>\n\n\n\n<p>La escena, como casi todo en la era de los virales, dur\u00f3 menos de un minuto pero alcanz\u00f3 para disparar un terremoto en Tucum\u00e1n. Nelson Godoy, m\u00e1s conocido como \u201cEl N\u00famero 1\u201d, termin\u00f3 en el centro de un esc\u00e1ndalo durante la Expo Futuro Alderetes 2025, una feria educativa organizada por la Municipalidad de Alderetes en el Club Social y Deportivo Villa de Alderetes. All\u00ed, en un contexto escolar donde estudiantes de distintas edades exhib\u00edan proyectos de orientaci\u00f3n vocacional, ocurri\u00f3 una secuencia que dej\u00f3 a docentes, alumnos y familias paralizados: el influencer fue golpeado por el padre de una adolescente luego de que este lo acusara de hacer \u201ccomentarios desubicados\u201d hacia su hija de 14 a\u00f1os.<\/p>\n\n\n\n<p>Godoy, que salt\u00f3 a la fama por sus publicidades absurdas, su est\u00e9tica estramb\u00f3tica y su personaje medi\u00e1tico nacido de la mezcla entre autoparodia y exageraci\u00f3n, estaba presente en la expo como figura invitada. Su estilo \u2014camisa arremangada, chupines ajustados y el famoso rodete rubio\u2014 se volvi\u00f3 parte del folclore tucumano desde que comenz\u00f3 a protagonizar campa\u00f1as humor\u00edsticas y a promover su candidatura a concejal bajo el slogan delirante \u201cNo soy candidato, soy \u00c9l Candidato\u201d. Pero detr\u00e1s de esa fachada c\u00f3mica, sus intervenciones p\u00fablicas acumulan pol\u00e9micas, especialmente por comentarios que muchos califican como inapropiados.<\/p>\n\n\n\n<figure class=\"wp-block-embed is-type-rich is-provider-twitter wp-block-embed-twitter\"><div class=\"wp-block-embed__wrapper\">\n<blockquote class=\"twitter-tweet\" data-width=\"550\" data-dnt=\"true\"><p lang=\"es\" dir=\"ltr\">[POLICIALES] En una escuela de Tucum\u00e1n, le dieron una paliza a Nelson Godoy, m\u00e1s conocido como &quot;El N\u00famero 1&quot; y famoso por sus publicidades virales: le hizo &quot;comentarios desubicados&quot; a una alumna de 14 a\u00f1os en una exposici\u00f3n y el padre lo golpe\u00f3. <a href=\"https:\/\/t.co\/UFYhdouVkW\">https:\/\/t.co\/UFYhdouVkW<\/a> <a href=\"https:\/\/t.co\/tAO19aFkvC\">pic.twitter.com\/tAO19aFkvC<\/a><\/p>&mdash; ElCanciller.com (@elcancillercom) <a href=\"https:\/\/twitter.com\/elcancillercom\/status\/1993800144651997248?ref_src=twsrc%5Etfw\">November 26, 2025<\/a><\/blockquote><script async src=\"https:\/\/platform.twitter.com\/widgets.js\" charset=\"utf-8\"><\/script>\n<\/div><\/figure>\n\n\n\n<p>Seg\u00fan relataron testigos del evento, el cruce comenz\u00f3 cuando Godoy se acerc\u00f3 al stand donde la joven realizaba su exposici\u00f3n. Lo que dijo exactamente no est\u00e1 registrado, pero el consenso de quienes presenciaron la escena es que se trat\u00f3 de expresiones fuera de lugar. La madre de la adolescente reaccion\u00f3 primero, visiblemente inc\u00f3moda, y segundos despu\u00e9s irrumpi\u00f3 el padre, que no dud\u00f3 en encararlo. La discusi\u00f3n escal\u00f3 casi de inmediato y termin\u00f3 en un ataque f\u00edsico que qued\u00f3 registrado en un video que se viraliz\u00f3 con velocidad.<\/p>\n\n\n\n<p>En las im\u00e1genes se ve c\u00f3mo el hombre le suelta el rodete a Godoy \u2014casi una marca registrada en su personaje\u2014 y lo golpea repetidas veces mientras este intenta retroceder. La persecuci\u00f3n continu\u00f3 hasta otra sala del club, donde un parlante cay\u00f3 sobre la cabeza del influencer, intensificando el caos. La secuencia se desarroll\u00f3 a metros de alumnos de primaria y secundaria, docentes y autoridades municipales que quedaron petrificados ante lo que estaba pasando. El agresor fue detenido minutos despu\u00e9s por la polic\u00eda, mientras que Godoy recibi\u00f3 atenci\u00f3n por lesiones leves.<\/p>\n\n\n\n<p>La municipalidad, obligada por la magnitud del esc\u00e1ndalo, difundi\u00f3 un comunicado lamentando los hechos y aclarando que el evento fue moment\u00e1neamente suspendido para garantizar la seguridad de los estudiantes. En redes sociales, la reacci\u00f3n fue tan inmediata como fragmentada. Para algunos, lo ocurrido fue una reacci\u00f3n desmedida y violenta del padre; para otros, una consecuencia de los comportamientos provocadores de Godoy, quien ya arrastraba un historial de comentarios pol\u00e9micos. Cuentas como @elcancillercom calificaron el episodio directamente como \u201cuna paliza\u201d producto de actitudes impropias del influencer, mientras que medios locales como @canal10tucuman1 lo catalogaron como un \u201cesc\u00e1ndalo en evento escolar\u201d.<\/p>\n\n\n\n<p>Pero el episodio va m\u00e1s all\u00e1 de una pelea. El caso expone un problema mucho m\u00e1s profundo: la creciente presencia de influencers \u2014construidos sobre la l\u00f3gica de la provocaci\u00f3n, la espontaneidad exagerada y la b\u00fasqueda constante de impacto\u2014 en espacios institucionales que requieren otros c\u00f3digos, especialmente cuando involucran menores. La Expo Futuro Alderetes era un evento dedicado a la educaci\u00f3n t\u00e9cnica y a la orientaci\u00f3n vocacional, con la participaci\u00f3n de alumnos de entre 12 y 18 a\u00f1os. La presencia de una figura medi\u00e1tica con antecedentes de conductas inapropiadas deber\u00eda, al menos, encender se\u00f1ales de alerta.<\/p>\n\n\n\n<p>El silencio de Godoy tras el incidente tambi\u00e9n suma interrogantes. Acostumbrado a capitalizar cada controversia para reforzar su personaje, esta vez no public\u00f3 videos, no ironiz\u00f3 sobre lo ocurrido, no intent\u00f3 capitalizar el esc\u00e1ndalo. Eso solo alimenta el debate sobre su responsabilidad y sobre los l\u00edmites difusos entre el personaje grotesco que interpreta y la persona real que ocupa espacios p\u00fablicos y se dirige a menores.<\/p>\n\n\n\n<p>Mientras tanto, el video sigue girando por las redes, alimentando discusiones cruzadas. A un lado, quienes condenan tajantemente al padre por resolver con golpes lo que deb\u00eda canalizarse institucionalmente. Del otro, quienes remarcan que la agresi\u00f3n fue consecuencia directa del comportamiento del influencer, y que el foco debe estar en proteger a los estudiantes.<\/p>\n\n\n\n<p>La viralizaci\u00f3n deja una pregunta inc\u00f3moda: \u00bfqu\u00e9 tan preparados estamos como sociedad para regular la convivencia entre la l\u00f3gica perform\u00e1tica de internet y los espacios donde participan adolescentes? La fama local, convertida en una especie de moneda social, puede chocar de frente con los c\u00f3digos b\u00e1sicos de cuidado y respeto, especialmente cuando se mezclan egos, c\u00e1maras, j\u00f3venes expuestos y adultos que se creen intocables.<\/p>\n\n\n\n<p>De momento, lo \u00fanico claro es que este no fue un incidente m\u00e1s. Fue un recordatorio brutal de que las instituciones educativas deben establecer protocolos claros sobre qui\u00e9nes ingresan a actividades escolares y con qu\u00e9 criterios. Y tambi\u00e9n un aviso para quienes, como Godoy, creen que cualquier escenario es una extensi\u00f3n de su show personal.<\/p>\n\n\n\n<p>Si en las pr\u00f3ximas horas el influencer decide romper el silencio, el tema volver\u00e1 a encenderse. Hasta entonces, la imagen del rodete desarmado y el golpe que lo dej\u00f3 tambaleando seguir\u00e1 circulando como s\u00edmbolo involuntario de un l\u00edmite que, por fin, alguien le marc\u00f3.<\/p>\n\n\n\n<p><\/p>\n","protected":false},"excerpt":{"rendered":"<p>El episodio ocurri\u00f3 en la Expo Futuro Alderetes 2025 y abri\u00f3 un debate urgente sobre la protecci\u00f3n de menores en actividades educativas, el rol de los influencers en espacios p\u00fablicos y los l\u00edmites de la exposici\u00f3n medi\u00e1tica. La escena, como casi todo en la era de los virales, dur\u00f3 menos de un minuto pero alcanz\u00f3&#8230;<\/p>\n","protected":false},"author":1,"featured_media":11393,"comment_status":"open","ping_status":"open","sticky":false,"template":"","format":"standard","meta":{"_monsterinsights_skip_tracking":false,"_monsterinsights_sitenote_active":false,"_monsterinsights_sitenote_note":"","_monsterinsights_sitenote_category":0,"footnotes":"","jetpack_publicize_message":"","jetpack_publicize_feature_enabled":true,"jetpack_social_post_already_shared":true,"jetpack_social_options":{"image_generator_settings":{"template":"highway","default_image_id":0,"font":"","enabled":false},"version":2}},"categories":[4],"tags":[],"class_list":["post-11392","post","type-post","status-publish","format-standard","has-post-thumbnail","hentry","category-sociedad"],"jetpack_publicize_connections":[],"_links":{"self":[{"href":"https:\/\/www.enorsai.com\/noticias\/wp-json\/wp\/v2\/posts\/11392","targetHints":{"allow":["GET"]}}],"collection":[{"href":"https:\/\/www.enorsai.com\/noticias\/wp-json\/wp\/v2\/posts"}],"about":[{"href":"https:\/\/www.enorsai.com\/noticias\/wp-json\/wp\/v2\/types\/post"}],"author":[{"embeddable":true,"href":"https:\/\/www.enorsai.com\/noticias\/wp-json\/wp\/v2\/users\/1"}],"replies":[{"embeddable":true,"href":"https:\/\/www.enorsai.com\/noticias\/wp-json\/wp\/v2\/comments?post=11392"}],"version-history":[{"count":1,"href":"https:\/\/www.enorsai.com\/noticias\/wp-json\/wp\/v2\/posts\/11392\/revisions"}],"predecessor-version":[{"id":11394,"href":"https:\/\/www.enorsai.com\/noticias\/wp-json\/wp\/v2\/posts\/11392\/revisions\/11394"}],"wp:featuredmedia":[{"embeddable":true,"href":"https:\/\/www.enorsai.com\/noticias\/wp-json\/wp\/v2\/media\/11393"}],"wp:attachment":[{"href":"https:\/\/www.enorsai.com\/noticias\/wp-json\/wp\/v2\/media?parent=11392"}],"wp:term":[{"taxonomy":"category","embeddable":true,"href":"https:\/\/www.enorsai.com\/noticias\/wp-json\/wp\/v2\/categories?post=11392"},{"taxonomy":"post_tag","embeddable":true,"href":"https:\/\/www.enorsai.com\/noticias\/wp-json\/wp\/v2\/tags?post=11392"}],"curies":[{"name":"wp","href":"https:\/\/api.w.org\/{rel}","templated":true}]}}