{"id":11387,"date":"2025-11-27T08:36:56","date_gmt":"2025-11-27T11:36:56","guid":{"rendered":"https:\/\/www.enorsai.com\/noticias\/?p=11387"},"modified":"2025-11-27T10:46:44","modified_gmt":"2025-11-27T13:46:44","slug":"asi-fue-el-ultimo-dia-de-trabajo-en-whirpool","status":"publish","type":"post","link":"https:\/\/www.enorsai.com\/noticias\/politica\/asi-fue-el-ultimo-dia-de-trabajo-en-whirpool\/","title":{"rendered":"As\u00ed fue el \u00faltimo d\u00eda de trabajo en Whirpool"},"content":{"rendered":"\n<p>El \u201cmilagro econ\u00f3mico\u201d que Javier Milei intenta vender como epopeya libertaria mostr\u00f3 otra vez su verdadero rostro: el del ajuste brutal sobre trabajadores y comunidades enteras. Whirlpool, la hist\u00f3rica f\u00e1brica de electrodom\u00e9sticos que oper\u00f3 durante 35 a\u00f1os en la Argentina, cerr\u00f3 sus puertas de un d\u00eda para el otro y dej\u00f3 en la calle a sus 220 empleados. No hubo aviso previo, no hubo negociaci\u00f3n, no hubo transici\u00f3n: simplemente les informaron el mismo d\u00eda que era su \u00faltimo turno, como si 35 a\u00f1os de producci\u00f3n local pudieran apagarse con un interruptor.<\/p>\n\n\n\n<p>La empresa argument\u00f3 la ca\u00edda del consumo como motivo principal, un s\u00edntoma directo del derrumbe del mercado interno provocado por las pol\u00edticas de shock del propio gobierno. Mientras Milei festeja porcentajes abstractos y promesas de prosperidad futura, en Pilar los trabajadores enfrentan la realidad concreta: p\u00e9rdida de empleo, familias enteras sin ingresos y una comunidad que se queda sin uno de sus motores productivos. El cierre de Whirlpool no es una excepci\u00f3n ni un episodio aislado; es el modelo econ\u00f3mico en funcionamiento. Y detr\u00e1s del slogan del \u201cmilagro\u201d, lo \u00fanico que crece es el desempleo y la angustia social.<\/p>\n\n\n\n<figure class=\"wp-block-embed is-type-rich is-provider-twitter wp-block-embed-twitter\"><div class=\"wp-block-embed__wrapper\">\n<blockquote class=\"twitter-tweet\" data-width=\"550\" data-dnt=\"true\"><p lang=\"es\" dir=\"ltr\">\u00daltimo d\u00eda de trabajo en Whirpool, despidieron a todos. La marca de electrodom\u00e9sticos cerr\u00f3 su planta despu\u00e9s de 35 A\u00d1OS por ca\u00edda de consumo y ech\u00f3 a sus 220 trabajadores avis\u00e1ndoles ese mismo d\u00eda. El milagro econ\u00f3mico de Milei<a href=\"https:\/\/t.co\/FyBZ5bL5cG\">pic.twitter.com\/FyBZ5bL5cG<\/a><\/p>&mdash; Arrepentidos de Milei (@ArrepentidosLLA) <a href=\"https:\/\/twitter.com\/ArrepentidosLLA\/status\/1993765422739640646?ref_src=twsrc%5Etfw\">November 26, 2025<\/a><\/blockquote><script async src=\"https:\/\/platform.twitter.com\/widgets.js\" charset=\"utf-8\"><\/script>\n<\/div><\/figure>\n\n\n\n<figure class=\"wp-block-embed is-type-rich is-provider-twitter wp-block-embed-twitter\"><div class=\"wp-block-embed__wrapper\">\n<blockquote class=\"twitter-tweet\" data-width=\"550\" data-dnt=\"true\"><p lang=\"es\" dir=\"ltr\">Whirlpool cerr\u00f3 su planta en Pilar y despidi\u00f3 a sus 220 empleados<br><br>El desempleo que habr\u00e1 en Argentina \ud83c\udde6\ud83c\uddf7 ser\u00e1 igual o peor que en los 90 de la Convertibilidad de menem y Cavallo. Solo un Libertario vago, que vive de los padres votar\u00eda esto<br><br>Yo se los advert\u00ed  muchas veces \ud83d\ude42\u200d\u2194\ufe0f <a href=\"https:\/\/t.co\/DYOFvxMVKX\">pic.twitter.com\/DYOFvxMVKX<\/a><\/p>&mdash; Bizcocho antiguo y rancio, muy rancio \u271f\ud83c\udde6\ud83c\uddf7\ud83d\ude82 (@Bizco_Chuelo) <a href=\"https:\/\/twitter.com\/Bizco_Chuelo\/status\/1993709877219459322?ref_src=twsrc%5Etfw\">November 26, 2025<\/a><\/blockquote><script async src=\"https:\/\/platform.twitter.com\/widgets.js\" charset=\"utf-8\"><\/script>\n<\/div><\/figure>\n","protected":false},"excerpt":{"rendered":"<p>El \u201cmilagro econ\u00f3mico\u201d que Javier Milei intenta vender como epopeya libertaria mostr\u00f3 otra vez su verdadero rostro: el del ajuste brutal sobre trabajadores y comunidades enteras. Whirlpool, la hist\u00f3rica f\u00e1brica de electrodom\u00e9sticos que oper\u00f3 durante 35 a\u00f1os en la Argentina, cerr\u00f3 sus puertas de un d\u00eda para el otro y dej\u00f3 en la calle a&#8230;<\/p>\n","protected":false},"author":11,"featured_media":11390,"comment_status":"open","ping_status":"open","sticky":false,"template":"","format":"standard","meta":{"_monsterinsights_skip_tracking":false,"_monsterinsights_sitenote_active":false,"_monsterinsights_sitenote_note":"","_monsterinsights_sitenote_category":0,"footnotes":"","jetpack_publicize_message":"","jetpack_publicize_feature_enabled":true,"jetpack_social_post_already_shared":true,"jetpack_social_options":{"image_generator_settings":{"template":"highway","default_image_id":0,"font":"","enabled":false},"version":2}},"categories":[2],"tags":[],"class_list":["post-11387","post","type-post","status-publish","format-standard","has-post-thumbnail","hentry","category-politica"],"jetpack_publicize_connections":[],"_links":{"self":[{"href":"https:\/\/www.enorsai.com\/noticias\/wp-json\/wp\/v2\/posts\/11387","targetHints":{"allow":["GET"]}}],"collection":[{"href":"https:\/\/www.enorsai.com\/noticias\/wp-json\/wp\/v2\/posts"}],"about":[{"href":"https:\/\/www.enorsai.com\/noticias\/wp-json\/wp\/v2\/types\/post"}],"author":[{"embeddable":true,"href":"https:\/\/www.enorsai.com\/noticias\/wp-json\/wp\/v2\/users\/11"}],"replies":[{"embeddable":true,"href":"https:\/\/www.enorsai.com\/noticias\/wp-json\/wp\/v2\/comments?post=11387"}],"version-history":[{"count":2,"href":"https:\/\/www.enorsai.com\/noticias\/wp-json\/wp\/v2\/posts\/11387\/revisions"}],"predecessor-version":[{"id":11403,"href":"https:\/\/www.enorsai.com\/noticias\/wp-json\/wp\/v2\/posts\/11387\/revisions\/11403"}],"wp:featuredmedia":[{"embeddable":true,"href":"https:\/\/www.enorsai.com\/noticias\/wp-json\/wp\/v2\/media\/11390"}],"wp:attachment":[{"href":"https:\/\/www.enorsai.com\/noticias\/wp-json\/wp\/v2\/media?parent=11387"}],"wp:term":[{"taxonomy":"category","embeddable":true,"href":"https:\/\/www.enorsai.com\/noticias\/wp-json\/wp\/v2\/categories?post=11387"},{"taxonomy":"post_tag","embeddable":true,"href":"https:\/\/www.enorsai.com\/noticias\/wp-json\/wp\/v2\/tags?post=11387"}],"curies":[{"name":"wp","href":"https:\/\/api.w.org\/{rel}","templated":true}]}}