{"id":11386,"date":"2025-11-27T08:31:57","date_gmt":"2025-11-27T11:31:57","guid":{"rendered":"https:\/\/www.enorsai.com\/noticias\/?p=11386"},"modified":"2025-11-27T08:31:57","modified_gmt":"2025-11-27T11:31:57","slug":"se-eligieron-nuevas-autoridades-para-la-confederacion-farmaceutica-argentina","status":"publish","type":"post","link":"https:\/\/www.enorsai.com\/noticias\/sociedad\/se-eligieron-nuevas-autoridades-para-la-confederacion-farmaceutica-argentina\/","title":{"rendered":"Se eligieron nuevas autoridades para la Confederaci\u00f3n Farmac\u00e9utica Argentina"},"content":{"rendered":"\n<p><strong><em>Alejandra G\u00f3mez es la nueva presidente de CoFA que fue elegida por una amplia mayor\u00eda lo que muestra un gran respaldo de las entidades federadas.<\/em><\/strong><\/p>\n\n\n\n<p>A continuaci\u00f3n, la informaci\u00f3n de prensa del Colegio de Farmac\u00e9uticos de la Provincia de Buenos Aires:<\/p>\n\n\n\n<p>El Colegio de Farmac\u00e9uticos de la Provincia de Buenos Aires saluda y acompa\u00f1a la nueva etapa institucional de CoFA.<\/p>\n\n\n\n<p>La elecci\u00f3n de la nueva Mesa Ejecutiva cont\u00f3 con un contundente apoyo de casi la totalidad de las entidades federadas que conforman la CoFA.<\/p>\n\n\n\n<p>Este amplio acompa\u00f1amiento reafirma la voluntad de consolidar un proyecto federal, plural y basado en consensos amplios entre los colegios de todo el pa\u00eds.<\/p>\n\n\n\n<p>Con esta nueva integraci\u00f3n, la COFA da un paso adelante hacia una estructura m\u00e1s democr\u00e1tica en su funcionamiento, fortaleciendo el rol del Consejo Directivo como \u00e1mbito central de debate y toma de decisiones, donde cada colegio asume un papel verdaderamente protag\u00f3nico.<\/p>\n\n\n\n<p>El compromiso es claro: potenciar la pluralidad, enriquecer la discusi\u00f3n y promover decisiones colectivas en el seno del Consejo Directivo.<\/p>\n\n\n\n<p>Ejes del proyecto para el nuevo per\u00edodo:<\/p>\n\n\n\n<p>Una COFA federal, que garantice el abordaje equilibrado de las problem\u00e1ticas y necesidades espec\u00edficas de cada regi\u00f3n.<\/p>\n\n\n\n<p>Una COFA inclusiva, que contemple y atienda las necesidades de todas las \u00e1reas del ejercicio profesional.<\/p>\n\n\n\n<p>Una COFA que escuche, que se nutra del conocimiento y la experiencia de referentes farmac\u00e9uticos de todo el pa\u00eds.<\/p>\n\n\n\n<p>Una COFA con v\u00ednculos fortalecidos, capaz de trabajar articuladamente con entidades farmac\u00e9uticas nacionales e internacionales, organismos acad\u00e9micos y autoridades gubernamentales.<\/p>\n\n\n\n<p>Una COFA que gestiona, apoyada en sus comisiones de trabajo existentes y nuevas, y que profundice y multiplique las acciones de formaci\u00f3n continua.<\/p>\n\n\n\n<p>Una COFA con planificaci\u00f3n estrat\u00e9gica, capaz de anticipar escenarios y orientar pol\u00edticas institucionales de mediano y largo plazo.<\/p>\n\n\n\n<p>Una COFA que consolide el mensaje del rol profesional, reforzando su presencia y reconocimiento en la comunidad.<\/p>\n\n\n\n<p>Desde el Colegio de Farmac\u00e9uticos de la Provincia de Buenos Aires reafirmamos nuestro compromiso de trabajar por una COFA m\u00e1s participativa, m\u00e1s representativa y m\u00e1s integrada al pa\u00eds real. Con responsabilidad y esp\u00edritu colectivo, comenzamos una etapa que nos convoca a todas y todos.<\/p>\n","protected":false},"excerpt":{"rendered":"<p>Alejandra G\u00f3mez es la nueva presidente de CoFA que fue elegida por una amplia mayor\u00eda lo que muestra un gran respaldo de las entidades federadas. A continuaci\u00f3n, la informaci\u00f3n de prensa del Colegio de Farmac\u00e9uticos de la Provincia de Buenos Aires: El Colegio de Farmac\u00e9uticos de la Provincia de Buenos Aires saluda y acompa\u00f1a la&#8230;<\/p>\n","protected":false},"author":5,"featured_media":11388,"comment_status":"open","ping_status":"open","sticky":false,"template":"","format":"standard","meta":{"_monsterinsights_skip_tracking":false,"_monsterinsights_sitenote_active":false,"_monsterinsights_sitenote_note":"","_monsterinsights_sitenote_category":0,"footnotes":"","jetpack_publicize_message":"","jetpack_publicize_feature_enabled":true,"jetpack_social_post_already_shared":true,"jetpack_social_options":{"image_generator_settings":{"template":"highway","default_image_id":0,"font":"","enabled":false},"version":2}},"categories":[3948,4],"tags":[],"class_list":["post-11386","post","type-post","status-publish","format-standard","has-post-thumbnail","hentry","category-salud","category-sociedad"],"jetpack_publicize_connections":[],"_links":{"self":[{"href":"https:\/\/www.enorsai.com\/noticias\/wp-json\/wp\/v2\/posts\/11386","targetHints":{"allow":["GET"]}}],"collection":[{"href":"https:\/\/www.enorsai.com\/noticias\/wp-json\/wp\/v2\/posts"}],"about":[{"href":"https:\/\/www.enorsai.com\/noticias\/wp-json\/wp\/v2\/types\/post"}],"author":[{"embeddable":true,"href":"https:\/\/www.enorsai.com\/noticias\/wp-json\/wp\/v2\/users\/5"}],"replies":[{"embeddable":true,"href":"https:\/\/www.enorsai.com\/noticias\/wp-json\/wp\/v2\/comments?post=11386"}],"version-history":[{"count":1,"href":"https:\/\/www.enorsai.com\/noticias\/wp-json\/wp\/v2\/posts\/11386\/revisions"}],"predecessor-version":[{"id":11389,"href":"https:\/\/www.enorsai.com\/noticias\/wp-json\/wp\/v2\/posts\/11386\/revisions\/11389"}],"wp:featuredmedia":[{"embeddable":true,"href":"https:\/\/www.enorsai.com\/noticias\/wp-json\/wp\/v2\/media\/11388"}],"wp:attachment":[{"href":"https:\/\/www.enorsai.com\/noticias\/wp-json\/wp\/v2\/media?parent=11386"}],"wp:term":[{"taxonomy":"category","embeddable":true,"href":"https:\/\/www.enorsai.com\/noticias\/wp-json\/wp\/v2\/categories?post=11386"},{"taxonomy":"post_tag","embeddable":true,"href":"https:\/\/www.enorsai.com\/noticias\/wp-json\/wp\/v2\/tags?post=11386"}],"curies":[{"name":"wp","href":"https:\/\/api.w.org\/{rel}","templated":true}]}}