{"id":11384,"date":"2025-11-27T07:02:45","date_gmt":"2025-11-27T10:02:45","guid":{"rendered":"https:\/\/www.enorsai.com\/noticias\/economia\/el-crecimiento-que-no-llega-al-empleo-el-modelo-milei-muestra-cifras-positivas-que-esconden-estancamiento-social\/"},"modified":"2025-11-27T07:02:45","modified_gmt":"2025-11-27T10:02:45","slug":"el-crecimiento-que-no-llega-al-empleo-el-modelo-milei-muestra-cifras-positivas-que-esconden-estancamiento-social","status":"publish","type":"post","link":"https:\/\/www.enorsai.com\/noticias\/economia\/el-crecimiento-que-no-llega-al-empleo-el-modelo-milei-muestra-cifras-positivas-que-esconden-estancamiento-social\/","title":{"rendered":"El crecimiento que no llega al empleo: el modelo Milei muestra cifras \u201cpositivas\u201d que esconden estancamiento social"},"content":{"rendered":"\n<p>La \u00faltima actualizaci\u00f3n del nivel de actividad volvi\u00f3 a alimentar el relato oficial del \u201crebote\u201d econ\u00f3mico, pero basta leer con precisi\u00f3n los datos para descubrir que esta supuesta mejora tiene pies de barro. El indicador de septiembre mostr\u00f3 un aumento del 0,5% respecto de agosto y del 5% interanual, cifras que de inmediato fueron celebradas por el Gobierno como prueba del \u00e9xito del programa econ\u00f3mico.<\/p>\n\n\n\n<p>Sin embargo, y como viene advirtiendo la economista Julia Strada, directora del CEPA y diputada nacional por Uni\u00f3n por la Patria, la din\u00e1mica detr\u00e1s de estos n\u00fameros revela una desconexi\u00f3n cada vez m\u00e1s profunda entre el crecimiento macroecon\u00f3mico y las condiciones reales del empleo y la producci\u00f3n.<br><br>Las revisiones de la serie del INDEC corregieron al alza los meses previos y evitaron, casi por accidente estad\u00edstico, que Argentina ingresara formalmente en recesi\u00f3n. Junio pas\u00f3 de -0,6% a -0,4%, julio de -0,1% a +0,1%, y agosto de +0,3% a +0,7%. Pero lejos de ser una se\u00f1al de fortaleza, este peque\u00f1o reacomodamiento muestra que la econom\u00eda argentina transita un sendero extremadamente inestable, donde una d\u00e9cima m\u00e1s o una d\u00e9cima menos pueden cambiar el r\u00f3tulo t\u00e9cnico del ciclo sin modificar en lo m\u00e1s m\u00ednimo la vida cotidiana de las personas. Justamente por eso, Strada insiste en leer estos datos de manera integral y no como flashes de optimismo descontextualizados.<br><br>Lo verdaderamente llamativo est\u00e1 en la anatom\u00eda del crecimiento. Seg\u00fan el an\u00e1lisis del CEPA, m\u00e1s del 80% de la variaci\u00f3n interanual positiva est\u00e1 explicada por componentes que dicen poco \u2014o nada\u2014 sobre la generaci\u00f3n de empleo. El mayor aporte proviene de \u201cImpuestos netos de subsidios\u201d, un rubro estrictamente contable que no representa producci\u00f3n, inversi\u00f3n ni trabajo. Le siguen la intermediaci\u00f3n financiera, las actividades inmobiliarias y la explotaci\u00f3n de minas y canteras, todos sectores que emplean a una porci\u00f3n minoritaria de la fuerza laboral. Strada sintetiza esta paradoja al se\u00f1alar que la mayor parte de la contribuci\u00f3n al crecimiento proviene de actividades \u201cde baja intensidad en mano de obra\u201d, mientras los sectores que sostienen casi la mitad del empleo privado registrado retroceden o directamente se hunden.<br><br>El contraste es brutal. Construcci\u00f3n, industria manufacturera y comercio \u2014los pilares del empleo asalariado privado\u2014 muestran ca\u00eddas profundas cuando se comparan los primeros nueve meses de 2025 con el mismo per\u00edodo de 2023. En conjunto, estos sectores representan casi el 45% del empleo privado registrado, pero fueron relegados por un modelo econ\u00f3mico que celebra la expansi\u00f3n de actividades que, aun cuando crecen, no tienen capacidad de absorber a los trabajadores que expulsan los sectores en crisis. La recuperaci\u00f3n, entonces, es asim\u00e9trica y excluyente por dise\u00f1o: crece donde casi no hay empleo y cae donde vive la mayor parte de la clase trabajadora.<\/p>\n\n\n\n<figure class=\"wp-block-embed is-type-rich is-provider-twitter wp-block-embed-twitter\"><div class=\"wp-block-embed__wrapper\">\n<blockquote class=\"twitter-tweet\" data-width=\"550\" data-dnt=\"true\"><p lang=\"es\" dir=\"ltr\">En septiembre, la actividad econ\u00f3mica creci\u00f3 0,5% respecto de agosto y 5,0% en comparaci\u00f3n con sep\/24. La revisi\u00f3n de la serie tambi\u00e9n ajust\u00f3 al alza los datos de los meses previos, ya que agosto pas\u00f3 de +0,3% a +0,7%, julio de -0,1% a +0,1% y junio de -0,6% a -0,4%. Estas\u2026 <a href=\"https:\/\/t.co\/CM66YZOVLJ\">pic.twitter.com\/CM66YZOVLJ<\/a><\/p>&mdash; Julia Strada (@Juli_Strada) <a href=\"https:\/\/twitter.com\/Juli_Strada\/status\/1993691845088481614?ref_src=twsrc%5Etfw\">November 26, 2025<\/a><\/blockquote><script async src=\"https:\/\/platform.twitter.com\/widgets.js\" charset=\"utf-8\"><\/script>\n<\/div><\/figure>\n\n\n\n<p><br><br>Los gr\u00e1ficos del CEPA permiten ver esta distorsi\u00f3n con claridad. Mientras el nivel de actividad muestra una curva ascendente desde comienzos de 2025, el empleo asalariado registrado permanece estancado alrededor de los 6,2 millones desde mayo de 2024 y, de hecho, se insin\u00faa a la baja en los \u00faltimos meses. La correlaci\u00f3n hist\u00f3rica entre actividad y empleo \u2014lo normal, lo esperable, lo que sostiene cualquier recuperaci\u00f3n genuina\u2014 se rompi\u00f3. Lo que crece, crece sin trabajadores. Lo que cae, arrastra a los trabajadores consigo. Y en el medio, el Gobierno intenta instalar la idea de un pa\u00eds que se recupera sin que la poblaci\u00f3n perciba ninguna mejora concreta.<br><br>Incluso si el ritmo actual se sostuviera, el a\u00f1o podr\u00eda cerrar con un rebote del 4,5%, en l\u00ednea con las \u00faltimas proyecciones del FMI. Pero se trata de un rebote que, como recuerda Strada, es esencialmente estad\u00edstico: depende del derrumbe previo, del piso baj\u00edsimo dejado por diciembre de 2024, y del impulso de sectores que funcionan al margen de la econom\u00eda real. El nivel de actividad sin estacionalidad confirma esta idea: el promedio entre diciembre de 2023 y septiembre de 2025 sigue por debajo del promedio del per\u00edodo enero 2022 a noviembre 2023. Es decir, el pa\u00eds no recuper\u00f3 a\u00fan la din\u00e1mica econ\u00f3mica previa al shock libertario.<br><br>Lo que queda expuesto, en definitiva, es el coraz\u00f3n del experimento econ\u00f3mico de Javier Milei. Un esquema que festeja la suba de los impuestos netos de subsidios como si fuera m\u00e9rito productivo, que abraza la intermediaci\u00f3n financiera como motor del crecimiento mientras la industria cierra plantas y la construcci\u00f3n se vac\u00eda, y que considera un \u00e9xito el repunte de la miner\u00eda aunque ese impulso apenas derrame en el mercado laboral. Un pa\u00eds que celebra datos que no impactan en la vida de la mayor\u00eda es un pa\u00eds que se est\u00e1 acostumbrando a que la econom\u00eda funcione de espaldas a la sociedad.<br><br>Por eso la lectura de Strada resulta tan inc\u00f3moda para el discurso oficial: porque desnuda que lo que crece es el Excel, no la Argentina. La actividad se mueve, s\u00ed, pero lo hace en un mundo paralelo donde la expansi\u00f3n se concentra en sectores que emplean poco y donde la mayor\u00eda de los trabajadores queda atrapada en la quietud o en el retroceso. La desconexi\u00f3n entre crecimiento y empleo ya no es un riesgo: es una realidad consolidada. Y en ella se juega el verdadero fracaso del gobierno libertario: administrar un pa\u00eds que crece sin mejorar la vida de su gente.<\/p>\n","protected":false},"excerpt":{"rendered":"<p>La \u00faltima actualizaci\u00f3n del nivel de actividad volvi\u00f3 a alimentar el relato oficial del \u201crebote\u201d econ\u00f3mico, pero basta leer con precisi\u00f3n los datos para descubrir que esta supuesta mejora tiene pies de barro. El indicador de septiembre mostr\u00f3 un aumento del 0,5% respecto de agosto y del 5% interanual, cifras que de inmediato fueron celebradas&#8230;<\/p>\n","protected":false},"author":1,"featured_media":11383,"comment_status":"open","ping_status":"open","sticky":false,"template":"","format":"standard","meta":{"_monsterinsights_skip_tracking":false,"_monsterinsights_sitenote_active":false,"_monsterinsights_sitenote_note":"","_monsterinsights_sitenote_category":0,"footnotes":"","jetpack_publicize_message":"","jetpack_publicize_feature_enabled":true,"jetpack_social_post_already_shared":true,"jetpack_social_options":{"image_generator_settings":{"template":"highway","default_image_id":0,"font":"","enabled":false},"version":2}},"categories":[3],"tags":[],"class_list":["post-11384","post","type-post","status-publish","format-standard","has-post-thumbnail","hentry","category-economia"],"jetpack_publicize_connections":[],"_links":{"self":[{"href":"https:\/\/www.enorsai.com\/noticias\/wp-json\/wp\/v2\/posts\/11384","targetHints":{"allow":["GET"]}}],"collection":[{"href":"https:\/\/www.enorsai.com\/noticias\/wp-json\/wp\/v2\/posts"}],"about":[{"href":"https:\/\/www.enorsai.com\/noticias\/wp-json\/wp\/v2\/types\/post"}],"author":[{"embeddable":true,"href":"https:\/\/www.enorsai.com\/noticias\/wp-json\/wp\/v2\/users\/1"}],"replies":[{"embeddable":true,"href":"https:\/\/www.enorsai.com\/noticias\/wp-json\/wp\/v2\/comments?post=11384"}],"version-history":[{"count":0,"href":"https:\/\/www.enorsai.com\/noticias\/wp-json\/wp\/v2\/posts\/11384\/revisions"}],"wp:featuredmedia":[{"embeddable":true,"href":"https:\/\/www.enorsai.com\/noticias\/wp-json\/wp\/v2\/media\/11383"}],"wp:attachment":[{"href":"https:\/\/www.enorsai.com\/noticias\/wp-json\/wp\/v2\/media?parent=11384"}],"wp:term":[{"taxonomy":"category","embeddable":true,"href":"https:\/\/www.enorsai.com\/noticias\/wp-json\/wp\/v2\/categories?post=11384"},{"taxonomy":"post_tag","embeddable":true,"href":"https:\/\/www.enorsai.com\/noticias\/wp-json\/wp\/v2\/tags?post=11384"}],"curies":[{"name":"wp","href":"https:\/\/api.w.org\/{rel}","templated":true}]}}