{"id":11373,"date":"2025-11-27T05:45:32","date_gmt":"2025-11-27T08:45:32","guid":{"rendered":"https:\/\/www.enorsai.com\/noticias\/?p=11373"},"modified":"2025-11-27T05:45:37","modified_gmt":"2025-11-27T08:45:37","slug":"un-director-de-la-oa-defendia-al-lobista-preso-por-coimas-en-la-andis-mientras-seguia-cobrando-del-estado","status":"publish","type":"post","link":"https:\/\/www.enorsai.com\/noticias\/politica\/un-director-de-la-oa-defendia-al-lobista-preso-por-coimas-en-la-andis-mientras-seguia-cobrando-del-estado\/","title":{"rendered":"Un director de la OA defend\u00eda al lobista preso por coimas en la Andis mientras segu\u00eda cobrando del Estado"},"content":{"rendered":"\n<p><strong>La revelaci\u00f3n golpea de lleno al Ministerio de Justicia de C\u00faneo Libarona y expone un ins\u00f3lito conflicto de intereses en el coraz\u00f3n del organismo que deber\u00eda investigar la corrupci\u00f3n.<\/strong><\/p>\n\n\n\n<p>La crisis interna por el esc\u00e1ndalo de la Andis sum\u00f3 un cap\u00edtulo todav\u00eda m\u00e1s turbio: el abogado Camilo Cordero Fabbri, quien se desempe\u00f1a como coordinador de Admisi\u00f3n y Derivaci\u00f3n de Denuncias en la Oficina Anticorrupci\u00f3n \u2014es decir, un funcionario con responsabilidad directa en recibir e impulsar investigaciones por irregularidades\u2014 result\u00f3 ser el defensor de Miguel Calvete, el lobista de las droguer\u00edas detenido por la causa de las coimas que salpica al gobierno de Javier Milei.<\/p>\n\n\n\n<p>La situaci\u00f3n es explosiva porque la OA depende directamente del Ministerio de Justicia, conducido por Mariano C\u00faneo Libarona, y es precisamente el organismo que deber\u00eda estar a la vanguardia del combate contra los negociados, las coimas y la captura privada del Estado. Pero, en lugar de eso, uno de sus directores aparec\u00eda en plena escena del allanamiento a Calvete, meti\u00e9ndose en un operativo judicial sin justificar su presencia, preguntando \u201cqu\u00e9 estaba pasando\u201d y, seg\u00fan revel\u00f3 La Naci\u00f3n, actuando como hombre de auxilio del lobista en medio del procedimiento.<\/p>\n\n\n\n<p>El propio diario expuso adem\u00e1s un detalle que roza lo grotesco: en la cocina de la casona de Defensa al 1400 donde operaba Calvete hab\u00eda un papel pegado con instrucciones para manejarse frente a cualquier consulta judicial. El mensaje dejaba claro el nivel de ocultamiento: \u201cCualquiera que pregunte por Indecom, Finfox, Profarma, Reposane, Bimax, Miguel Calvete o Guadalupe Mu\u00f1oz: AC\u00c1 NO ES\u201d. La menci\u00f3n a Guadalupe Mu\u00f1oz, pareja del lobista, confirma la dimensi\u00f3n de una red ilegal que conviv\u00eda con absoluta normalidad en un espacio que funcionaba como oficina, guarida y centro de operaciones.<\/p>\n\n\n\n<p>Aunque Cordero Fabbri no figura como abogado defensor de Calvete en la causa por las coimas en la Andis, s\u00ed lo hizo en otro expediente: el del caso por el que el empresario termin\u00f3 preso en Ezeiza por explotaci\u00f3n de la prostituci\u00f3n ajena. Su nombre, lejos de ser un detalle aislado, aparece incluso en la lista \u201cTuco\u201d secuestrada al lobista, donde figuran varias personas que integraban su c\u00edrculo de confianza dentro y fuera del Estado.<\/p>\n\n\n\n<p>La misma lista ya provoc\u00f3 ca\u00eddas resonantes en el gobierno libertario. Ornella y Susana Calvete \u2014hija y hermana del lobista\u2014 debieron renunciar a sus cargos en la administraci\u00f3n p\u00fablica. Y tambi\u00e9n cay\u00f3 Javier Cardini, n\u00famero dos de Industria y pareja de Ornella Calvete, a quien la Justicia le encontr\u00f3 <strong>700 mil d\u00f3lares<\/strong> en el domicilio que compart\u00edan. La trama combina v\u00ednculos familiares, negocios privados, favores mutuos y presencia en \u00e1reas clave del Estado, lo que sugiere un nivel de penetraci\u00f3n institucional incompatible con cualquier narrativa anticorrupci\u00f3n.<\/p>\n\n\n\n<p>El caso deja expuesta una contradicci\u00f3n monumental: mientras Javier Milei se presenta como enemigo ac\u00e9rrimo de la \u201ccasta\u201d y defensor de la transparencia, su propio Ministerio de Justicia ten\u00eda dentro de la Oficina Anticorrupci\u00f3n a un funcionario que actuaba como abogado del principal implicado en un esquema millonario de coimas en organismos p\u00fablicos. Que ese mismo funcionario estuviera presente en un allanamiento, sin explicaci\u00f3n clara y consultando qu\u00e9 ocurr\u00eda, muestra hasta qu\u00e9 punto la l\u00ednea entre Estado y operadores privados qued\u00f3 completamente desdibujada.<\/p>\n\n\n\n<p>La pregunta que queda flotando es obvia pero inevitable: \u00bfc\u00f3mo puede funcionar un organismo anticorrupci\u00f3n cuando uno de sus directores aparece comprometido con el acusado central de un caso que pone en jaque al propio gobierno? La trama reci\u00e9n empieza a desplegarse, pero ya deja a la vista un patr\u00f3n inquietante: la convivencia promiscua entre funcionarios libertarios, operadores de negocios turbios y un Estado cada vez m\u00e1s permeado por intereses privados que operan bajo protecci\u00f3n pol\u00edtica.<\/p>\n\n\n\n<p>En cualquier pa\u00eds serio, este esc\u00e1ndalo ser\u00eda suficiente para provocar renuncias inmediatas, investigaciones internas y un replanteo institucional. En la Argentina de Milei, todo indica que ser\u00e1 apenas otro cap\u00edtulo de una cadena de episodios donde la supuesta \u201clucha contra la corrupci\u00f3n\u201d queda reducida a un eslogan vac\u00edo, mientras los hechos revelan una maquinaria aceitada de favores, complicidades y encubrimientos.<\/p>\n\n\n\n<p>Fuente:<\/p>\n\n\n\n<p>.<a href=\"https:\/\/www.lapoliticaonline.com\/politica\/un-director-de-la-oficina-anticorrupcion-es-abogado-del-lobista-detenido-por-las-coimas-en-la-andis-9352\/\">https:\/\/www.lapoliticaonline.com\/politica\/un-director-de-la-oficina-anticorrupcion-es-abogado-del-lobista-detenido-por-las-coimas-en-la-andis-9352\/<\/a><\/p>\n","protected":false},"excerpt":{"rendered":"<p>La revelaci\u00f3n golpea de lleno al Ministerio de Justicia de C\u00faneo Libarona y expone un ins\u00f3lito conflicto de intereses en el coraz\u00f3n del organismo que deber\u00eda investigar la corrupci\u00f3n. La crisis interna por el esc\u00e1ndalo de la Andis sum\u00f3 un cap\u00edtulo todav\u00eda m\u00e1s turbio: el abogado Camilo Cordero Fabbri, quien se desempe\u00f1a como coordinador de&#8230;<\/p>\n","protected":false},"author":12,"featured_media":11374,"comment_status":"open","ping_status":"open","sticky":false,"template":"","format":"standard","meta":{"_monsterinsights_skip_tracking":false,"_monsterinsights_sitenote_active":false,"_monsterinsights_sitenote_note":"","_monsterinsights_sitenote_category":0,"footnotes":"","jetpack_publicize_message":"","jetpack_publicize_feature_enabled":true,"jetpack_social_post_already_shared":true,"jetpack_social_options":{"image_generator_settings":{"template":"highway","default_image_id":0,"font":"","enabled":false},"version":2}},"categories":[3947,2],"tags":[],"class_list":["post-11373","post","type-post","status-publish","format-standard","has-post-thumbnail","hentry","category-corrupcion","category-politica"],"jetpack_publicize_connections":[],"_links":{"self":[{"href":"https:\/\/www.enorsai.com\/noticias\/wp-json\/wp\/v2\/posts\/11373","targetHints":{"allow":["GET"]}}],"collection":[{"href":"https:\/\/www.enorsai.com\/noticias\/wp-json\/wp\/v2\/posts"}],"about":[{"href":"https:\/\/www.enorsai.com\/noticias\/wp-json\/wp\/v2\/types\/post"}],"author":[{"embeddable":true,"href":"https:\/\/www.enorsai.com\/noticias\/wp-json\/wp\/v2\/users\/12"}],"replies":[{"embeddable":true,"href":"https:\/\/www.enorsai.com\/noticias\/wp-json\/wp\/v2\/comments?post=11373"}],"version-history":[{"count":1,"href":"https:\/\/www.enorsai.com\/noticias\/wp-json\/wp\/v2\/posts\/11373\/revisions"}],"predecessor-version":[{"id":11375,"href":"https:\/\/www.enorsai.com\/noticias\/wp-json\/wp\/v2\/posts\/11373\/revisions\/11375"}],"wp:featuredmedia":[{"embeddable":true,"href":"https:\/\/www.enorsai.com\/noticias\/wp-json\/wp\/v2\/media\/11374"}],"wp:attachment":[{"href":"https:\/\/www.enorsai.com\/noticias\/wp-json\/wp\/v2\/media?parent=11373"}],"wp:term":[{"taxonomy":"category","embeddable":true,"href":"https:\/\/www.enorsai.com\/noticias\/wp-json\/wp\/v2\/categories?post=11373"},{"taxonomy":"post_tag","embeddable":true,"href":"https:\/\/www.enorsai.com\/noticias\/wp-json\/wp\/v2\/tags?post=11373"}],"curies":[{"name":"wp","href":"https:\/\/api.w.org\/{rel}","templated":true}]}}