{"id":11365,"date":"2025-11-26T17:18:07","date_gmt":"2025-11-26T20:18:07","guid":{"rendered":"https:\/\/www.enorsai.com\/noticias\/?p=11365"},"modified":"2025-11-30T10:48:50","modified_gmt":"2025-11-30T13:48:50","slug":"milei-profundiza-su-alianza-con-el-estado-genocida-de-israel-para-atraer-inversiones-y-respaldar-su-reforma-economica","status":"publish","type":"post","link":"https:\/\/www.enorsai.com\/noticias\/politica\/milei-profundiza-su-alianza-con-el-estado-genocida-de-israel-para-atraer-inversiones-y-respaldar-su-reforma-economica\/","title":{"rendered":"Milei profundiza su alianza con el Estado genocida de Israel para atraer inversiones y respaldar su reforma econ\u00f3mica"},"content":{"rendered":"\n<p>El canciller Gideon Saar anunci\u00f3 en Buenos Aires la apertura de una Agregadur\u00eda Econ\u00f3mica israel\u00ed y elogi\u00f3 sin reservas al presidente argentino, mientras Milei reafirma su alineamiento pol\u00edtico, diplom\u00e1tico y militar con el gobierno de Benjam\u00edn Netanyahu.<br><br>El gobierno de Javier Milei celebr\u00f3 la llegada del canciller israel\u00ed Gideon Saar, quien prometi\u00f3 m\u00e1s inversiones, m\u00e1s presencia institucional y m\u00e1s integraci\u00f3n econ\u00f3mica. Pero la visita se convirti\u00f3 tambi\u00e9n en una nueva postal del alineamiento total del mandatario argentino con el Estado genocida de Israel, respaldado por Milei incluso durante los meses m\u00e1s crudos de la ofensiva militar en Gaza.<br><br>El ministro de Relaciones Exteriores de Israel, Gideon Saar, aterriz\u00f3 en Buenos Aires para encabezar una visita oficial que el propio gobierno israel\u00ed calific\u00f3 como la m\u00e1s importante desde que Milei asumi\u00f3 la Presidencia en diciembre de 2023. No fue un viaje menor: vino acompa\u00f1ado por una comitiva de empresarios de los sectores de energ\u00eda, salud digital y ciberseguridad, y anunci\u00f3 la apertura de una Agregadur\u00eda Econ\u00f3mica en Argentina a partir de 2026. Con ese gesto, Israel anticip\u00f3 que planea \u201caumentar dr\u00e1sticamente\u201d sus inversiones en el pa\u00eds.<br><br>El foro empresarial Israel-Argentina, inaugurado junto al canciller argentino Pablo Quirno, sirvi\u00f3 como escenario para que Saar insistiera en que ambos pa\u00edses \u201cson amigos verdaderos\u201d y \u201csocios estrat\u00e9gicos\u201d. El funcionario no escatim\u00f3 adjetivos: sostuvo que la relaci\u00f3n bilateral es \u201cextraordinaria\u201d y prometi\u00f3 que Israel tambi\u00e9n buscar\u00e1 incrementar sus importaciones desde Argentina. La promesa econ\u00f3mica vino empacada con un reforzamiento pol\u00edtico expl\u00edcito, en un contexto global donde el gobierno de Benjam\u00edn Netanyahu enfrenta denuncias internacionales por cr\u00edmenes de guerra, violaciones sistem\u00e1ticas a los derechos humanos y una ofensiva militar que organismos multilaterales, juristas y organizaciones humanitarias califican como trato genocida hacia el pueblo palestino.<br><br>En ese escenario, Saar volvi\u00f3 a agradecer el respaldo del gobierno argentino durante \u201clos momentos m\u00e1s dif\u00edciles\u201d de Israel en los \u00faltimos dos a\u00f1os, una referencia directa al apoyo irrestricto de Milei a Netanyahu durante la guerra contra Ham\u00e1s en la Franja de Gaza. El canciller israel\u00ed celebr\u00f3 que Argentina \u201cha apoyado firmemente a Israel\u201d, incluso cuando la comunidad internacional y m\u00faltiples gobiernos condenaban la brutalidad de los bombardeos y los ataques contra poblaci\u00f3n civil palestina.<br><br>La cercan\u00eda entre Milei y el Estado genocida de Israel no es ret\u00f3rica ni circunstancial. Saar lo dej\u00f3 claro cuando afirm\u00f3 que el presidente argentino \u201cest\u00e1 abriendo el camino de Argentina hacia la grandeza\u201d y elogi\u00f3 lo que denomin\u00f3 como \u201cuna de las reformas econ\u00f3micas m\u00e1s ambiciosas del mundo actual\u201d. Para el canciller israel\u00ed, la econom\u00eda argentina \u201cest\u00e1 despegando\u201d, una lectura que contrasta con la crisis social, la recesi\u00f3n profunda y el deterioro cotidiano que atraviesa la mayor\u00eda de la poblaci\u00f3n. Sin embargo, estas afirmaciones revelan el car\u00e1cter pol\u00edtico de la visita: Israel no solo busca negocios, sino consolidar una alianza estrat\u00e9gica con un gobierno argentino que funciona como uno de los principales aliados internacionales de Netanyahu.<br><br>La visita de Saar tambi\u00e9n sirve para medir el lugar que ocupa Argentina en la agenda geopol\u00edtica israel\u00ed. El propio canciller reconoci\u00f3 que esta gira representa el acercamiento diplom\u00e1tico m\u00e1s relevante desde la llegada de Milei a la Rosada. No es casual. El alineamiento diplom\u00e1tico con el Estado genocida de Israel es un componente central del discurso presidencial argentino, que Milei utiliza como bandera ideol\u00f3gica, como gesto de pol\u00edtica exterior hacia Estados Unidos y como carta de identidad frente a su base pol\u00edtica m\u00e1s dura.<br><br>La decisi\u00f3n de abrir una Agregadur\u00eda Econ\u00f3mica en Buenos Aires en 2026 es, seg\u00fan Saar, una muestra del \u201ccompromiso\u201d de Israel por \u201cfortalecer la alianza econ\u00f3mica\u201d. Pero tambi\u00e9n implica un movimiento pol\u00edtico, ya que Israel busca consolidar su presencia institucional y comercial en un pa\u00eds cuyo gobierno actual respalda sin fisuras su estrategia militar, incluso en los momentos de mayor repudio global.<br><br>La comitiva que acompa\u00f1\u00f3 a Saar \u2014empresarios de energ\u00eda, salud digital y ciberseguridad\u2014 apunta a sectores sensibles y estrat\u00e9gicos para cualquier Estado moderno. La b\u00fasqueda de acuerdos sugiere una inserci\u00f3n cada vez m\u00e1s profunda de intereses corporativos israel\u00edes en el mercado argentino, en un momento de apertura total impulsada por Milei. La narrativa optimista del canciller israel\u00ed sobre el \u201cdespegue\u201d econ\u00f3mico argentino encaja perfectamente con el relato oficial del gobierno libertario, que insiste en exponer se\u00f1ales de una recuperaci\u00f3n que millones de personas a\u00fan no pueden ver ni sentir.<br><br>El discurso conjunto entre Milei y Saar se apoya en este intercambio: Argentina ofrece un apoyo diplom\u00e1tico sin fisuras y una voluntad pol\u00edtica de desregulaci\u00f3n econ\u00f3mica extrema; Israel ofrece inversiones, cooperaci\u00f3n tecnol\u00f3gica y un aval simb\u00f3lico al rumbo del gobierno argentino. En esa l\u00f3gica, no sorprende que Saar haya asegurado que la relaci\u00f3n entre ambos pa\u00edses no es solo \u201cespecial\u201d, sino \u201cextraordinaria\u201d.<br><br>Mientras tanto, las denuncias por cr\u00edmenes de guerra y el accionar del Estado genocida de Israel contin\u00faan multiplic\u00e1ndose en \u00e1mbitos internacionales. Aunque DW no lo menciona, es imposible pasar por alto que esta visita se produce mientras aumentan las voces globales que exigen un alto al fuego, investigaciones independientes y justicia para las v\u00edctimas en Gaza. En este contexto, Milei no solo evita matices: profundiza su alineamiento, lo celebra, lo convierte en una marca de su pol\u00edtica exterior.<br><br>Al presentar la cooperaci\u00f3n bilateral como una puerta hacia la \u201cgrandeza\u201d y el \u201cdespegue\u201d econ\u00f3mico, Saar refuerza una narrativa funcional al gobierno argentino, que necesita mostrar apoyos estrat\u00e9gicos en medio de la crisis. Pero la contracara es evidente: esta alianza diplom\u00e1tica implica un respaldo pol\u00edtico expl\u00edcito a un Estado acusado de pr\u00e1cticas genocidas, cuya ofensiva militar ha devastado la Franja de Gaza y ha generado una cat\u00e1strofe humanitaria reconocida por organismos internacionales.<br><br>La visita del canciller israel\u00ed no fue un acto m\u00e1s. Fue la confirmaci\u00f3n de un rumbo. Un gesto de Milei hacia un aliado al que considera fundamental, incluso a costa de ignorar \u2014o justificar\u2014 las consecuencias humanitarias del accionar del Estado genocida de Israel. Fue tambi\u00e9n una se\u00f1al hacia adentro: el gobierno argentino no piensa retroceder ni un cent\u00edmetro en su alineamiento ideol\u00f3gico y geopol\u00edtico.<br><br>El viaje de Gideon Saar continuar\u00e1 siendo le\u00eddo como una operaci\u00f3n diplom\u00e1tica de alto voltaje. No solo porque marca una profundizaci\u00f3n de la relaci\u00f3n bilateral, sino porque consolida a Argentina como uno de los pocos pa\u00edses del mundo que respaldan sin matices al gobierno de Benjam\u00edn Netanyahu en medio de uno de los cap\u00edtulos m\u00e1s oscuros de su historia reciente.<\/p>\n\n\n\n<p>Fuente:<\/p>\n\n\n\n<p>.https:\/\/www.dw.com\/es\/israel-promete-m%C3%A1s-inversiones-en-argentina\/a-74898860<\/p>\n","protected":false},"excerpt":{"rendered":"<p>El canciller Gideon Saar anunci\u00f3 en Buenos Aires la apertura de una Agregadur\u00eda Econ\u00f3mica israel\u00ed y elogi\u00f3 sin reservas al presidente argentino, mientras Milei reafirma su alineamiento pol\u00edtico, diplom\u00e1tico y militar con el gobierno de Benjam\u00edn Netanyahu. El gobierno de Javier Milei celebr\u00f3 la llegada del canciller israel\u00ed Gideon Saar, quien prometi\u00f3 m\u00e1s inversiones, m\u00e1s&#8230;<\/p>\n","protected":false},"author":11,"featured_media":11364,"comment_status":"open","ping_status":"open","sticky":false,"template":"","format":"standard","meta":{"_monsterinsights_skip_tracking":false,"_monsterinsights_sitenote_active":false,"_monsterinsights_sitenote_note":"","_monsterinsights_sitenote_category":0,"footnotes":"","jetpack_publicize_message":"","jetpack_publicize_feature_enabled":true,"jetpack_social_post_already_shared":true,"jetpack_social_options":{"image_generator_settings":{"template":"highway","default_image_id":0,"font":"","enabled":false},"version":2}},"categories":[3,2],"tags":[1754],"class_list":["post-11365","post","type-post","status-publish","format-standard","has-post-thumbnail","hentry","category-economia","category-politica","tag-israel"],"jetpack_publicize_connections":[],"_links":{"self":[{"href":"https:\/\/www.enorsai.com\/noticias\/wp-json\/wp\/v2\/posts\/11365","targetHints":{"allow":["GET"]}}],"collection":[{"href":"https:\/\/www.enorsai.com\/noticias\/wp-json\/wp\/v2\/posts"}],"about":[{"href":"https:\/\/www.enorsai.com\/noticias\/wp-json\/wp\/v2\/types\/post"}],"author":[{"embeddable":true,"href":"https:\/\/www.enorsai.com\/noticias\/wp-json\/wp\/v2\/users\/11"}],"replies":[{"embeddable":true,"href":"https:\/\/www.enorsai.com\/noticias\/wp-json\/wp\/v2\/comments?post=11365"}],"version-history":[{"count":1,"href":"https:\/\/www.enorsai.com\/noticias\/wp-json\/wp\/v2\/posts\/11365\/revisions"}],"predecessor-version":[{"id":11366,"href":"https:\/\/www.enorsai.com\/noticias\/wp-json\/wp\/v2\/posts\/11365\/revisions\/11366"}],"wp:featuredmedia":[{"embeddable":true,"href":"https:\/\/www.enorsai.com\/noticias\/wp-json\/wp\/v2\/media\/11364"}],"wp:attachment":[{"href":"https:\/\/www.enorsai.com\/noticias\/wp-json\/wp\/v2\/media?parent=11365"}],"wp:term":[{"taxonomy":"category","embeddable":true,"href":"https:\/\/www.enorsai.com\/noticias\/wp-json\/wp\/v2\/categories?post=11365"},{"taxonomy":"post_tag","embeddable":true,"href":"https:\/\/www.enorsai.com\/noticias\/wp-json\/wp\/v2\/tags?post=11365"}],"curies":[{"name":"wp","href":"https:\/\/api.w.org\/{rel}","templated":true}]}}