{"id":11359,"date":"2025-11-26T16:26:58","date_gmt":"2025-11-26T19:26:58","guid":{"rendered":"https:\/\/www.enorsai.com\/noticias\/?p=11359"},"modified":"2025-11-26T16:27:01","modified_gmt":"2025-11-26T19:27:01","slug":"la-armada-bajo-sospecha-investigan-a-un-vicealmirante-por-ordenar-la-destruccion-de-archivos-de-la-dictadura","status":"publish","type":"post","link":"https:\/\/www.enorsai.com\/noticias\/derechos-humanos\/la-armada-bajo-sospecha-investigan-a-un-vicealmirante-por-ordenar-la-destruccion-de-archivos-de-la-dictadura\/","title":{"rendered":"La Armada bajo sospecha: investigan a un vicealmirante por ordenar la destrucci\u00f3n de archivos de la dictadura"},"content":{"rendered":"\n<p><strong>Un alto mando naval qued\u00f3 en la mira judicial tras intentar triturar documentaci\u00f3n clave para causas de lesa humanidad, en sinton\u00eda con el avance negacionista del gobierno de Milei.<\/strong><\/p>\n\n\n\n<p><strong>La maniobra revela un patr\u00f3n: del vaciamiento de organismos de memoria a la degradaci\u00f3n de Derechos Humanos, el Ejecutivo profundiza el ataque contra la verdad hist\u00f3rica mientras protege a las Fuerzas Armadas.<\/strong><\/p>\n\n\n\n<p>La escena tiene una gravedad que remite a los peores reflejos corporativos de la dictadura, pero ocurre en pleno 2025: la Justicia federal investiga al vicealmirante Juan Carlos Cor\u00e9, uno de los principales jefes operativos de la Armada, por haber ordenado la destrucci\u00f3n de documentaci\u00f3n que podr\u00eda servir como prueba en investigaciones por cr\u00edmenes de lesa humanidad. La denuncia, presentada por el fiscal F\u00e9lix Crous, expone lo que el propio Ministerio de Defensa se empe\u00f1\u00f3 en ocultar: que el 8 de enero, mediante un mensaje naval \u201creservado\u201d, Cor\u00e9 dispuso el traslado del Archivo General de la Armada (AGA) y dio instrucciones expl\u00edcitas para triturar informaci\u00f3n a partir del 10 de febrero. Un acto deliberado, clandestino y violatorio de la propia normativa interna sobre resguardo de archivos sensibles.<\/p>\n\n\n\n<p>El intento de ocultamiento cay\u00f3 cuando la Asociaci\u00f3n de Archivistas en la Funci\u00f3n P\u00fablica Argentina (AFPA) emiti\u00f3 un comunicado que encendi\u00f3 las alarmas: advirti\u00f3 que entre los papeles destinados a destrucci\u00f3n pod\u00eda haber piezas fundamentales para causas vinculadas al terrorismo de Estado. Lo que sigui\u00f3 fue un movimiento urgente de querellas, fiscales y organismos de derechos humanos para frenar la maniobra. La primera en intervenir fue la jueza Alicia Vence, desde San Mart\u00edn, y luego se sumaron magistrados de La Plata, Mar del Plata, Bah\u00eda Blanca y la Ciudad de Buenos Aires, todos con decisiones que bloquearon la mudanza y la trituraci\u00f3n.<\/p>\n\n\n\n<p>Incluso as\u00ed, la propia Armada intent\u00f3 sostener un cerco de silencio. Durante semanas se neg\u00f3 a informar qui\u00e9n hab\u00eda dado la orden, hasta que finalmente envi\u00f3 la documentaci\u00f3n al Tribunal Oral Federal 5, responsable del juicio por los cr\u00edmenes cometidos en la ESMA. All\u00ed qued\u00f3 claro: la orden llevaba la firma de Cor\u00e9. Con ese elemento firme, el fiscal Crous lo denunci\u00f3 por incumplimiento de deberes de funcionario p\u00fablico y por tentativa de destrucci\u00f3n de medios de prueba, un delito grave en cualquier contexto, pero directamente explosivo cuando se trata de cr\u00edmenes imprescriptibles de la dictadura.<\/p>\n\n\n\n<p>La investigaci\u00f3n qued\u00f3 en manos del juez federal Daniel Rafecas, quien instruye la causa m\u00e1s compleja de lesa humanidad de la Ciudad de Buenos Aires: la del accionar del Primer Cuerpo de Ej\u00e9rcito. En ese marco, el fiscal Ramiro Gonz\u00e1lez ya impuls\u00f3 la pesquisa para determinar responsabilidades y eventuales da\u00f1os en el acervo documental.<\/p>\n\n\n\n<p>El contexto que rodea este episodio no es menor. Crous sostuvo en su presentaci\u00f3n que la orden de Cor\u00e9 no fue un hecho aislado ni improvisado, sino parte de una secuencia coherente de decisiones tomadas por el gobierno de Javier Milei para obstaculizar investigaciones sobre cr\u00edmenes estatales. Record\u00f3, por ejemplo, que en febrero de 2024, el subsecretario Guillermo Madero ya hab\u00eda rechazado enviar informaci\u00f3n requerida por la Conadi, encargada de buscar a los beb\u00e9s robados durante la dictadura. Un gesto que dej\u00f3 perplejos a los organismos de derechos humanos e instal\u00f3 una conducta hostil del Estado hacia quienes investigan la desaparici\u00f3n de ni\u00f1os.<\/p>\n\n\n\n<p>El 26 de mayo de ese mismo a\u00f1o, Patricia Bullrich \u2014entonces ministra de Seguridad\u2014 tambi\u00e9n se neg\u00f3 a colaborar con la Conadi, a la que desacredit\u00f3 p\u00fablicamente acus\u00e1ndola de ser un \u201corganismo militante\u201d. S\u00f3lo dos meses despu\u00e9s, en julio, Luis Petri oficializ\u00f3 la eliminaci\u00f3n de los equipos de relevamiento y an\u00e1lisis que trabajaban con los archivos militares para aportar en causas de lesa humanidad. En agosto, Milei directamente borr\u00f3 del organigrama la Unidad Especial de Investigaci\u00f3n de la Conadi, dej\u00e1ndola sin capacidad para acceder a archivos estatales.<\/p>\n\n\n\n<p>La lista sigue: en mayo de 2025, el Ejecutivo redujo la Secretar\u00eda de Derechos Humanos a una mera subsecretar\u00eda y degrad\u00f3 simult\u00e1neamente al Archivo Nacional de la Memoria y al Museo Sitio ESMA, dos instituciones centrales para preservar pruebas, testimonios y documentos de la represi\u00f3n ilegal.<\/p>\n\n\n\n<p>Es en esa cadena de decisiones donde se inscribe el mensaje naval reservado firmado por Cor\u00e9. Para Crous, la destrucci\u00f3n del AGA es el cap\u00edtulo m\u00e1s expl\u00edcito de una pol\u00edtica que busca \u201cobstruir de forma persistente y coordinada la preservaci\u00f3n de la prueba\u201d sobre los cr\u00edmenes cometidos por el terrorismo de Estado. No es una interpretaci\u00f3n: es lo que indican los propios hechos. Hace apenas unos meses, la Armada ya hab\u00eda intentado esterilizar el Archivo Nacional de la Memoria, apenas frustrado por la intervenci\u00f3n judicial y el repudio p\u00fablico.<\/p>\n\n\n\n<p>La Marina, adem\u00e1s, arrastra un historial siniestro: en los a\u00f1os de la transici\u00f3n democr\u00e1tica, la Comisi\u00f3n Permanente de Estudios de Situaciones Especiales (Copese) se dedic\u00f3 a borrar rastros del accionar de los grupos de tareas de la ESMA. M\u00e1s tarde, ya en democracia consolidada, se descubri\u00f3 que la Armada hab\u00eda adulterado legajos de represores como Alfredo Astiz y Horacio Luis Ferrari. No es nuevo: es un modus operandi.<\/p>\n\n\n\n<p>Pero el clima pol\u00edtico actual les abri\u00f3 la puerta para ir m\u00e1s lejos. Tras la derrota electoral del 26 de octubre, el gobierno no hizo m\u00e1s que redoblar su postura negacionista. El 6 de noviembre, Petri celebr\u00f3 haber desarmado lo que llam\u00f3 \u201cel nefasto grupo de trabajo\u201d de archivos. En su relato delirante, los equipos t\u00e9cnicos que colaboraban con causas judiciales se dedicaban a \u201ccarpetear\u201d a militares con pasado en los a\u00f1os \u201970. Una inversi\u00f3n del sentido hist\u00f3rico que buscaron imponer con insistencia: victimizar a las Fuerzas Armadas, demonizar a los organismos de derechos humanos y relativizar la magnitud del terrorismo de Estado.<\/p>\n\n\n\n<p>El remate lleg\u00f3 pocos d\u00edas despu\u00e9s, cuando se anunci\u00f3 que el jefe del Ej\u00e9rcito, Carlos Presti, reemplazar\u00eda a Petri en el Ministerio de Defensa y mantendr\u00eda su estado militar, quebrando una tradici\u00f3n democr\u00e1tica de m\u00e1s de cuatro d\u00e9cadas que imped\u00eda que un uniformado en actividad ocupara un cargo pol\u00edtico en el \u00e1rea. El dato no pas\u00f3 inadvertido: Presti es hijo de Roque Presti, ex jefe del Regimiento de Infanter\u00eda 7 de La Plata y responsable directo de secuestros y desapariciones en los primeros a\u00f1os de la \u00faltima dictadura.<\/p>\n\n\n\n<p>La misma semana, el subsecretario de Derechos Humanos, Alberto Ba\u00f1os, se present\u00f3 ante un comit\u00e9 de Naciones Unidas y aprovech\u00f3 esa tribuna para minimizar la magnitud de los cr\u00edmenes del terrorismo de Estado y acusar a los organismos de \u201cfalsear la verdad\u201d. Una actitud que consolida el rumbo del Ejecutivo: reinstalar la teor\u00eda de los dos demonios, empatar responsabilidades y deslegitimar a quienes llevan d\u00e9cadas reconstruyendo la memoria colectiva.<\/p>\n\n\n\n<p>La investigaci\u00f3n contra Cor\u00e9 expone la dimensi\u00f3n real del proyecto en marcha. Si la justicia confirma que hubo una orden deliberada para destruir documentaci\u00f3n vinculada a los cr\u00edmenes del Estado, quedar\u00e1 demostrado que la reivindicaci\u00f3n oficial de las Fuerzas Armadas no es simb\u00f3lica ni ret\u00f3rica: es operativa. Y que detr\u00e1s del discurso negacionista hay acciones concretas para suprimir, adulterar o enterrar pruebas de uno de los cap\u00edtulos m\u00e1s oscuros de la historia argentina.<\/p>\n\n\n\n<p>En un pa\u00eds que a\u00fan busca a m\u00e1s de 300 personas apropiadas, y donde las causas de lesa humanidad siguen revelando nuevas responsabilidades, la preservaci\u00f3n documental no es una formalidad: es un deber democr\u00e1tico. Lo que intent\u00f3 hacer Cor\u00e9 \u2014y lo que su gobierno habilita\u2014 no es otra cosa que un ataque directo a la memoria, la verdad y la justicia. Un intento desesperado de reescribir la historia a golpe de trituradora.<\/p>\n\n\n\n<p>Pero el blindaje judicial y pol\u00edtico que busca el oficialismo encuentra un l\u00edmite en la sociedad y en el Poder Judicial que a\u00fan resiste. La denuncia avanza y la responsabilidad pesa. Lo que est\u00e1 en juego no es un archivo ni una mudanza: es la continuidad de un pacto democr\u00e1tico que, desde 1983, se sostuvo sobre una premisa b\u00e1sica e irrenunciable: <strong>Nunca M\u00e1s<\/strong>.<\/p>\n\n\n\n<p>Fuente:<\/p>\n\n\n\n<p>.<a href=\"https:\/\/www.pagina12.com.ar\/2025\/11\/26\/la-justicia-investiga-a-un-alto-mando-de-la-armada-por-intentar-destruir-documentacion\/\">https:\/\/www.pagina12.com.ar\/2025\/11\/26\/la-justicia-investiga-a-un-alto-mando-de-la-armada-por-intentar-destruir-documentacion\/<\/a><\/p>\n","protected":false},"excerpt":{"rendered":"<p>Un alto mando naval qued\u00f3 en la mira judicial tras intentar triturar documentaci\u00f3n clave para causas de lesa humanidad, en sinton\u00eda con el avance negacionista del gobierno de Milei. La maniobra revela un patr\u00f3n: del vaciamiento de organismos de memoria a la degradaci\u00f3n de Derechos Humanos, el Ejecutivo profundiza el ataque contra la verdad hist\u00f3rica&#8230;<\/p>\n","protected":false},"author":9,"featured_media":11360,"comment_status":"open","ping_status":"open","sticky":false,"template":"","format":"standard","meta":{"_monsterinsights_skip_tracking":false,"_monsterinsights_sitenote_active":false,"_monsterinsights_sitenote_note":"","_monsterinsights_sitenote_category":0,"footnotes":"","jetpack_publicize_message":"","jetpack_publicize_feature_enabled":true,"jetpack_social_post_already_shared":true,"jetpack_social_options":{"image_generator_settings":{"template":"highway","default_image_id":0,"font":"","enabled":false},"version":2}},"categories":[1908],"tags":[],"class_list":["post-11359","post","type-post","status-publish","format-standard","has-post-thumbnail","hentry","category-derechos-humanos"],"jetpack_publicize_connections":[],"_links":{"self":[{"href":"https:\/\/www.enorsai.com\/noticias\/wp-json\/wp\/v2\/posts\/11359","targetHints":{"allow":["GET"]}}],"collection":[{"href":"https:\/\/www.enorsai.com\/noticias\/wp-json\/wp\/v2\/posts"}],"about":[{"href":"https:\/\/www.enorsai.com\/noticias\/wp-json\/wp\/v2\/types\/post"}],"author":[{"embeddable":true,"href":"https:\/\/www.enorsai.com\/noticias\/wp-json\/wp\/v2\/users\/9"}],"replies":[{"embeddable":true,"href":"https:\/\/www.enorsai.com\/noticias\/wp-json\/wp\/v2\/comments?post=11359"}],"version-history":[{"count":1,"href":"https:\/\/www.enorsai.com\/noticias\/wp-json\/wp\/v2\/posts\/11359\/revisions"}],"predecessor-version":[{"id":11361,"href":"https:\/\/www.enorsai.com\/noticias\/wp-json\/wp\/v2\/posts\/11359\/revisions\/11361"}],"wp:featuredmedia":[{"embeddable":true,"href":"https:\/\/www.enorsai.com\/noticias\/wp-json\/wp\/v2\/media\/11360"}],"wp:attachment":[{"href":"https:\/\/www.enorsai.com\/noticias\/wp-json\/wp\/v2\/media?parent=11359"}],"wp:term":[{"taxonomy":"category","embeddable":true,"href":"https:\/\/www.enorsai.com\/noticias\/wp-json\/wp\/v2\/categories?post=11359"},{"taxonomy":"post_tag","embeddable":true,"href":"https:\/\/www.enorsai.com\/noticias\/wp-json\/wp\/v2\/tags?post=11359"}],"curies":[{"name":"wp","href":"https:\/\/api.w.org\/{rel}","templated":true}]}}