{"id":11356,"date":"2025-11-26T16:13:11","date_gmt":"2025-11-26T19:13:11","guid":{"rendered":"https:\/\/www.enorsai.com\/noticias\/?p=11356"},"modified":"2025-11-26T16:13:15","modified_gmt":"2025-11-26T19:13:15","slug":"whirlpool-cerro-su-planta-de-pilar-y-dejo-220-familias-en-la-calle-en-plena-ola-importadora","status":"publish","type":"post","link":"https:\/\/www.enorsai.com\/noticias\/economia\/whirlpool-cerro-su-planta-de-pilar-y-dejo-220-familias-en-la-calle-en-plena-ola-importadora\/","title":{"rendered":"Whirlpool cerr\u00f3 su planta de Pilar y dej\u00f3 220 familias en la calle en plena ola importadora"},"content":{"rendered":"\n<h3 class=\"wp-block-heading\"><strong>La multinacional estadounidense baj\u00f3 la persiana de una f\u00e1brica inaugurada hace apenas tres a\u00f1os. La empresa culp\u00f3 a la ca\u00edda del consumo y a la avalancha importadora, mientras los trabajadores denuncian abandono, improvisaci\u00f3n y una salida sin explicaci\u00f3n coherente.<\/strong><\/h3>\n\n\n\n<p>El cierre sorpresivo de la planta de Whirlpool en Pilar expone, con brutal claridad, el derrumbe del entramado productivo nacional frente a un mercado inundado de importaciones baratas. Con 220 despidos, una f\u00e1brica reci\u00e9n inaugurada y una comunidad at\u00f3nita, el caso desnuda una crisis industrial que ya no se puede maquillar. Los trabajadores resisten en la puerta, reclaman respuestas y denuncian que la empresa ni siquiera anticip\u00f3 la decisi\u00f3n.<\/p>\n\n\n\n<p>La noticia cay\u00f3 como un mazazo: Whirlpool cerr\u00f3 de manera abrupta su planta de lavarropas en el Parque Industrial de F\u00e1tima, en Pilar, y despidi\u00f3 a sus <strong>220 trabajadores<\/strong>. Una decisi\u00f3n de ejecuci\u00f3n fr\u00eda, anunciada sin previo aviso, que deja a cientos de familias sin ingresos y golpea de lleno a una regi\u00f3n que hab\u00eda apostado su futuro a la inversi\u00f3n industrial. La compa\u00f1\u00eda argument\u00f3 \u201cp\u00e9rdida de competitividad\u201d, \u201cfuerte desaceleraci\u00f3n del consumo\u201d y una \u201cola de importaciones\u201d que habr\u00eda vuelto inviable el proyecto. Pero la magnitud del cimbronazo deja al descubierto algo m\u00e1s profundo: un modelo productivo que se achica a pasos acelerados.<\/p>\n\n\n\n<p>No se trata de una planta marginal. Inaugurada en <strong>octubre de 2022<\/strong>, construida con una inversi\u00f3n de <strong>52 millones de d\u00f3lares<\/strong>, y presentada como la apuesta fabril de Whirlpool en la regi\u00f3n, la f\u00e1brica produc\u00eda lavarropas de \u00faltima generaci\u00f3n, con una meta anual de 300.000 unidades y una proyecci\u00f3n exportadora del 70%. Era, en los papeles, un s\u00edmbolo de confianza en el pa\u00eds. Tres a\u00f1os despu\u00e9s, es la muestra descarnada de un repliegue que ni el propio personal vio venir.<\/p>\n\n\n\n<p>La decisi\u00f3n fue comunicada a los empleados este mi\u00e9rcoles, seg\u00fan confirm\u00f3 la empresa a Infobae. En paralelo, se abri\u00f3 una negociaci\u00f3n con la Uni\u00f3n Obrera Metal\u00fargica para definir el paquete de salida, que incluir\u00eda indemnizaci\u00f3n completa y un plus. Pero el da\u00f1o ya est\u00e1 hecho. Desde producci\u00f3n hasta ingenier\u00eda, calidad y administraci\u00f3n: la tijera fue total. La estructura qued\u00f3 desmantelada de un d\u00eda para el otro, como si todo el proyecto de modernizaci\u00f3n industrial hubiera sido un espejismo.<\/p>\n\n\n\n<p>Mientras Whirlpool asegura que mantendr\u00e1 su presencia comercial en el pa\u00eds \u2014con entre 100 y 120 empleados dedicados exclusivamente a ventas y distribuci\u00f3n\u2014, la f\u00e1brica de Pilar permanece como un cascar\u00f3n vac\u00edo. \u201cTodav\u00eda no sabemos qu\u00e9 se va a hacer con la planta\u201d, dijeron desde la empresa. Una definici\u00f3n que suena a improvisaci\u00f3n o, peor a\u00fan, a desinter\u00e9s por el impacto social.<\/p>\n\n\n\n<p>Los trabajadores respondieron como pudieron, entre la sorpresa y el enojo. \u201cNo nos dieron ning\u00fan aviso, nos acaban de desvincular a toda la empresa, incluido el personal de administraci\u00f3n y recursos humanos. Cierran completamente y nos trajeron un transporte para el que se quiera ir\u201d, relat\u00f3 <strong>Ignacio Cabezas<\/strong>, uno de los operarios, a FM Plaza 92.1. La escena es casi cinematogr\u00e1fica: empleados agrupados \u201ctodos en la playa\u201d, resistiendo la salida forzada, neg\u00e1ndose a abandonar el predio \u201chasta que nos den una respuesta coherente\u201d. Nadie la dio.<\/p>\n\n\n\n<p>La empresa justific\u00f3 el cierre en n\u00fameros que, efectivamente, muestran un derrumbe del consumo y una p\u00e9rdida fulminante de competitividad. Seg\u00fan explicaron los propios operarios, un lavarropas Whirpool de siete kilos se vend\u00eda entre <strong>800.000 y 1.000.000 de pesos<\/strong>, mientras que un producto chino equivalente se consegu\u00eda a mitad de precio. La diferencia es tan demoledora como reveladora: el mercado interno qued\u00f3 desprotegido y la industria local, directamente indefensa.<\/p>\n\n\n\n<p>El desplome productivo ven\u00eda mostrando se\u00f1ales. De fabricar <strong>500 a 600 lavarropas diarios<\/strong>, la planta hab\u00eda pasado a producir apenas <strong>400 unidades<\/strong> en las semanas previas. Dos semanas atr\u00e1s se hab\u00edan despedido a los trabajadores eventuales. Pese a eso, nadie imaginaba el cierre total. Ni siquiera cuando la empresa adelant\u00f3 las vacaciones al 22 de diciembre, un movimiento que hoy parece haber sido el primer paso de una retirada silenciosa.<\/p>\n\n\n\n<p>A esa situaci\u00f3n se suma el dato global: Investing report\u00f3 que Whirlpool SA, la filial brasile\u00f1a, anunci\u00f3 oficialmente el cierre de Pilar como parte de sus \u201cdirectrices estrat\u00e9gicas de eficiencia operativa y asignaci\u00f3n responsable de recursos\u201d. En otras palabras: ajuste. M\u00e1s ajuste. Otro ajuste. La receta regional que siempre se aplica sobre el eslab\u00f3n m\u00e1s d\u00e9bil: el trabajador.<\/p>\n\n\n\n<p>Tres a\u00f1os atr\u00e1s, cuando Alberto Fern\u00e1ndez visit\u00f3 la planta en 2023, Whirlpool sosten\u00eda que Argentina era su tercer mercado m\u00e1s importante de Latinoam\u00e9rica, detr\u00e1s de Brasil y M\u00e9xico. \u201cEstamos acostumbrados a la volatilidad\u201d, dec\u00eda entonces Jo\u00e3o Carlos Brega, presidente de Whirlpool Latinoam\u00e9rica. Lo que quiz\u00e1s no imaginaron es que, en un contexto donde el consumo colapsa y las importaciones se multiplican, esa volatilidad pod\u00eda convertirse directamente en un estampido empresario.<\/p>\n\n\n\n<p>Hoy, el cierre deja en evidencia un modelo industrial hecho trizas. Con una f\u00e1brica moderna, dise\u00f1ada para exportar, equipada para competir y pensada para sostener cientos de empleos, la empresa decide replegarse y dedicarse solo a importar, vender y distribuir. Una postal de \u00e9poca: en lugar de producir, traer de afuera. En lugar de crear trabajo, recortar. En lugar de apostar a la industria, refugiarse en lo comercial.<\/p>\n\n\n\n<p>Whirlpool promete continuidad comercial. Promete abastecimiento. Promete que todo seguir\u00e1 funcionando \u201ccomo siempre\u201d. Pero 220 familias saben que nada seguir\u00e1 igual. La planta de Pilar, que deb\u00eda ser un motor de desarrollo local, qued\u00f3 reducida a una estructura sin destino. Y un grupo de trabajadores, acampando en la puerta, espera una explicaci\u00f3n que, por ahora, nadie se atreve a dar.<\/p>\n\n\n\n<p>Fuente:<\/p>\n\n\n\n<p>.<a href=\"https:\/\/www.infobae.com\/economia\/2025\/11\/26\/de-manera-sorpresiva-whirlpool-cerro-su-planta-de-pilar-y-despidio-a-sus-200-trabajadores\/\">https:\/\/www.infobae.com\/economia\/2025\/11\/26\/de-manera-sorpresiva-whirlpool-cerro-su-planta-de-pilar-y-despidio-a-sus-200-trabajadores\/<\/a><\/p>\n","protected":false},"excerpt":{"rendered":"<p>La multinacional estadounidense baj\u00f3 la persiana de una f\u00e1brica inaugurada hace apenas tres a\u00f1os. La empresa culp\u00f3 a la ca\u00edda del consumo y a la avalancha importadora, mientras los trabajadores denuncian abandono, improvisaci\u00f3n y una salida sin explicaci\u00f3n coherente. El cierre sorpresivo de la planta de Whirlpool en Pilar expone, con brutal claridad, el derrumbe&#8230;<\/p>\n","protected":false},"author":11,"featured_media":11357,"comment_status":"open","ping_status":"open","sticky":false,"template":"","format":"standard","meta":{"_monsterinsights_skip_tracking":false,"_monsterinsights_sitenote_active":false,"_monsterinsights_sitenote_note":"","_monsterinsights_sitenote_category":0,"footnotes":"","jetpack_publicize_message":"","jetpack_publicize_feature_enabled":true,"jetpack_social_post_already_shared":true,"jetpack_social_options":{"image_generator_settings":{"template":"highway","default_image_id":0,"font":"","enabled":false},"version":2}},"categories":[3,4,3946],"tags":[],"class_list":["post-11356","post","type-post","status-publish","format-standard","has-post-thumbnail","hentry","category-economia","category-sociedad","category-trabajo"],"jetpack_publicize_connections":[],"_links":{"self":[{"href":"https:\/\/www.enorsai.com\/noticias\/wp-json\/wp\/v2\/posts\/11356","targetHints":{"allow":["GET"]}}],"collection":[{"href":"https:\/\/www.enorsai.com\/noticias\/wp-json\/wp\/v2\/posts"}],"about":[{"href":"https:\/\/www.enorsai.com\/noticias\/wp-json\/wp\/v2\/types\/post"}],"author":[{"embeddable":true,"href":"https:\/\/www.enorsai.com\/noticias\/wp-json\/wp\/v2\/users\/11"}],"replies":[{"embeddable":true,"href":"https:\/\/www.enorsai.com\/noticias\/wp-json\/wp\/v2\/comments?post=11356"}],"version-history":[{"count":1,"href":"https:\/\/www.enorsai.com\/noticias\/wp-json\/wp\/v2\/posts\/11356\/revisions"}],"predecessor-version":[{"id":11358,"href":"https:\/\/www.enorsai.com\/noticias\/wp-json\/wp\/v2\/posts\/11356\/revisions\/11358"}],"wp:featuredmedia":[{"embeddable":true,"href":"https:\/\/www.enorsai.com\/noticias\/wp-json\/wp\/v2\/media\/11357"}],"wp:attachment":[{"href":"https:\/\/www.enorsai.com\/noticias\/wp-json\/wp\/v2\/media?parent=11356"}],"wp:term":[{"taxonomy":"category","embeddable":true,"href":"https:\/\/www.enorsai.com\/noticias\/wp-json\/wp\/v2\/categories?post=11356"},{"taxonomy":"post_tag","embeddable":true,"href":"https:\/\/www.enorsai.com\/noticias\/wp-json\/wp\/v2\/tags?post=11356"}],"curies":[{"name":"wp","href":"https:\/\/api.w.org\/{rel}","templated":true}]}}