{"id":11341,"date":"2025-11-26T06:04:01","date_gmt":"2025-11-26T09:04:01","guid":{"rendered":"https:\/\/www.enorsai.com\/noticias\/?p=11341"},"modified":"2025-11-26T06:04:07","modified_gmt":"2025-11-26T09:04:07","slug":"tapia-rompe-con-clarin-fin-de-un-negocio-de-35-anos-y-comienzo-de-una-guerra-por-el-ascenso","status":"publish","type":"post","link":"https:\/\/www.enorsai.com\/noticias\/politica\/tapia-rompe-con-clarin-fin-de-un-negocio-de-35-anos-y-comienzo-de-una-guerra-por-el-ascenso\/","title":{"rendered":"Tapia rompe con Clar\u00edn: fin de un negocio de 35 a\u00f1os y comienzo de una guerra por el Ascenso"},"content":{"rendered":"\n<h2 class=\"wp-block-heading\"><strong>La AFA dej\u00f3 caer el contrato con Torneos y deton\u00f3 la primera gran batalla abierta con el Grupo Clar\u00edn por los derechos del Ascenso. El gigante medi\u00e1tico, que monopoliz\u00f3 durante d\u00e9cadas la televisaci\u00f3n, enfrenta su mayor p\u00e9rdida de control desde los \u201990.<\/strong><\/h2>\n\n\n\n<p>La decisi\u00f3n que anunci\u00f3 la Asociaci\u00f3n del F\u00fatbol Argentino no es un simple cambio contractual: es un golpe directo a uno de los negocios m\u00e1s estables, silenciosos y rentables que sostuvo el Grupo Clar\u00edn durante casi 35 a\u00f1os. Claudio \u201cChiqui\u201d Tapia inform\u00f3 que la AFA no renovar\u00e1 el acuerdo con Torneos y Competencias para televisar los partidos de la Primera B Nacional y la Primera B Metropolitana. La se\u00f1al hist\u00f3ricamente manejada por el holding medi\u00e1tico m\u00e1s poderoso del pa\u00eds queda, por primera vez en d\u00e9cadas, al borde de perder un negocio que construy\u00f3 a pura influencia desde 1991.<\/p>\n\n\n\n<p>Si la disputa por el ins\u00f3lito t\u00edtulo que AFA adjudic\u00f3 a Rosario Central ya hab\u00eda generado un clima de esc\u00e1ndalo, el enfrentamiento con Clar\u00edn escal\u00f3 el conflicto a otro nivel. Tapia decidi\u00f3 no solo soltarle la mano a Torneos, sino abrir p\u00fablicamente la puerta a nuevas empresas y hasta la creaci\u00f3n de una se\u00f1al propia de la AFA. Una declaraci\u00f3n de independencia audiovisual que el conglomerado medi\u00e1tico hist\u00f3ricamente resisti\u00f3.<\/p>\n\n\n\n<p>El comunicado de la AFA es elocuente: despu\u00e9s de un \u201cpormenorizado estudio\u201d, la casa madre del f\u00fatbol anunciar\u00e1 en breve si el Ascenso ser\u00e1 transmitido por una plataforma propia o si se abrir\u00e1 un proceso formal para recibir ofertas de otras compa\u00f1\u00edas interesadas. Es el final de un v\u00ednculo que parec\u00eda inquebrantable, un negocio que funcion\u00f3 durante tres d\u00e9cadas como una autopista directa entre la AFA y el poder medi\u00e1tico del Grupo Clar\u00edn.<\/p>\n\n\n\n<p>Desde la AFA justifican la decisi\u00f3n en la necesidad de \u201cmejorar los ingresos de los clubes\u201d, un argumento que sintoniza con el \u00e1nimo de las hinchadas que \u2014m\u00e1s all\u00e1 de la bronca por el t\u00edtulo de Rosario Central\u2014 reclaman transparencia y un reparto m\u00e1s justo del dinero que genera el f\u00fatbol. No es casual que Tapia eligiera este momento para cortar lazos: Clar\u00edn se subi\u00f3 sin escr\u00fapulos a la ola de indignaci\u00f3n por el campeonato adjudicado a Central, potenciando el impacto pol\u00edtico del esc\u00e1ndalo.<\/p>\n\n\n\n<p>En la AFA sienten que el holding amplific\u00f3 la crisis para desgastar a Tapia justo cuando avanzaba la decisi\u00f3n de romper el acuerdo comercial. Y esa sospecha no suena descabellada si se tiene en cuenta que las relaciones entre Clar\u00edn y la dirigencia futbolera nunca fueron ingenuas: durante d\u00e9cadas, el Ascenso fue una pieza m\u00e1s de la arquitectura de negocios que permiti\u00f3 a la se\u00f1al de Torneos mantener posiciones dominantes en la industria audiovisual.<\/p>\n\n\n\n<p>La jugada no pas\u00f3 inadvertida para Javier Milei. Despu\u00e9s del fallido intento de imponer las Sociedades An\u00f3nimas Deportivas \u2014resistencia de los clubes y desplome pol\u00edtico mediante\u2014 el Presidente se subi\u00f3 otra vez al ring del f\u00fatbol. Desde el Gobierno celebran la ruptura entre Tapia y Clar\u00edn como una oportunidad para reflotar la idea de intervenir la AFA mediante un acuerdo con Gianni Infantino, titular de la FIFA. Como siempre, filtran que la Selecci\u00f3n de Lionel Messi \u201cno ser\u00e1 afectada\u201d, un mantra repetido para evitar un esc\u00e1ndalo internacional.<\/p>\n\n\n\n<p>El mapa pol\u00edtico del f\u00fatbol argentino, entonces, se reconfigura en simult\u00e1neo con el negocio audiovisual. Y Clar\u00edn, acostumbrado a operar desde el control territorial absoluto, enfrenta un escenario in\u00e9dito: ya no tiene garantizado el manejo del Ascenso, y la AFA no descarta avanzar con nuevos actores del mercado. De hecho, aseguran que ya hubo contactos con varias empresas interesadas en quedarse con un producto que, aunque no masivo, es valioso desde lo pol\u00edtico, lo territorial y lo comercial.<\/p>\n\n\n\n<p>Si la puja por el t\u00edtulo de Rosario Central fue la chispa, lo que hay detr\u00e1s es un negocio de d\u00e9cadas que est\u00e1 dejando de ser monop\u00f3lico. Clar\u00edn juega fuerte para que nada cambie. Tapia responde que no piensa ceder. Y el Gobierno intenta colarse para disciplinar a la AFA bajo el paraguas de la FIFA.<\/p>\n\n\n\n<p>La pelea reci\u00e9n empieza, pero el dato mayor ya est\u00e1 escrito: el negocio del Ascenso dej\u00f3 de ser propiedad natural del Grupo Clar\u00edn. Y eso, para la corporaci\u00f3n que defini\u00f3 la comunicaci\u00f3n deportiva argentina desde los \u201990, es una derrota hist\u00f3rica.<\/p>\n\n\n\n<p>Fuente:<\/p>\n\n\n\n<p>.<a href=\"https:\/\/www.lapoliticaonline.com\/politica\/tapia-analiza-lanzar-una-plataforma-de-la-afa-para-la-transmision-del-ascenso-y-choca-con-clarin-3872\/\">https:\/\/www.lapoliticaonline.com\/politica\/tapia-analiza-lanzar-una-plataforma-de-la-afa-para-la-transmision-del-ascenso-y-choca-con-clarin-3872\/<\/a><\/p>\n","protected":false},"excerpt":{"rendered":"<p>La AFA dej\u00f3 caer el contrato con Torneos y deton\u00f3 la primera gran batalla abierta con el Grupo Clar\u00edn por los derechos del Ascenso. El gigante medi\u00e1tico, que monopoliz\u00f3 durante d\u00e9cadas la televisaci\u00f3n, enfrenta su mayor p\u00e9rdida de control desde los \u201990. La decisi\u00f3n que anunci\u00f3 la Asociaci\u00f3n del F\u00fatbol Argentino no es un simple&#8230;<\/p>\n","protected":false},"author":9,"featured_media":11342,"comment_status":"open","ping_status":"open","sticky":false,"template":"","format":"standard","meta":{"_monsterinsights_skip_tracking":false,"_monsterinsights_sitenote_active":false,"_monsterinsights_sitenote_note":"","_monsterinsights_sitenote_category":0,"footnotes":"","jetpack_publicize_message":"","jetpack_publicize_feature_enabled":true,"jetpack_social_post_already_shared":true,"jetpack_social_options":{"image_generator_settings":{"template":"highway","default_image_id":0,"font":"","enabled":false},"version":2}},"categories":[2],"tags":[4191,4192,809,2898,4190],"class_list":["post-11341","post","type-post","status-publish","format-standard","has-post-thumbnail","hentry","category-politica","tag-afa","tag-chiqui-tapia","tag-clarin-2","tag-grupo-clarin","tag-torneos-y-competencias"],"jetpack_publicize_connections":[],"_links":{"self":[{"href":"https:\/\/www.enorsai.com\/noticias\/wp-json\/wp\/v2\/posts\/11341","targetHints":{"allow":["GET"]}}],"collection":[{"href":"https:\/\/www.enorsai.com\/noticias\/wp-json\/wp\/v2\/posts"}],"about":[{"href":"https:\/\/www.enorsai.com\/noticias\/wp-json\/wp\/v2\/types\/post"}],"author":[{"embeddable":true,"href":"https:\/\/www.enorsai.com\/noticias\/wp-json\/wp\/v2\/users\/9"}],"replies":[{"embeddable":true,"href":"https:\/\/www.enorsai.com\/noticias\/wp-json\/wp\/v2\/comments?post=11341"}],"version-history":[{"count":1,"href":"https:\/\/www.enorsai.com\/noticias\/wp-json\/wp\/v2\/posts\/11341\/revisions"}],"predecessor-version":[{"id":11343,"href":"https:\/\/www.enorsai.com\/noticias\/wp-json\/wp\/v2\/posts\/11341\/revisions\/11343"}],"wp:featuredmedia":[{"embeddable":true,"href":"https:\/\/www.enorsai.com\/noticias\/wp-json\/wp\/v2\/media\/11342"}],"wp:attachment":[{"href":"https:\/\/www.enorsai.com\/noticias\/wp-json\/wp\/v2\/media?parent=11341"}],"wp:term":[{"taxonomy":"category","embeddable":true,"href":"https:\/\/www.enorsai.com\/noticias\/wp-json\/wp\/v2\/categories?post=11341"},{"taxonomy":"post_tag","embeddable":true,"href":"https:\/\/www.enorsai.com\/noticias\/wp-json\/wp\/v2\/tags?post=11341"}],"curies":[{"name":"wp","href":"https:\/\/api.w.org\/{rel}","templated":true}]}}