{"id":11335,"date":"2025-11-26T05:35:04","date_gmt":"2025-11-26T08:35:04","guid":{"rendered":"https:\/\/www.enorsai.com\/noticias\/?p=11335"},"modified":"2025-11-26T05:35:09","modified_gmt":"2025-11-26T08:35:09","slug":"milei-lanza-una-fuerza-anti-inmigrantes-sin-presupuesto-y-sin-plan-otro-show-represivo-de-bullrich","status":"publish","type":"post","link":"https:\/\/www.enorsai.com\/noticias\/politica\/milei-lanza-una-fuerza-anti-inmigrantes-sin-presupuesto-y-sin-plan-otro-show-represivo-de-bullrich\/","title":{"rendered":"Milei lanza una fuerza anti-inmigrantes sin presupuesto y sin plan: otro show represivo de Bullrich"},"content":{"rendered":"\n<h2 class=\"wp-block-heading\"><strong>Una nueva polic\u00eda para perseguir migrantes mientras se desfinancia la seguridad real<\/strong><\/h2>\n\n\n\n<p>La creaci\u00f3n de la Agencia Nacional de Migraciones y la flamante Polic\u00eda de Fronteras volvi\u00f3 a mostrar el mismo patr\u00f3n que atraviesa todo el esquema de seguridad del gobierno de Javier Milei: anuncios ruidosos, l\u00f3gica represiva, copia servil del modelo estadounidense y, detr\u00e1s de la puesta en escena, un vac\u00edo absoluto de normativa, recursos y planificaci\u00f3n real. Patricia Bullrich present\u00f3 la iniciativa junto a su sucesora, Alejandra Monteoliva, en un acto que funcion\u00f3 m\u00e1s como despedida que como pol\u00edtica p\u00fablica concreta, y que dej\u00f3 m\u00e1s preguntas que respuestas sobre un proyecto que trastoca la naturaleza constitucional de las migraciones y las convierte en un problema de \u201cseguridad\u201d.<\/p>\n\n\n\n<p>El mensaje que amplifica la ministra es transparente: los inmigrantes pasan a ser tratados como amenaza. Nada de integraci\u00f3n, nada de derechos, nada de lo que establece la Constituci\u00f3n al recibir \u201ca todos los hombres y mujeres de buena voluntad que quieran habitar el suelo argentino\u201d. Ahora son un enemigo a controlar, una \u201crealidad que nos sobrepasa\u201d, seg\u00fan las propias palabras de Bullrich, como si la gesti\u00f3n del Estado quedara eximida de responsabilidades cuando se trata de administrar fronteras.<\/p>\n\n\n\n<p>La jugada tiene un antecedente directo. Migraciones ya hab\u00eda sido extra\u00edda del Ministerio del Interior y colocada bajo el paraguas de Seguridad, un movimiento que el mile\u00edsmo justifica bajo la l\u00f3gica del control y que, en t\u00e9rminos pr\u00e1cticos, solo la convierte en una herramienta punitiva. No es casual: Milei replica el libreto de Donald Trump, quien mont\u00f3 su pol\u00edtica anti-inmigrante sobre la demonizaci\u00f3n de extranjeros y la ret\u00f3rica del narcotr\u00e1fico. Ese enfoque se tradujo en Estados Unidos en persecuci\u00f3n sistem\u00e1tica por parte de la ICE. En Argentina, ese paralelismo es todav\u00eda m\u00e1s absurdo: el pa\u00eds no es un mercado relevante de consumo de drogas, y los cargamentos que cruzan la regi\u00f3n tienen como destino final Europa. Pero para la Casa Rosada, repetir lo que dicta Washington es un deporte nacional.<\/p>\n\n\n\n<p>La presentaci\u00f3n de Bullrich y Monteoliva lleg\u00f3 sin un solo decreto que la respalde. No hay documentaci\u00f3n oficial, no hay precisiones sobre estructura, funciones ni formaci\u00f3n de la nueva fuerza. Nada est\u00e1 escrito y nada est\u00e1 presupuestado. La Direcci\u00f3n Nacional de Migraciones, que hasta hoy funcion\u00f3 como ente descentralizado con recursos propios, queda absorbida por Seguridad sin claridad sobre c\u00f3mo se financiar\u00e1n los nuevos organismos. Lo poco que se sabe es que ser\u00e1n dos estructuras m\u00e1s que demandar\u00e1n fondos que no existen. El presupuesto enviado al Congreso por Milei no contempla ni una l\u00ednea para la Agencia ni para la Polic\u00eda de Fronteras. Es decir, se anuncia una fuerza sin plata en un contexto en el que las cuatro fuerzas actuales \u2014Polic\u00eda Federal, Gendarmer\u00eda, Prefectura y PSA\u2014 denuncian salarios de miseria, retiros masivos y personal obligado a trabajar de chofer de aplicaci\u00f3n o de delivery para llegar a fin de mes.<\/p>\n\n\n\n<p>La paradoja es brutal: mientras se crean organismos que no pueden sostenerse, se siguen vaciando los que ya existen. Bullrich lo sabe. Ella misma desplaz\u00f3 a miles de gendarmes de su funci\u00f3n espec\u00edfica \u2014el cuidado de las fronteras\u2014 para destinarlos a tareas de represi\u00f3n interna, desde el Congreso hasta cualquier protesta social. Lo mismo ocurri\u00f3 con Prefectura, que deber\u00eda garantizar la seguridad en r\u00edos y costas, y con la Polic\u00eda Aeroportuaria. Esa estrategia deriv\u00f3 en episodios de gravedad institucional, como el paso casi libre de los responsables del triple crimen de Florencio Varela o la visita del vicepresidente de Ir\u00e1n, detectado reci\u00e9n cuando \u00e9l mismo public\u00f3 fotos en sus redes sociales. Con ese historial, la ministra pretende instalar que la soluci\u00f3n es sumar una quinta fuerza de seguridad.<\/p>\n\n\n\n<p>El problema es que ni siquiera las propias fuerzas creen en el proyecto. El rechazo interno es contundente. Integrar a efectivos de cuatro instituciones con culturas, funciones, entrenamientos y jerarqu\u00edas distintas en una nueva polic\u00eda es, seg\u00fan coinciden quienes conocen el funcionamiento real de los cuerpos, una fantas\u00eda impracticable. Los federales desconf\u00edan de los gendarmes, los prefectos tienen formaci\u00f3n naval que nada tiene que ver con La Quiaca o con un aeropuerto, los gendarmes no est\u00e1n capacitados para manejar lancha patrullera, y las relaciones operativas con las fuerzas de los pa\u00edses vecinos \u2014que requieren a\u00f1os de trabajo\u2014 quedar\u00edan desarticuladas de un d\u00eda para el otro. Armar una estructura as\u00ed no solo es t\u00e9cnicamente complejo, sino que requerir\u00eda tiempo y recursos que Milei no est\u00e1 dispuesto a poner.<\/p>\n\n\n\n<p>En el acto, Bullrich despleg\u00f3 su habitual verborragia sobre \u201ccontrol migratorio integral\u201d, \u201cmirada federal\u201d y \u201cfundamentos institucionales y jur\u00eddicos\u201d que supuestamente se replican en distintos lugares del mundo. Pero detr\u00e1s de esa nube ret\u00f3rica se esconde lo obvio: la precariedad tecnol\u00f3gica, la falta de inversi\u00f3n en los puestos fronterizos, el deterioro de la infraestructura y la ausencia de presupuesto para enfrentar un problema que la propia gesti\u00f3n gener\u00f3 al desmantelar a la Gendarmer\u00eda y Prefectura en sus funciones naturales. Aun as\u00ed, en lugar de admitir esa responsabilidad, el gobierno elige montar m\u00e1s show y anunciar una fuerza que ni existe formalmente.<\/p>\n\n\n\n<p>La escena de este martes fue eso: un espect\u00e1culo vac\u00edo. No hubo normativa, no hubo plan, no hubo financiamiento. Hubo, s\u00ed, un gesto simb\u00f3lico: el traspaso de Bullrich a Monteoliva, marcado por un \u201cyo me corro\u201d que funcion\u00f3 como cortina final antes de dejar una estructura de seguridad m\u00e1s fragmentada, m\u00e1s ideologizada y m\u00e1s enfocada en la represi\u00f3n interna que en la protecci\u00f3n real del territorio. Todo indica que el estilo continuar\u00e1: copiar el modelo estadounidense sin an\u00e1lisis propio, perseguir migrantes como atajo pol\u00edtico, desatender las fronteras, descuidar las otras fuerzas, improvisar estructuras sin presupuesto y sostener un discurso donde el ruido reemplaza a las pol\u00edticas p\u00fablicas.<\/p>\n\n\n\n<p>Argentina, un pa\u00eds construido hist\u00f3ricamente por migraciones, queda as\u00ed atrapado en un proyecto que convierte a los reci\u00e9n llegados en sospechosos, mientras destruye las capacidades estatales para enfrentar los verdaderos problemas. En nombre de la seguridad, el gobierno reafirma un camino que combina violencia institucional, desinversi\u00f3n, desprecio constitucional y una peligrosa dependencia ideol\u00f3gica respecto de un modelo extranjero que no resuelve \u2014y nunca resolvi\u00f3\u2014 las necesidades del pa\u00eds. Es el en\u00e9simo cap\u00edtulo de una gesti\u00f3n que gobierna desde el show y deja al Estado desnudo cuando m\u00e1s se lo necesita.<\/p>\n\n\n\n<p>Fuente:<\/p>\n\n\n\n<p>.<a href=\"https:\/\/www.pagina12.com.ar\/2025\/11\/26\/bullrich-presento-la-agencia-anti-inmigrantes\/\">https:\/\/www.pagina12.com.ar\/2025\/11\/26\/bullrich-presento-la-agencia-anti-inmigrantes\/<\/a><\/p>\n","protected":false},"excerpt":{"rendered":"<p>Una nueva polic\u00eda para perseguir migrantes mientras se desfinancia la seguridad real La creaci\u00f3n de la Agencia Nacional de Migraciones y la flamante Polic\u00eda de Fronteras volvi\u00f3 a mostrar el mismo patr\u00f3n que atraviesa todo el esquema de seguridad del gobierno de Javier Milei: anuncios ruidosos, l\u00f3gica represiva, copia servil del modelo estadounidense y, detr\u00e1s&#8230;<\/p>\n","protected":false},"author":11,"featured_media":11336,"comment_status":"open","ping_status":"open","sticky":false,"template":"","format":"standard","meta":{"_monsterinsights_skip_tracking":false,"_monsterinsights_sitenote_active":false,"_monsterinsights_sitenote_note":"","_monsterinsights_sitenote_category":0,"footnotes":"","jetpack_publicize_message":"","jetpack_publicize_feature_enabled":true,"jetpack_social_post_already_shared":true,"jetpack_social_options":{"image_generator_settings":{"template":"highway","default_image_id":0,"font":"","enabled":false},"version":2}},"categories":[2],"tags":[4189,106,431],"class_list":["post-11335","post","type-post","status-publish","format-standard","has-post-thumbnail","hentry","category-politica","tag-alejandra-monteoliva","tag-javier-milei","tag-patricia-bullrich"],"jetpack_publicize_connections":[],"_links":{"self":[{"href":"https:\/\/www.enorsai.com\/noticias\/wp-json\/wp\/v2\/posts\/11335","targetHints":{"allow":["GET"]}}],"collection":[{"href":"https:\/\/www.enorsai.com\/noticias\/wp-json\/wp\/v2\/posts"}],"about":[{"href":"https:\/\/www.enorsai.com\/noticias\/wp-json\/wp\/v2\/types\/post"}],"author":[{"embeddable":true,"href":"https:\/\/www.enorsai.com\/noticias\/wp-json\/wp\/v2\/users\/11"}],"replies":[{"embeddable":true,"href":"https:\/\/www.enorsai.com\/noticias\/wp-json\/wp\/v2\/comments?post=11335"}],"version-history":[{"count":1,"href":"https:\/\/www.enorsai.com\/noticias\/wp-json\/wp\/v2\/posts\/11335\/revisions"}],"predecessor-version":[{"id":11337,"href":"https:\/\/www.enorsai.com\/noticias\/wp-json\/wp\/v2\/posts\/11335\/revisions\/11337"}],"wp:featuredmedia":[{"embeddable":true,"href":"https:\/\/www.enorsai.com\/noticias\/wp-json\/wp\/v2\/media\/11336"}],"wp:attachment":[{"href":"https:\/\/www.enorsai.com\/noticias\/wp-json\/wp\/v2\/media?parent=11335"}],"wp:term":[{"taxonomy":"category","embeddable":true,"href":"https:\/\/www.enorsai.com\/noticias\/wp-json\/wp\/v2\/categories?post=11335"},{"taxonomy":"post_tag","embeddable":true,"href":"https:\/\/www.enorsai.com\/noticias\/wp-json\/wp\/v2\/tags?post=11335"}],"curies":[{"name":"wp","href":"https:\/\/api.w.org\/{rel}","templated":true}]}}