{"id":11326,"date":"2025-11-25T13:51:44","date_gmt":"2025-11-25T16:51:44","guid":{"rendered":"https:\/\/www.enorsai.com\/noticias\/?p=11326"},"modified":"2025-11-25T13:58:37","modified_gmt":"2025-11-25T16:58:37","slug":"cardini-el-funcionario-libertario-que-debio-renunciar-por-las-coimas-en-andis","status":"publish","type":"post","link":"https:\/\/www.enorsai.com\/noticias\/politica\/cardini-el-funcionario-libertario-que-debio-renunciar-por-las-coimas-en-andis\/","title":{"rendered":"Cardini: el funcionario libertario que debi\u00f3 renunciar por las coimas en ANDIS"},"content":{"rendered":"\n<p>Ingeniero industrial formado en la UBA y respaldado por figuras centrales del oficialismo como Santiago Caputo y los hermanos Neus, Cardini representaba el nexo estrat\u00e9gico entre el Estado y el sector privado. Su salida, forzada el 22 de noviembre de 2025, qued\u00f3 marcada por un allanamiento que secuestr\u00f3 US$700.000 en efectivo en el departamento que compart\u00eda con su pareja, Ornella Calvete, hija del empresario implicado Miguel \u00c1ngel Calvete. Aunque no est\u00e1 imputado, su renuncia abre interrogantes pol\u00edticos y \u00e9ticos en el coraz\u00f3n del gobierno de Javier Milei.<br><br>Javier Ignacio Cardini lleg\u00f3 al gobierno de Javier Milei como una figura t\u00e9cnica, moderna, cercana al mundo empresarial y con el aval directo de una de las usinas de poder m\u00e1s influyentes del oficialismo: el c\u00edrculo de Santiago Caputo. Su desembarco en marzo de 2024 como subsecretario de Gesti\u00f3n Productiva en la Secretar\u00eda de Industria y Comercio del Ministerio de Econom\u00eda no fue casual, sino parte de una estrategia mayor para consolidar un puente entre el Estado y las empresas en un momento en el que el gobierno promet\u00eda \u201ceficiencia privada\u201d donde antes hab\u00eda \u201cburocracia ineficiente\u201d. Su perfil acad\u00e9mico y corporativo era funcional al relato libertario: ingeniero industrial egresado de la UBA, con experiencia real en gesti\u00f3n, producci\u00f3n y reconversi\u00f3n tecnol\u00f3gica.<br><br>El curr\u00edculum de Cardini parec\u00eda calzar perfecto con esa \u00e9pica oficial. Hab\u00eda trabajado como vicepresidente de operaciones en GreenTech Science, un proyecto vinculado a biotecnolog\u00eda agr\u00edcola; hab\u00eda sido director ejecutivo de Grupo-Tek S.A. y QEV Argentina, y tambi\u00e9n director general en Calandra. Sumaba experiencia en la industria tradicional desde su paso por Cervecer\u00eda y Malter\u00eda Quilmes, donde ocup\u00f3 el rol de jefe de producci\u00f3n. Todo esto le permit\u00eda moverse con soltura en un ecosistema donde la eficiencia operativa, la cultura corporativa y la l\u00f3gica de procesos productivos eran claves. De hecho, hab\u00eda trabajado tambi\u00e9n como consultor para PyMEs industriales, lo que reforzaba la imagen de un t\u00e9cnico capaz de comprender tanto a los grandes jugadores como a los sectores m\u00e1s vulnerables de la matriz productiva.<br><br>Sin embargo, la historia que parec\u00eda n\u00edtidamente profesional comenz\u00f3 a te\u00f1irse r\u00e1pidamente de grises. Dentro del mismo Ministerio de Econom\u00eda donde ten\u00eda un rol de articulaci\u00f3n estrat\u00e9gica, Cardini fue objeto de cr\u00edticas internas por su manejo del personal. Trabajadores del \u00e1rea se\u00f1alaban decisiones que chocaban frontalmente con el discurso de respeto institucional del que se jactaba el gobierno, como recortes salariales, cambios bruscos en las condiciones laborales y despidos que \u00e9l justificaba bajo el eufemismo del \u201corden fiscal\u201d. Frases como \u201chay que achicar s\u00ed o s\u00ed, muchachos\u201d circulaban entre los pasillos, reforzando la idea de un funcionario obsesionado con mostrar resultados alineados al ajuste. Ese estilo de conducci\u00f3n gener\u00f3 malestar, pero en un esquema jerarquizado y vertical como el del equipo econ\u00f3mico libertario, pocos se atrev\u00edan a cuestionarlo.<br><br>El verdadero quiebre lleg\u00f3 el 22 de noviembre de 2025, cuando present\u00f3 su renuncia tras ser arrastrado \u2014al menos indirectamente\u2014 por el esc\u00e1ndalo de presuntas coimas en la Agencia Nacional de Discapacidad (ANDIS). Cardini no estaba entre los imputados, pero su nombre apareci\u00f3 en escuchas telef\u00f3nicas de Miguel \u00c1ngel Calvete, empresario central en la causa, quien lo mencion\u00f3 como \u201cel novio de Ornella\u201d. Esa frase, que podr\u00eda sonar anecd\u00f3tica fuera de contexto, se volvi\u00f3 un elemento explosivo cuando la Justicia confirm\u00f3 que la hija de Calvete, Ornella, no solo era parte del mismo ministerio, sino que conviv\u00eda con Cardini en un departamento que fue allanado el 9 de octubre de 2025.<br><br>Durante ese procedimiento policial, se secuestraron US$700.000 en efectivo, una cifra que dif\u00edcilmente pueda explicarse por ingresos leg\u00edtimos de funcionarios p\u00fablicos. Tambi\u00e9n se incautaron documentos y dispositivos electr\u00f3nicos que hoy forman parte de la causa. Ese hallazgo no solo amplific\u00f3 la sospecha p\u00fablica, sino que golpe\u00f3 directamente en la l\u00ednea de flotaci\u00f3n del discurso anticasta que el gobierno libertario pretend\u00eda sostener a pesar del desgaste pol\u00edtico. All\u00ed donde el oficialismo promet\u00eda transparencia absoluta, la Justicia encontr\u00f3 fajos de d\u00f3lares guardados entre pertenencias de una funcionaria y su pareja, ambos con roles en \u00e1reas sensibles del Ministerio de Econom\u00eda. La contradicci\u00f3n era demasiado evidente como para intentar disimularla.<br><br>Ante ese escenario, el ministro Luis \u201cToto\u201d Caputo \u2014que ven\u00eda intentando contener una sucesi\u00f3n de crisis internas en el gabinete econ\u00f3mico\u2014 tom\u00f3 una decisi\u00f3n pragm\u00e1tica: pidi\u00f3 la renuncia de Cardini de manera silenciosa, sin comunicados oficiales, sin conferencias de prensa y sin explicaciones p\u00fablicas. Era la \u00fanica forma de evitar que el esc\u00e1ndalo continuara creciendo y se convirtiera en una bomba m\u00e1s dentro del recorrido pol\u00edtico inestable del gobierno. El silencio fue la estrategia elegida, una estrategia que, parad\u00f3jicamente, termin\u00f3 confirmando que la situaci\u00f3n era a\u00fan m\u00e1s grave de lo que se dec\u00eda.<br><br>La renuncia previa de Ornella Calvete reforz\u00f3 la impresi\u00f3n de que el Ministerio buscaba cortar de ra\u00edz cualquier posible implicancia pol\u00edtica. Pero la distancia tomada a las apuradas no alcanz\u00f3 para despejar las dudas. La pregunta que qued\u00f3 en el aire \u2014y que sigue sin respuesta\u2014 es c\u00f3mo funcionarios que manejaban \u00e1reas sensibles, nombrados con el aval del asesor presidencial m\u00e1s influyente y socios de figuras de poder, pod\u00edan estar tan cerca de un circuito de presuntas coimas sin que nadie en el gabinete lo advirtiera antes. \u00bfFaltaban controles? \u00bfSobran complicidades? \u00bfO simplemente el discurso de transparencia era un relato dise\u00f1ado para consumo medi\u00e1tico que nunca tuvo anclaje real en la gesti\u00f3n?<br><br>El caso Cardini incomod\u00f3 al oficialismo por m\u00faltiples razones. Primero, porque fue designado gracias al respaldo directo de Santiago Caputo y de los hermanos Neus, socios del asesor presidencial en distintos negocios privados. Ese dato transforma la renuncia en un golpe interno: ya no se trata de un funcionario de tercera l\u00ednea, sino de alguien que el gobierno coloc\u00f3 estrat\u00e9gicamente para manejar la articulaci\u00f3n con el sector productivo. Segundo, porque evidencia una contradicci\u00f3n profunda entre el relato meritocr\u00e1tico-libertario y las pr\u00e1cticas reales: mientras el gobierno atacaba a trabajadores estatales, ajustaba partidas y desped\u00eda personal bajo la bandera del \u201corden fiscal\u201d, un funcionario de su propia estructura conviv\u00eda con una suma obscena de d\u00f3lares sin justificar. Tercero, porque la causa ANDIS ya ven\u00eda contaminando la imagen oficial y la renuncia de Cardini no hizo m\u00e1s que confirmar que el problema era m\u00e1s amplio de lo que se admit\u00eda p\u00fablicamente.<br><br>Tampoco ayud\u00f3 que Cardini mantuviera un perfil p\u00fablico muy bajo. Su cuenta de X, @JCardini_, apenas mostraba su cargo y alg\u00fan comunicado formal. Esa discreci\u00f3n, que en otro contexto podr\u00eda haber sido positiva, ahora actuaba como un s\u00edntoma: un funcionario clave, involucrado indirectamente en un esc\u00e1ndalo de estas dimensiones, sin una sola explicaci\u00f3n p\u00fablica, sin un descargo, sin una defensa. Y si bien no hay cargos formales en su contra, la falta de claridad o de voluntad para dar explicaciones refuerza la sospecha social. Cuando el dinero no declarado aparece entre pertenencias familiares y la pol\u00edtica se esconde en silencio, el vac\u00edo se llena solo.<br><br>El caso tambi\u00e9n habilita una lectura m\u00e1s amplia sobre el modelo de gesti\u00f3n libertario. El gobierno de Milei lleg\u00f3 al poder prometiendo una ruptura total con las pr\u00e1cticas corruptas, un ataque directo contra lo que llamaban \u201cla casta\u201d, y una administraci\u00f3n austera y transparente. Pero los hechos recientes muestran que esa promesa se convierte r\u00e1pidamente en un boomerang cuando se revelan situaciones que contradicen el relato. La renuncia de Cardini es un ejemplo claro: un funcionario que encarnaba el ideal de tecn\u00f3crata moderno termina salpicado por una causa que expone redes de poder, v\u00ednculos personales, adjudicaciones sospechosas y una cantidad de dinero que no cierra por ning\u00fan lado.<br><br>M\u00e1s all\u00e1 de la situaci\u00f3n judicial, la pregunta de fondo es qu\u00e9 tan profundo es el entramado que permiti\u00f3 que esto ocurriera. Si la causa ANDIS contin\u00faa avanzando y se confirma la existencia de un circuito de coimas, ser\u00e1 inevitable revisar no solo las responsabilidades penales, sino tambi\u00e9n las pol\u00edticas. La estructura de poder que permiti\u00f3 nombramientos estrat\u00e9gicos sin controles efectivos pone en evidencia las fragilidades institucionales de un gobierno que se presentaba como el campe\u00f3n de la transparencia. Y si la pol\u00edtica se construye en base a relatos que luego la realidad dinamita, la crisis ya no es solo administrativa, sino moral y estructural.<br><br>La salida de Cardini tambi\u00e9n deja otra ense\u00f1anza: el silencio como estrategia de contenci\u00f3n funciona solo a corto plazo. La sociedad est\u00e1 cada vez m\u00e1s atenta, los medios m\u00e1s conectados y las filtraciones m\u00e1s veloces. Intentar apagar esc\u00e1ndalos con renuncias r\u00e1pidas y comunicados inexistentes ya no alcanza. En un gobierno que se jacta de decir \u201cla verdad sin filtros\u201d, ocultar informaci\u00f3n se vuelve una forma de admitirla.<br><br>El nombre de Javier Ignacio Cardini quedar\u00e1 asociado a este episodio, incluso si nunca llega a ser imputado. Su renuncia no cierra la historia, apenas abre la puerta a nuevas preguntas que el gobierno deber\u00e1 responder, tarde o temprano. Porque lo que est\u00e1 en juego ya no es solo la transparencia de un funcionario, sino la credibilidad de un proyecto pol\u00edtico que prometi\u00f3 limpiar la pol\u00edtica y termin\u00f3 chocando con sus propias sombras.<\/p>\n\n\n\n<p><\/p>\n","protected":false},"excerpt":{"rendered":"<p>Ingeniero industrial formado en la UBA y respaldado por figuras centrales del oficialismo como Santiago Caputo y los hermanos Neus, Cardini representaba el nexo estrat\u00e9gico entre el Estado y el sector privado. Su salida, forzada el 22 de noviembre de 2025, qued\u00f3 marcada por un allanamiento que secuestr\u00f3 US$700.000 en efectivo en el departamento que&#8230;<\/p>\n","protected":false},"author":1,"featured_media":11328,"comment_status":"open","ping_status":"open","sticky":false,"template":"","format":"standard","meta":{"_monsterinsights_skip_tracking":false,"_monsterinsights_sitenote_active":false,"_monsterinsights_sitenote_note":"","_monsterinsights_sitenote_category":0,"footnotes":"","jetpack_publicize_message":"","jetpack_publicize_feature_enabled":true,"jetpack_social_post_already_shared":true,"jetpack_social_options":{"image_generator_settings":{"template":"highway","default_image_id":0,"font":"","enabled":false},"version":2}},"categories":[3947,2],"tags":[],"class_list":["post-11326","post","type-post","status-publish","format-standard","has-post-thumbnail","hentry","category-corrupcion","category-politica"],"jetpack_publicize_connections":[],"_links":{"self":[{"href":"https:\/\/www.enorsai.com\/noticias\/wp-json\/wp\/v2\/posts\/11326","targetHints":{"allow":["GET"]}}],"collection":[{"href":"https:\/\/www.enorsai.com\/noticias\/wp-json\/wp\/v2\/posts"}],"about":[{"href":"https:\/\/www.enorsai.com\/noticias\/wp-json\/wp\/v2\/types\/post"}],"author":[{"embeddable":true,"href":"https:\/\/www.enorsai.com\/noticias\/wp-json\/wp\/v2\/users\/1"}],"replies":[{"embeddable":true,"href":"https:\/\/www.enorsai.com\/noticias\/wp-json\/wp\/v2\/comments?post=11326"}],"version-history":[{"count":1,"href":"https:\/\/www.enorsai.com\/noticias\/wp-json\/wp\/v2\/posts\/11326\/revisions"}],"predecessor-version":[{"id":11327,"href":"https:\/\/www.enorsai.com\/noticias\/wp-json\/wp\/v2\/posts\/11326\/revisions\/11327"}],"wp:featuredmedia":[{"embeddable":true,"href":"https:\/\/www.enorsai.com\/noticias\/wp-json\/wp\/v2\/media\/11328"}],"wp:attachment":[{"href":"https:\/\/www.enorsai.com\/noticias\/wp-json\/wp\/v2\/media?parent=11326"}],"wp:term":[{"taxonomy":"category","embeddable":true,"href":"https:\/\/www.enorsai.com\/noticias\/wp-json\/wp\/v2\/categories?post=11326"},{"taxonomy":"post_tag","embeddable":true,"href":"https:\/\/www.enorsai.com\/noticias\/wp-json\/wp\/v2\/tags?post=11326"}],"curies":[{"name":"wp","href":"https:\/\/api.w.org\/{rel}","templated":true}]}}