{"id":11310,"date":"2025-11-25T06:39:08","date_gmt":"2025-11-25T09:39:08","guid":{"rendered":"https:\/\/www.enorsai.com\/noticias\/?p=11310"},"modified":"2025-11-25T06:47:44","modified_gmt":"2025-11-25T09:47:44","slug":"milei-habilita-seminarios-pro-represores-y-entrega-defensa-a-un-militar-hijo-de-un-genocida","status":"publish","type":"post","link":"https:\/\/www.enorsai.com\/noticias\/politica\/milei-habilita-seminarios-pro-represores-y-entrega-defensa-a-un-militar-hijo-de-un-genocida\/","title":{"rendered":"Milei habilita seminarios pro-represores y entrega Defensa a un militar hijo de un genocida"},"content":{"rendered":"\n<p>El Ministerio de Defensa qued\u00f3 bajo control de sectores que promueven la \u201cverdad completa\u201d, un eufemismo para relativizar delitos de lesa humanidad y rehabilitar el discurso de impunidad. La designaci\u00f3n de Carlos Presti, hijo de un represor emblem\u00e1tico, profundiza un giro institucional que organismos de derechos humanos califican como un retroceso hist\u00f3rico.<br><br>Los seminarios impartidos entre militares activos y en formaci\u00f3n, presentados por el gobierno de Javier Milei como iniciativas de concordia, est\u00e1n en manos de personas que militan la liberaci\u00f3n de represores condenados por cr\u00edmenes aberrantes. La llegada de Carlos Presti al Ministerio de Defensa confirma una orientaci\u00f3n negacionista que desarma pol\u00edticas clave de Memoria, Verdad y Justicia vigentes desde 1983.<br><br>El avance del negacionismo dentro del Ministerio de Defensa ya no es una sospecha ni una interpretaci\u00f3n posible: es una pol\u00edtica expl\u00edcita del gobierno de Javier Milei. Bajo la excusa de transmitir \u201cderechos humanos y verdad completa\u201d, el Ejecutivo viene promoviendo cursos que no buscan otra cosa que reinstalar un relato que diluye responsabilidades, victimiza represores y cuestiona el consenso democr\u00e1tico construido durante cuatro d\u00e9cadas. La puesta en escena de \u201ctestimonios genuinos\u201d disfrazados de pedagog\u00eda del perd\u00f3n es parte de una estrategia mayor para reconfigurar el sentido mismo del pasado reciente, forzando una reinterpretaci\u00f3n que habilita la relativizaci\u00f3n del terrorismo de Estado.<br><br>Los seminarios comenzaron bajo la conducci\u00f3n de Luis Petri, quien no solo defendi\u00f3 abiertamente la necesidad de \u201ccontar la historia completa\u201d, sino que aprovech\u00f3 su gesti\u00f3n para destruir estructuras clave. Entre sus celebraciones de gesti\u00f3n destac\u00f3 la eliminaci\u00f3n de los equipos de relevamiento documental, aquellos que aportaban evidencia fundamental a los juicios de lesa humanidad. Calific\u00f3 estos equipos como \u201cnefastos\u201d, acus\u00e1ndolos de \u201ccarpetear\u201d militares por portaci\u00f3n de apellido, un argumento calcado de los sectores que buscan desacreditar d\u00e9cadas de investigaci\u00f3n judicial meticulosa.<br><br>En marzo de 2024, Petri directamente expuls\u00f3 a los especialistas que trabajaban con archivos de las Fuerzas Armadas para contribuir con los procesos judiciales. En su lugar, design\u00f3 como asesores a Arturo Larrabure y Silvia Ibarz\u00e1bal, militantes hist\u00f3ricos de organizaciones que reclaman beneficios para represores condenados. Ambos forman parte del entramado que, desde mediados de los 2000, articula grupos como AVTA, Arpana y espacios que confluyen con la pr\u00e9dica de Cecilia Pando y la hoy vicepresidenta Victoria Villarruel. No se trata de nombres menores ni aislados: son figuras centrales del discurso de impunidad.<br><br>La propia respuesta oficial del Ministerio a P\u00e1gina\/12 es reveladora. All\u00ed se reconoce abiertamente que los seminarios se basan exclusivamente en los testimonios de Larrabure e Ibarz\u00e1bal, sin programa, sin bibliograf\u00eda y sin ning\u00fan tipo de marco acad\u00e9mico. La Direcci\u00f3n Nacional de Derechos Humanos, G\u00e9nero y Derecho Internacional Humanitario, dirigida por Joaqu\u00edn Mogaburu, lo presenta como un mensaje de perd\u00f3n \u201cdigno de destacar\u201d. Que un funcionario de Defensa afirme esto mientras acompa\u00f1a personalmente a los expositores muestra con crudeza la orientaci\u00f3n ideol\u00f3gica del ministerio.<br><br>La designaci\u00f3n de Carlos Presti al frente de la cartera no hace m\u00e1s que coronar este proceso. No es solo que se trate del primer militar en ocupar el Ministerio de Defensa en 44 a\u00f1os. El dato clave es que Presti es hijo del represor Roque Presti, jefe del Regimiento 7 de La Plata durante la dictadura, responsable de secuestros, desapariciones y asesinatos emblem\u00e1ticos. Su participaci\u00f3n en cr\u00edmenes de enorme gravedad, como la desaparici\u00f3n de estudiantes secundarios durante la Noche de los L\u00e1pices o el operativo que termin\u00f3 con el secuestro de Clara Anah\u00ed Mariani, forma parte del cat\u00e1logo m\u00e1s oscuro del terrorismo de Estado.<br><br>Presti hijo nunca se pronunci\u00f3 contra los cr\u00edmenes de su padre. Jam\u00e1s expres\u00f3 un gesto m\u00ednimo de reparaci\u00f3n o distancia \u00e9tica. Ese silencio, en un contexto de reivindicaci\u00f3n expl\u00edcita del relato de \u201cmemoria completa\u201d, es cualquier cosa menos neutro. Historias Desobedientes, el colectivo de familiares que rompi\u00f3 con la herencia militar para comprometerse con la democracia, fue categ\u00f3rico al calificarlo: \u201chijo obediente de genocida\u201d. No se trata de una frase fuerte para llamar la atenci\u00f3n, sino de una caracterizaci\u00f3n pol\u00edtica que evidencia una preocupaci\u00f3n real: su llegada a Defensa implica militarizar la pol\u00edtica p\u00fablica y reinterpretar la defensa nacional desde una l\u00f3gica que favorece la impunidad.<br><br>Resulta inquietante que este nombramiento ocurra a las puertas del 50\u00b0 aniversario del golpe de Estado de 1976. Como si el gobierno necesitara poner en escena un golpe simb\u00f3lico, un mensaje hacia adentro y hacia afuera: desmontar lo construido desde 1983 y redibujar el campo de los derechos humanos para que parezca un espacio de disputas opinables, y no de verdades judiciales establecidas con pruebas contundentes.<br><br>Dentro del Ej\u00e9rcito, Presti nunca se caracteriz\u00f3 por hablar p\u00fablicamente sobre su padre. Sin embargo, protagoniz\u00f3 varios actos de reivindicaci\u00f3n de la \u201chistoria completa\u201d, como el homenaje en Formosa a quienes defendieron el cuartel frente al intento de asalto de Montoneros. Una agenda que coincide a la perfecci\u00f3n con sectores del gobierno que buscan reinstalar una narrativa de hero\u00edsmo castrense que equipara responsabilidades, borra la diferencia entre cr\u00edmenes de Estado y delitos de organizaciones armadas y desarma el pacto democr\u00e1tico b\u00e1sico: ninguna violencia es comparable a la desaparici\u00f3n forzada, la tortura sistem\u00e1tica y el exterminio desde el aparato estatal.<br><br>El avance negacionista no ocurre en soledad. En la \u00f3rbita del ministerio se mueven con libertad figuras como Claudio Pasqualini, cruzado de la \u201cmemoria completa\u201d, o actores eclesi\u00e1sticos como el obispo castrense Santiago Olivera, defensor de represores presos. No sorprende entonces que ya se organicen misas para \u201cagradecer servicios\u201d a Petri y Patricia Bullrich, como si el desguace de pol\u00edticas de Memoria, Verdad y Justicia fuera un acto de reparaci\u00f3n para las Fuerzas Armadas.<br><br>En este clima, el discurso oficial insiste en hablar de \u201cfin de la demonizaci\u00f3n\u201d, como si la justicia argentina hubiera sido un mecanismo de venganza y no el proceso m\u00e1s s\u00f3lido de juzgamiento a represores en toda la regi\u00f3n. Lo que Milei presenta como concordia es, en realidad, un intento de reinstalar el negacionismo como pol\u00edtica de Estado. Y eso no es solo un retroceso: es un riesgo.<br><br>Estela de Carlotto lo sintetiz\u00f3 con claridad. Para ella, la llegada de Presti \u201cinicia una situaci\u00f3n de violencia en la sociedad\u201d, un eco directo del pasado que la Argentina ya conoce demasiado bien. No se necesita exagerar para entender lo que est\u00e1 en juego. Cuando el Estado minimiza los cr\u00edmenes del terrorismo de Estado, cuando habilita discursos que justifican atrocidades, cuando coloca a los hijos obedientes de genocidas en puestos claves, no est\u00e1 \u201ccontando otra versi\u00f3n\u201d de la historia: est\u00e1 poniendo en crisis el pacto democr\u00e1tico.<br><br>El gobierno de Javier Milei est\u00e1 tensando un l\u00edmite que la sociedad argentina consideraba inamovible desde 1983. La pregunta ahora es si esta ofensiva negacionista lograr\u00e1 avanzar sin resistencia, o si ser\u00e1 frenada por la memoria activa de un pa\u00eds que aprendi\u00f3 \u2014a un costo insoportable\u2014 que la impunidad siempre vuelve, y que cuando vuelve, nunca lo hace sola.<br><br>Fuente <\/p>\n\n\n\n<p>.https:\/\/www.pagina12.com.ar\/2025\/11\/25\/los-seminarios-de-verdad-completa-que-imparten-simpatizantes-de-los-represores\/<\/p>\n","protected":false},"excerpt":{"rendered":"<p>El Ministerio de Defensa qued\u00f3 bajo control de sectores que promueven la \u201cverdad completa\u201d, un eufemismo para relativizar delitos de lesa humanidad y rehabilitar el discurso de impunidad. La designaci\u00f3n de Carlos Presti, hijo de un represor emblem\u00e1tico, profundiza un giro institucional que organismos de derechos humanos califican como un retroceso hist\u00f3rico. Los seminarios impartidos&#8230;<\/p>\n","protected":false},"author":12,"featured_media":11311,"comment_status":"open","ping_status":"open","sticky":false,"template":"","format":"standard","meta":{"_monsterinsights_skip_tracking":false,"_monsterinsights_sitenote_active":false,"_monsterinsights_sitenote_note":"","_monsterinsights_sitenote_category":0,"footnotes":"","jetpack_publicize_message":"","jetpack_publicize_feature_enabled":true,"jetpack_social_post_already_shared":true,"jetpack_social_options":{"image_generator_settings":{"template":"highway","default_image_id":0,"font":"","enabled":false},"version":2}},"categories":[2],"tags":[],"class_list":["post-11310","post","type-post","status-publish","format-standard","has-post-thumbnail","hentry","category-politica"],"jetpack_publicize_connections":[],"_links":{"self":[{"href":"https:\/\/www.enorsai.com\/noticias\/wp-json\/wp\/v2\/posts\/11310","targetHints":{"allow":["GET"]}}],"collection":[{"href":"https:\/\/www.enorsai.com\/noticias\/wp-json\/wp\/v2\/posts"}],"about":[{"href":"https:\/\/www.enorsai.com\/noticias\/wp-json\/wp\/v2\/types\/post"}],"author":[{"embeddable":true,"href":"https:\/\/www.enorsai.com\/noticias\/wp-json\/wp\/v2\/users\/12"}],"replies":[{"embeddable":true,"href":"https:\/\/www.enorsai.com\/noticias\/wp-json\/wp\/v2\/comments?post=11310"}],"version-history":[{"count":1,"href":"https:\/\/www.enorsai.com\/noticias\/wp-json\/wp\/v2\/posts\/11310\/revisions"}],"predecessor-version":[{"id":11312,"href":"https:\/\/www.enorsai.com\/noticias\/wp-json\/wp\/v2\/posts\/11310\/revisions\/11312"}],"wp:featuredmedia":[{"embeddable":true,"href":"https:\/\/www.enorsai.com\/noticias\/wp-json\/wp\/v2\/media\/11311"}],"wp:attachment":[{"href":"https:\/\/www.enorsai.com\/noticias\/wp-json\/wp\/v2\/media?parent=11310"}],"wp:term":[{"taxonomy":"category","embeddable":true,"href":"https:\/\/www.enorsai.com\/noticias\/wp-json\/wp\/v2\/categories?post=11310"},{"taxonomy":"post_tag","embeddable":true,"href":"https:\/\/www.enorsai.com\/noticias\/wp-json\/wp\/v2\/tags?post=11310"}],"curies":[{"name":"wp","href":"https:\/\/api.w.org\/{rel}","templated":true}]}}