{"id":11303,"date":"2025-11-24T22:52:40","date_gmt":"2025-11-25T01:52:40","guid":{"rendered":"https:\/\/www.enorsai.com\/noticias\/?p=11303"},"modified":"2025-11-25T09:39:21","modified_gmt":"2025-11-25T12:39:21","slug":"tres-traidores-eran-radicales-asumieron-por-cambiemos-pero-se-vendieron-a-milei","status":"publish","type":"post","link":"https:\/\/www.enorsai.com\/noticias\/politica\/tres-traidores-eran-radicales-asumieron-por-cambiemos-pero-se-vendieron-a-milei\/","title":{"rendered":"Tres Traidores: Eran radicales, asumieron por Cambiemos pero se vendieron a Milei"},"content":{"rendered":"\n<p>Luis Picat, Mariano Campero y Federico Tournier llegaron al Congreso por listas de Cambiemos o Juntos por el Cambio, pero ahora responden a Javier Milei. Su pase a La Libertad Avanza consolida una estrategia basada en la cooptaci\u00f3n de tr\u00e1nsfugas para apuntalar la agenda presidencial.<br><br>Los tres diputados \u2014dos radicales formados en estructuras hist\u00f3ricas y un dirigente provincial del interior correntino\u2014 rompieron con los espacios que los llevaron a la banca para sumarse al oficialismo. Su salto, celebrado con euforia por Mart\u00edn Menem y la c\u00fapula de La Libertad Avanza, desnuda un clima pol\u00edtico en el que las lealtades partidarias se evaporan y el Congreso se convierte en un tablero de fichas que Milei mueve para consolidar poder y blindar su programa de ajuste.<br><br>La pol\u00edtica argentina atraviesa un momento extra\u00f1o, casi grotesco, en el que las identidades partidarias se disuelven con la misma rapidez con la que el oficialismo captura voluntades. La reciente incorporaci\u00f3n de Luis Picat, Mariano Campero y Federico Tournier al bloque de La Libertad Avanza es el ejemplo m\u00e1s n\u00edtido de esta din\u00e1mica que mezcla oportunismo, supervivencia y la sombra cada vez m\u00e1s larga del poder presidencial. No es casual que buena parte del electorado los se\u00f1ale con un calificativo que incomoda: traidores. Porque eso es lo que parecieran ser a los ojos de quienes los vieron asumir por Cambiemos o Juntos por el Cambio, sosteniendo banderas que abandonaron sin explicaciones profundas.<br><br>Los tres compartieron un punto de origen: llegaron al Congreso gracias a boletas opositoras al mile\u00edsmo, especialmente las lideradas por la Uni\u00f3n C\u00edvica Radical o por coaliciones donde el radicalismo ten\u00eda un peso decisivo. Luis Picat aterriz\u00f3 en Diputados por la lista de Cambiemos C\u00f3rdoba en 2021; Mariano Campero lo hizo en 2023 por Juntos por el Cambio Tucum\u00e1n, una estructura dura de la UCR; y Federico Tournier asumi\u00f3 en 2024 como reemplazo en la bancada radical dentro del frente ECO + Vamos Corrientes, una coalici\u00f3n que incluye al radicalismo correntino. No existe ninguna ambig\u00fcedad sobre qui\u00e9nes eran y qu\u00e9 representaban cuando juraron sus cargos.<br><br>Y, sin embargo, ahora celebran p\u00fablicamente su alineamiento con Javier Milei y son celebrados, con un tono casi festivo, por la c\u00fapula de La Libertad Avanza. El mensaje que oficializ\u00f3 el pase lo dej\u00f3 claro: \u201cBienvenidos @LuisPicat, @mariano_campero y @FedeTournier0 al bloque de La Libertad Avanza. Junto a @MenemMartin seguimos sumando leones para aprobar las leyes que @JMilei necesita. A partir de diciembre seremos el Congreso m\u00e1s reformista de la historia\u201d. La frase es un compendio de todo lo que preocupa: la exhibici\u00f3n del pase como un trofeo, la normalizaci\u00f3n del transfuguismo y la construcci\u00f3n expl\u00edcita de un Congreso disciplinado al Presidente, sin disenso real.<br><br>La palabra \u201ctraici\u00f3n\u201d aparece entonces como una categor\u00eda pol\u00edtica inevitable. Porque no estamos ante un debate ideol\u00f3gico profundo, ni ante una ruptura honesta con sus partidos de origen. Estamos frente a dirigentes que llegaron a la C\u00e1mara de Diputados gracias al voto de ciudadanos que apoyaron una identidad partidaria concreta \u2014Cambiemos, Juntos por el Cambio, UCR\u2014 y que ahora se entregan al oficialismo que esos mismos votantes pretend\u00edan controlar o limitar. El pase de estos legisladores no fortalece la democracia: la debilita. Rompe el contrato t\u00e1cito entre electores y representantes, un pacto b\u00e1sico seg\u00fan el cual un diputado debe responder a la plataforma con la que fue votado, no a la oportunidad coyuntural que le ofrece el poder.<br><br>Tampoco se trata de un fen\u00f3meno aislado. Desde las elecciones de octubre de 2025, cuando La Libertad Avanza obtuvo un resultado hist\u00f3rico \u2014con un 40,66% nacional y un salto de 43 a 97 diputados\u2014 el mile\u00edsmo se lanz\u00f3 a consolidar su aritm\u00e9tica parlamentaria con una t\u00e1ctica persistente: absorber radicales disidentes, provinciales sueltos y restos del PRO aliados a Patricia Bullrich. Los festeja, los exhibe, los eleva a la categor\u00eda de \u201cleones\u201d. Pero detr\u00e1s de la \u00e9pica libertaria se esconde una operaci\u00f3n pol\u00edtica m\u00e1s cruda: Milei est\u00e1 convirtiendo al Congreso en un organismo alineado verticalmente, donde la discusi\u00f3n democr\u00e1tica se reduce a la obediencia al Ejecutivo.<br><br>En este entramado, Luis Picat, un empresario cordob\u00e9s con perfil t\u00e9cnico, que se hab\u00eda desafilado de la UCR en 2024 para explorar otros espacios, aparece hoy como un engranaje bien aceitado dentro del esquema mile\u00edsta. Su pase no s\u00f3lo debilita a\u00fan m\u00e1s a un radicalismo cordob\u00e9s que ya atraviesa una crisis interna profunda, sino que da se\u00f1ales de que el oficialismo avanza territorialmente sobre provincias que antes le eran esquivas.<br><br>Mariano Campero, por su parte, representa un caso todav\u00eda m\u00e1s evidente de ruptura. Fue expulsado de la UCR en mayo de 2025 por acompa\u00f1ar leyes clave de Milei. El radicalismo tucumano lo denunci\u00f3 por priorizar su juego personal antes que la plataforma partidaria. Ahora se abraza al mile\u00edsmo con naturalidad, como si no hubiera existido contradicci\u00f3n. Su pase consolida la narrativa oficialista de que el radicalismo \u201cviejo\u201d debe transformarse o desaparecer, pero tambi\u00e9n refleja un problema m\u00e1s profundo: la dirigencia opositora parece incapaz de contener a sus propios cuadros en un contexto de crisis econ\u00f3mica y presi\u00f3n institucional.<br><br>El caso de Federico Tournier completa la ecuaci\u00f3n. Corrientes es un basti\u00f3n radical hist\u00f3rico, un territorio donde la UCR lidera desde hace d\u00e9cadas. El hecho de que un dirigente provincial electo por una coalici\u00f3n con fuerte presencia radical termine sum\u00e1ndose a La Libertad Avanza habla de un fen\u00f3meno que excede lo personal. Muestra c\u00f3mo el mile\u00edsmo ha logrado convertirse en un polo de atracci\u00f3n incluso para actores con ra\u00edces locales firmes, que ven en el oficialismo una oportunidad de supervivencia pol\u00edtica m\u00e1s inmediata que la fidelidad a la estructura que los form\u00f3.<br><br>La pregunta que subyace, inevitablemente, es: \u00bfa qui\u00e9n representan hoy Picat, Campero y Tournier? \u00bfA sus votantes o a Milei? \u00bfA los partidos que los llevaron al Congreso o al proyecto presidencial que promete reformas sin negociaci\u00f3n y un Estado reducido a su m\u00ednima expresi\u00f3n? La idea de \u201ctraici\u00f3n\u201d es inc\u00f3moda, pero adquiere densidad cuando se observa que estos pases no fueron validados por las urnas ni por procesos internos transparentes. Son decisiones individuales que, en la pr\u00e1ctica, modifican la voluntad electoral expresada en 2021, 2023 y 2024.<br><br>El problema institucional no es menor. La democracia representativa depende de que los ciudadanos sepan qu\u00e9 est\u00e1n votando. Pero si un diputado electo por la UCR termina jurando obediencia a Milei sin consultar a nadie, \u00bfqu\u00e9 queda del mandato ciudadano? El transfuguismo, en este contexto, no es s\u00f3lo un gesto personal: es un mecanismo de distorsi\u00f3n de la representaci\u00f3n. Y el oficialismo lo usa deliberadamente para construir mayor\u00edas artificiales, mientras celebra cada pase como un hito en la construcci\u00f3n del \u201cCongreso m\u00e1s reformista de la historia\u201d.<br><br>La narrativa \u00e9pica que intenta instalar La Libertad Avanza \u2014la de un movimiento que crece porque convence\u2014 no resiste el an\u00e1lisis. La mayor\u00eda de los pases provienen de partidos debilitados, fragmentados y golpeados por las consecuencias pol\u00edticas y sociales del ajuste. No estamos ante un fen\u00f3meno ideol\u00f3gico, sino ante una reconfiguraci\u00f3n de poder donde Milei ofrece centralidad y visibilidad, y muchos dirigentes aceptan por conveniencia. El costo institucional, sin embargo, es alto: la degradaci\u00f3n de la representaci\u00f3n democr\u00e1tica, la p\u00e9rdida de credibilidad de los partidos y un Congreso que se vac\u00eda de debate para convertirse en una escriban\u00eda presidencial.<br><br>En este clima, la incorporaci\u00f3n de Picat, Campero y Tournier es mucho m\u00e1s que una an\u00e9cdota. Es un s\u00edntoma de un proceso m\u00e1s amplio en el cual Milei avanza, paso a paso, hacia un modelo pol\u00edtico donde el disenso es un obst\u00e1culo y la lealtad personal se vuelve la moneda de cambio principal. Los tres diputados \u2014radicales electos por boletas que promet\u00edan otra cosa\u2014 eligieron integrarse a ese esquema. Y la sociedad tiene derecho a llamarlos como los ve: traidores a la plataforma que los llev\u00f3 al Congreso y a los votantes que confiaron en ellos.<\/p>\n","protected":false},"excerpt":{"rendered":"<p>Luis Picat, Mariano Campero y Federico Tournier llegaron al Congreso por listas de Cambiemos o Juntos por el Cambio, pero ahora responden a Javier Milei. Su pase a La Libertad Avanza consolida una estrategia basada en la cooptaci\u00f3n de tr\u00e1nsfugas para apuntalar la agenda presidencial. Los tres diputados \u2014dos radicales formados en estructuras hist\u00f3ricas y&#8230;<\/p>\n","protected":false},"author":1,"featured_media":11321,"comment_status":"open","ping_status":"open","sticky":false,"template":"","format":"standard","meta":{"_monsterinsights_skip_tracking":false,"_monsterinsights_sitenote_active":false,"_monsterinsights_sitenote_note":"","_monsterinsights_sitenote_category":0,"footnotes":"","jetpack_publicize_message":"","jetpack_publicize_feature_enabled":true,"jetpack_social_post_already_shared":true,"jetpack_social_options":{"image_generator_settings":{"template":"highway","default_image_id":0,"font":"","enabled":false},"version":2}},"categories":[2],"tags":[],"class_list":["post-11303","post","type-post","status-publish","format-standard","has-post-thumbnail","hentry","category-politica"],"jetpack_publicize_connections":[],"_links":{"self":[{"href":"https:\/\/www.enorsai.com\/noticias\/wp-json\/wp\/v2\/posts\/11303","targetHints":{"allow":["GET"]}}],"collection":[{"href":"https:\/\/www.enorsai.com\/noticias\/wp-json\/wp\/v2\/posts"}],"about":[{"href":"https:\/\/www.enorsai.com\/noticias\/wp-json\/wp\/v2\/types\/post"}],"author":[{"embeddable":true,"href":"https:\/\/www.enorsai.com\/noticias\/wp-json\/wp\/v2\/users\/1"}],"replies":[{"embeddable":true,"href":"https:\/\/www.enorsai.com\/noticias\/wp-json\/wp\/v2\/comments?post=11303"}],"version-history":[{"count":1,"href":"https:\/\/www.enorsai.com\/noticias\/wp-json\/wp\/v2\/posts\/11303\/revisions"}],"predecessor-version":[{"id":11308,"href":"https:\/\/www.enorsai.com\/noticias\/wp-json\/wp\/v2\/posts\/11303\/revisions\/11308"}],"wp:featuredmedia":[{"embeddable":true,"href":"https:\/\/www.enorsai.com\/noticias\/wp-json\/wp\/v2\/media\/11321"}],"wp:attachment":[{"href":"https:\/\/www.enorsai.com\/noticias\/wp-json\/wp\/v2\/media?parent=11303"}],"wp:term":[{"taxonomy":"category","embeddable":true,"href":"https:\/\/www.enorsai.com\/noticias\/wp-json\/wp\/v2\/categories?post=11303"},{"taxonomy":"post_tag","embeddable":true,"href":"https:\/\/www.enorsai.com\/noticias\/wp-json\/wp\/v2\/tags?post=11303"}],"curies":[{"name":"wp","href":"https:\/\/api.w.org\/{rel}","templated":true}]}}